{"id":96727,"date":"2025-11-25T22:24:11","date_gmt":"2025-11-25T22:24:11","guid":{"rendered":"https:\/\/www.europesays.com\/no\/96727\/"},"modified":"2025-11-25T22:24:11","modified_gmt":"2025-11-25T22:24:11","slug":"mdg-klima-ingrid-liland-tordnet-mot-store-og-ap-bak-lukkede-dorer-de-er-dypt-splittet","status":"publish","type":"post","link":"https:\/\/www.europesays.com\/no\/96727\/","title":{"rendered":"MDG, Klima | Ingrid Liland tordnet mot St\u00f8re og Ap bak lukkede d\u00f8rer: \u2013 De er dypt splittet"},"content":{"rendered":"\n<p>STORTINGET (Nettavisen): Ingrid Liland, som ogs\u00e5 er MDGs finanspolitiske talsperson, tok et rungende oppgj\u00f8r med Arbeiderpartiet mandag kveld.<\/p>\n<p>MDG trommet i g\u00e5r sammen sitt sentralstyre i all hast for \u00e5 diskutere partiets manglende gjennomslag i de p\u00e5g\u00e5ende budsjettforhandlingene p\u00e5 Stortinget.<\/p>\n<p>\u2013 Klimafl\u00f8yen i Arbeiderpartiet holdes fast med jerngrep, sa Liland under det lukkede m\u00f8tet if\u00f8lge Nettavisens opplysninger.<\/p>\n<p>Som Nettavisen kunne fortelle tidligere i dag, har MDG stilt fire oljekrav til Ap i forhandlingene med Ap, SV, R\u00f8dt og Sp.<\/p>\n<p>De fire er:<\/p>\n<ul>\n<li>En strategi for trygg omstilling for arbeidere i petroleumsn\u00e6ringen<\/li>\n<li>En \u00f8kning av CO2-avgiften for oljen\u00e6ringen<\/li>\n<li>Innf\u00f8ringen av en petroleumsavgift som skal finansiere klimatiltak i utviklingsland<\/li>\n<li>Letestans etter olje og gass p\u00e5 norsk sektor<\/li>\n<\/ul>\n<p><b>Les ogs\u00e5: <a href=\"https:\/\/www.nettavisen.no\/nyheter\/krf-dropper-tredeling-vil-oke-til-53-ukers-foreldrepermisjon\/s\/5-95-2745107\" rel=\"Follow nofollow noopener\" target=\"_blank\">KrF dropper tredelingen \u2013 vil \u00f8ke foreldrepermen til 53 uker<\/a><\/b><\/p>\n<p>\u2013 Dypt splittet Ap<\/p>\n<p>Det er manglende gjennomslag rundt disse fire oljepunktene som er \u00e5rsaken til at MDG i g\u00e5r innkalte til sentralstyrem\u00f8te i all hast for \u00e5 diskutere forhandlingene. Partiet krever en ny retning for norsk oljepolitikken, etter det Nettavisen kjenner til.<\/p>\n<p>I m\u00f8tet beskrev Liland utelukkende Ap \u2013 ikke Senterpartiet \u2013 som problemet for \u00e5 f\u00e5 en gr\u00f8nnere retning p\u00e5 budsjettet.<\/p>\n<p><b>P\u00e5 innsiden av forhandlinger, lobbyfest og politikk \u2013 lytt til \u00abGilbrant\/Suvatne\u00bb:<\/b><\/p>\n<p>Etter det Nettavisen blir fortalt, nekter Arbeiderpartiet \u00e5 engang begynne \u00e5 forhandle med MDG p\u00e5 de fire punktene.<\/p>\n<p>\u2013 Vi m\u00f8ter et dypt splittet Arbeiderparti, sa Ingrid Liland videre p\u00e5 sentralstyrem\u00f8tet i g\u00e5r, blir Nettavisen fortalt.<\/p>\n<p>Syntes synd p\u00e5 MDG<\/p>\n<p>Nettavisens kilder tett p\u00e5 de stadig mer betente budsjettforhandlingene forteller at Arbeiderpartiet har lagt seg p\u00e5 samme linje ovenfor SV. Flere av partiets prim\u00e6re krav blir avfeid med samme begrunnelse som MDG f\u00e5r: \u00abDette er ikke Ap-politikk\u00bb.<\/p>\n<p>Likevel sier kilder utenfor MDG at det er Liland og co. som f\u00e5r hardest unngjelde. Partiet m\u00f8ter tett p\u00e5 null gjennomslag eller godvilje hos Arbeiderpartiet i skrivende stund, blir det hevdet.<\/p>\n<p>En kilde i et annet parti gir uttrykk av \u00e5 syntes synd p\u00e5 MDG akkurat n\u00e5, s\u00e6rlig fordi partiet knyttet sin valgkamp tett opp mot Arbeiderpartiet i sommer.<\/p>\n<p>Ingrid Liland sprang selv Oslo rundt i valgkampen med en pappversjon av Jonas Gahr St\u00f8re. Hun og partiet lovet \u00e5 gj\u00f8re \u00abSt\u00f8re gr\u00f8nnere\u00bb. Valgkampmaterialet partiet delte ut slo fast at det bare var MDG som kunne f\u00e5 til dette, og partiet kom for f\u00f8rste gang over sperregrensen ved valget. Men allerede ved f\u00f8rste korsvei viser det seg alts\u00e5 vanskelig \u00e5 gj\u00f8re b\u00e5de St\u00f8re og Arbeiderpartiet merkbart gr\u00f8nnere.<\/p>\n<p><b>Les ogs\u00e5: <a href=\"https:\/\/www.nettavisen.no\/mdg\/politikk\/mdgs-hastemote-om-budsjettforhandlingene-i-gang\/s\/5-95-2745359\" rel=\"Follow nofollow noopener\" target=\"_blank\">MDGs hastem\u00f8te om budsjettforhandlingene i gang<\/a><\/b><\/p>\n<p>Utsatt frist?<\/p>\n<p>Etter planen skal budsjettforhandlingene v\u00e6re i m\u00e5l f\u00f8rstkommende s\u00f8ndag, 30. november.<\/p>\n<p>Arbeiderpartiet jobber if\u00f8lge Nettavisens opplysninger mot \u00e5 lande budsjettet allerede p\u00e5 fredag. Dette avfeies som helt urealistisk av de andre tuttifrutti-partiene.<\/p>\n<p>Flere Nettavisen snakker med tror det er sv\u00e6rt sannsynlig at partiene m\u00e5 be presidentskapet p\u00e5 L\u00f8vebakken om forsinket frist fordi man ikke blir enige innen midnatt s\u00f8ndag.<\/p>\n<p>I MDG h\u00e5per man at Arbeiderpartiets harde linje overfor partiets krav om nye takter i oljepolitikken vil mildne jo n\u00e6rmere deadline partiene kommer.<\/p>\n","protected":false},"excerpt":{"rendered":"STORTINGET (Nettavisen): Ingrid Liland, som ogs\u00e5 er MDGs finanspolitiske talsperson, tok et rungende oppgj\u00f8r med Arbeiderpartiet mandag kveld.&hellip;\n","protected":false},"author":2,"featured_media":87816,"comment_status":"","ping_status":"","sticky":false,"template":"","format":"standard","meta":{"footnotes":""},"categories":[10],"tags":[20,21,24,25,15,22,23,13,30,28,29,14,16,26,27],"class_list":{"0":"post-96727","1":"post","2":"type-post","3":"status-publish","4":"format-standard","5":"has-post-thumbnail","7":"category-norge","8":"tag-breaking-news","9":"tag-breakingnews","10":"tag-featured-news","11":"tag-featurednews","12":"tag-headlines","13":"tag-latest-news","14":"tag-latestnews","15":"tag-news","16":"tag-no","17":"tag-norge","18":"tag-norway","19":"tag-nyheter","20":"tag-overskrifter","21":"tag-top-stories","22":"tag-topstories"},"share_on_mastodon":{"url":"https:\/\/pubeurope.com\/@no\/115612684348150237","error":""},"_links":{"self":[{"href":"https:\/\/www.europesays.com\/no\/wp-json\/wp\/v2\/posts\/96727","targetHints":{"allow":["GET"]}}],"collection":[{"href":"https:\/\/www.europesays.com\/no\/wp-json\/wp\/v2\/posts"}],"about":[{"href":"https:\/\/www.europesays.com\/no\/wp-json\/wp\/v2\/types\/post"}],"author":[{"embeddable":true,"href":"https:\/\/www.europesays.com\/no\/wp-json\/wp\/v2\/users\/2"}],"replies":[{"embeddable":true,"href":"https:\/\/www.europesays.com\/no\/wp-json\/wp\/v2\/comments?post=96727"}],"version-history":[{"count":0,"href":"https:\/\/www.europesays.com\/no\/wp-json\/wp\/v2\/posts\/96727\/revisions"}],"wp:featuredmedia":[{"embeddable":true,"href":"https:\/\/www.europesays.com\/no\/wp-json\/wp\/v2\/media\/87816"}],"wp:attachment":[{"href":"https:\/\/www.europesays.com\/no\/wp-json\/wp\/v2\/media?parent=96727"}],"wp:term":[{"taxonomy":"category","embeddable":true,"href":"https:\/\/www.europesays.com\/no\/wp-json\/wp\/v2\/categories?post=96727"},{"taxonomy":"post_tag","embeddable":true,"href":"https:\/\/www.europesays.com\/no\/wp-json\/wp\/v2\/tags?post=96727"}],"curies":[{"name":"wp","href":"https:\/\/api.w.org\/{rel}","templated":true}]}}