{"id":96736,"date":"2025-11-25T22:43:07","date_gmt":"2025-11-25T22:43:07","guid":{"rendered":"https:\/\/www.europesays.com\/no\/96736\/"},"modified":"2025-11-25T22:43:07","modified_gmt":"2025-11-25T22:43:07","slug":"kunnskapsministeren-far-bygge-i-strandsonen-nrk-sorlandet-lokale-nyheter-tv-og-radio","status":"publish","type":"post","link":"https:\/\/www.europesays.com\/no\/96736\/","title":{"rendered":"Kunnskapsministeren f\u00e5r bygge i strandsonen \u2013 NRK S\u00f8rlandet \u2013 Lokale nyheter, TV og radio"},"content":{"rendered":"<p>Saken oppsummert:<\/p>\n<p>\u2022 Kunnskapsminister Kari Nessa Nordtun (Ap) og ektemannen har f\u00e5tt tillatelse til \u00e5 rive et anneks og bygge en ny hytte p\u00e5 130 kvadratmeter i strandsonen i Farsund. <br \/>\u2022 Det er generelt byggeforbud i strandsonen, og kommunedirekt\u00f8ren anbefalte avslag p\u00e5 grunn av risiko for \u00f8kt privatisering. <br \/>\u2022 Lokalpolitikerne, inkludert Frp, overpr\u00f8vde kommunedirekt\u00f8rens innstilling og godkjente bygges\u00f8knaden. <br \/>\u2022 Saken har skapt debatt, og statsviter Svein Tuastad mener den er pinlig for Arbeiderpartiet, da dette strider mot partiets politikk om \u00e5 opprettholde strandsoneforbudet. <br \/>\u2022 Juristforbundet peker p\u00e5 at regelverket for strandsoneforbudet er uklart og tolkes ulikt av kommunene, noe som f\u00f8rer til at lovgivers intensjon ikke alltid f\u00f8lges. <br \/>\u2022 Kunnskapsministeren har valgt \u00e5 ikke kommentere saken, som ogs\u00e5 har f\u00e5tt oppmerksomhet p\u00e5 grunn av hennes rolle som offentlig person.<\/p>\n<p>Oppsummeringen er laget av en KI-tjeneste fra OpenAI. Innholdet er kvalitetssikret av NRKs journalister f\u00f8r publisering.<\/p>\n<p>\u2013 S\u00e5 lenge det ikke er til hinder for andre s\u00e5 sier vi ja i slike saker.<\/p>\n<p>Det sier Ingrid Merethe Williamsen, ordf\u00f8rer (Frp) i Farsund.<\/p>\n<p><strong>Dermed f\u00e5r kunnskapsminister Kari Nessa Nordtun (Ap) og ektemannen lov til \u00e5 rive et anneks og bygge ei ny hytte p\u00e5 130 kvadratmeter 11,5 meter fra vannkanten.<\/strong><\/p>\n<p>\u2013 Det er ingen grunn til \u00e5 hausse dette opp, mener ordf\u00f8reren.<\/p>\n<p><img decoding=\"async\"   src=\"data:image\/gif;base64,R0lGODlhAQABAIAAAAAAAP\/\/\/yH5BAEAAAAALAAAAAABAAEAAAIBRAA7\" loading=\"eager\" alt=\"En person st\u00e5r p\u00e5 trappen til en gammel bygning med hvit fasade. Bygningens inngang er dekorert med detaljerte d\u00f8rer. Personen har p\u00e5 seg en jakke og bukser, med hendene i lommer. Omr\u00e5det ser ut til \u00e5 v\u00e6re i dagslys.\" title=\"Foto: Per k\u00e5re Sandbakk \/ nrk\"\/><\/p>\n<p class=\"\">\u2013 Dette er helt uproblematisk, sier Farsunds ordf\u00f8rer. <\/p>\n<p>Foto: Per k\u00e5re Sandbakk \/ nrk<\/p>\n<p>Det er et generelt byggeforbud i strandsonen.<\/p>\n<p>Kommunedirekt\u00f8ren anbefalte avslag fordi det ville \u00f8ke privatiseringen i omr\u00e5det.<\/p>\n<p><strong>Politikerne gikk imot innstillingen \u2013 og godkjente planene.<\/strong><\/p>\n<p>\u2013 Dette har ingenting \u00e5 gj\u00f8re med at hun er minister. Da s\u00f8knaden gikk gjennom i mars i \u00e5r, var det hennes svigerfar som eide stedet, fortsetter Frp-ordf\u00f8reren.<\/p>\n<p>Dagens N\u00e6ringsliv omtalte saken <a href=\"https:\/\/www.dn.no\/eiendom\/forbudt-a-bygge-i-strandsonen-ga-unntak-for-hytta-til-kunnskapsministeren\/2-1-1903977\" ec-id=\"https:\/\/www.dn.no\/eiendom\/forbudt-a-bygge-i-strandsonen-ga-unntak-for-hytta-til-kunnskapsministeren\/2-1-1903977\" ec-name=\"f\u00f8rst\" rel=\"nofollow noopener\" target=\"_blank\">f\u00f8rst<\/a>.<\/p>\n<p><img decoding=\"async\"   src=\"data:image\/gif;base64,R0lGODlhAQABAIAAAAAAAP\/\/\/yH5BAEAAAAALAAAAAABAAEAAAIBRAA7\" loading=\"eager\" alt=\"En sm\u00e5b\u00e5t med en person n\u00e6rmer seg en moderne hytte ved vannet. Hytta st\u00e5r p\u00e5 en steinete h\u00f8yde omgitt av tr\u00e6r. Vannet reflekterer himmelen og landskapet rundt. Bakgrunnen viser en klar himmel med enkelte skyer.\" title=\"Foto: Erik Tveit sivilarkitekt AS\"\/><\/p>\n<p class=\"\">Slik kommer den nyte hytta til \u00e5 se ut.<\/p>\n<p>Foto: Erik Tveit sivilarkitekt AS<\/p>\n<p>I september overf\u00f8rte han eiendommen til s\u00f8nnen, alts\u00e5 Nordtuns ektemann.<\/p>\n<p>Kunnskapsministeren \u00f8nsker ikke \u00e5 kommentere saken til NRK.<\/p>\n<p><img decoding=\"async\"   src=\"data:image\/gif;base64,R0lGODlhAQABAIAAAAAAAP\/\/\/yH5BAEAAAAALAAAAAABAAEAAAIBRAA7\" loading=\"eager\" alt=\"en person som smiler til kameraet\" title=\"Foto: H\u00e5kon Kummermo \/ NRK\"\/><\/p>\n<p class=\"\">Kunnskapsminister Kari Nessa Nordtun (Ap) vil ikke kommenterer hyttebyggingen. <\/p>\n<p>Foto: H\u00e5kon Kummermo \/ NRK<\/p>\n<p>\u2013 Det er litt pinlig<\/p>\n<p>Svein Tuastad er statsviter ved Universitetet i Stavanger, han mener saken er pinlig.<\/p>\n<p>\u2013 Det er litt pinlig for Arbeiderpartiet siden dette er imot deres egen politikk.<\/p>\n<p>Arbeiderpartiet sier i sitt program at de vil opprettholde forbudet.<\/p>\n<p>Tuastad mener likevel at det er forst\u00e5elig at det gis unntak denne gang.<\/p>\n<p>\u2013 Omr\u00e5det er jo allerede privatisert. Nordtun skal ikke straffes fordi hun er minister, men det er klart at det gir en uheldig signaleffekt.<\/p>\n<p><img decoding=\"async\"   src=\"data:image\/gif;base64,R0lGODlhAQABAIAAAAAAAP\/\/\/yH5BAEAAAAALAAAAAABAAEAAAIBRAA7\" loading=\"eager\" alt=\"Svein Erik Tuastad\" title=\"Foto: Josef Benoni Ness Tveit\"\/><\/p>\n<p class=\"\">\u2013 Dette f\u00e5r nok ingen konsekvenser for ministeren, tror Svein Tuastad, statsviter ved Universitetet i Stavanger<\/p>\n<p>Foto: Josef Benoni Ness Tveit<\/p>\n<p>Benedickte Gram-Knutsen, visepresident i Juristforbundet, sier til NRK at regelen om forbud i strandsonen ikke fungerer som den burde.<\/p>\n<p><strong>\u2013 Det er opp til hver kommune \u00e5 tolke regelverket. Det er et problem i seg selv. Lovgivers intensjon blir ikke alltid fulgt n\u00e5r dette bestemmes i kommunene.<\/strong><\/p>\n<p><img decoding=\"async\"   src=\"data:image\/gif;base64,R0lGODlhAQABAIAAAAAAAP\/\/\/yH5BAEAAAAALAAAAAABAAEAAAIBRAA7\" loading=\"eager\" alt=\"En kvinne i sort dress st\u00e5r p\u00e5 gaten, med fokusert blikk. I bakgrunnen er en travel gate med folk og butikker. Det er tr\u00e6r langs fortauet og et parkeringsskilt synlig. En annen person i beige jakke g\u00e5r i bakgrunnen.\" title=\"Foto: Anna Rut T\u00f8rressen \/ NRK Sorlandet\"\/><\/p>\n<p class=\"\">\u2013 Dette handler om folks tillit, sier Benedickte Gram-Knutsen, visepresident i Juristforbundet<\/p>\n<p>Foto: Anna Rut T\u00f8rressen \/ NRK Sorlandet<\/p>\n<p>Uenig med politikerne<\/p>\n<p>Kommunedirekt\u00f8r i Farsund St\u00e5le Kongsvik tar til etterretning at lokalpolitikerne har overpr\u00f8vd hans innstilling om \u00e5 avsl\u00e5 s\u00f8knaden til familien.<\/p>\n<p>\u2013 Politikerne har gjerne sitt skj\u00f8nn de vil anvende. Noen ganger er det slik at det vi i administrasjonen innstiller p\u00e5, ikke blir vedtatt, sier Kongsvik.<\/p>\n<p><img decoding=\"async\"   src=\"data:image\/gif;base64,R0lGODlhAQABAIAAAAAAAP\/\/\/yH5BAEAAAAALAAAAAABAAEAAAIBRAA7\" loading=\"eager\" alt=\"St\u00e5le M. Kongsvik\" title=\"Foto: Svein Sundsdal\"\/><\/p>\n<p class=\"\">Kommunedirekt\u00f8r i Farsund St\u00e5le Kongsvik er uenig i politikernes vedtak.<\/p>\n<p>Foto: Svein Sundsdal<\/p>\n<p>Publisert<\/p>\n<p>25.11.2025, kl. 21.59<\/p>\n<p>Oppdatert<\/p>\n<p>25.11.2025, kl. 22.54<\/p>\n","protected":false},"excerpt":{"rendered":"Saken oppsummert: \u2022 Kunnskapsminister Kari Nessa Nordtun (Ap) og ektemannen har f\u00e5tt tillatelse til \u00e5 rive et anneks&hellip;\n","protected":false},"author":2,"featured_media":96737,"comment_status":"","ping_status":"","sticky":false,"template":"","format":"standard","meta":{"footnotes":""},"categories":[10],"tags":[20,21,24,25,15,22,23,13,30,28,29,14,16,26,27],"class_list":{"0":"post-96736","1":"post","2":"type-post","3":"status-publish","4":"format-standard","5":"has-post-thumbnail","7":"category-norge","8":"tag-breaking-news","9":"tag-breakingnews","10":"tag-featured-news","11":"tag-featurednews","12":"tag-headlines","13":"tag-latest-news","14":"tag-latestnews","15":"tag-news","16":"tag-no","17":"tag-norge","18":"tag-norway","19":"tag-nyheter","20":"tag-overskrifter","21":"tag-top-stories","22":"tag-topstories"},"share_on_mastodon":{"url":"https:\/\/pubeurope.com\/@no\/115612759065597894","error":""},"_links":{"self":[{"href":"https:\/\/www.europesays.com\/no\/wp-json\/wp\/v2\/posts\/96736","targetHints":{"allow":["GET"]}}],"collection":[{"href":"https:\/\/www.europesays.com\/no\/wp-json\/wp\/v2\/posts"}],"about":[{"href":"https:\/\/www.europesays.com\/no\/wp-json\/wp\/v2\/types\/post"}],"author":[{"embeddable":true,"href":"https:\/\/www.europesays.com\/no\/wp-json\/wp\/v2\/users\/2"}],"replies":[{"embeddable":true,"href":"https:\/\/www.europesays.com\/no\/wp-json\/wp\/v2\/comments?post=96736"}],"version-history":[{"count":0,"href":"https:\/\/www.europesays.com\/no\/wp-json\/wp\/v2\/posts\/96736\/revisions"}],"wp:featuredmedia":[{"embeddable":true,"href":"https:\/\/www.europesays.com\/no\/wp-json\/wp\/v2\/media\/96737"}],"wp:attachment":[{"href":"https:\/\/www.europesays.com\/no\/wp-json\/wp\/v2\/media?parent=96736"}],"wp:term":[{"taxonomy":"category","embeddable":true,"href":"https:\/\/www.europesays.com\/no\/wp-json\/wp\/v2\/categories?post=96736"},{"taxonomy":"post_tag","embeddable":true,"href":"https:\/\/www.europesays.com\/no\/wp-json\/wp\/v2\/tags?post=96736"}],"curies":[{"name":"wp","href":"https:\/\/api.w.org\/{rel}","templated":true}]}}