{"id":96742,"date":"2025-11-25T22:57:08","date_gmt":"2025-11-25T22:57:08","guid":{"rendered":"https:\/\/www.europesays.com\/no\/96742\/"},"modified":"2025-11-25T22:57:08","modified_gmt":"2025-11-25T22:57:08","slug":"trafikk-gulskogen-mann-omkom-etter-ulykke","status":"publish","type":"post","link":"https:\/\/www.europesays.com\/no\/96742\/","title":{"rendered":"Trafikk, Gulskogen | Mann omkom etter ulykke"},"content":{"rendered":"\n<p><b>GULSKOGEN:<\/b> N\u00f8detatene rykket mandag kveld ut til Str\u00f8msgodset meninghetssenter med flere ressurser etter \u00e5 ha f\u00e5tt <a href=\"https:\/\/www.dt.no\/bil-pa-taket\/s\/5-57-2741452\" rel=\"Follow nofollow noopener\" target=\"_blank\">melding om en trafikkulykke<\/a>.<\/p>\n<p>En bil hadde havnet p\u00e5 taket og n\u00f8detatene jobbet innledningsvis med \u00e5 f\u00e5 f\u00f8reren ut av bilen.<\/p>\n<p>F\u00f8reren, en mann i 80-\u00e5rene, ble fraktet til sykehus.<\/p>\n<p><b>Tirsdag kveld opplyser politiets operasjonsleder Jan Tore Gregersen at mannen er bekreftet omkommet.<\/b><\/p>\n<p>\u2013 Vi fikk melding sent mandag kveld om at han dessverre var omkommet, sier Gregersen til Drammens Tidende.<\/p>\n<p><b>Operasjonslederen opplyser at de p\u00e5r\u00f8rende er varslet om d\u00f8dsfallet.<\/b><\/p>\n<p>Etterforsker<\/p>\n<p>F\u00f8reren var alene i bilen da ulykken skjedde. Gregersen fortalte mandag kveld at bilen skal ha kantret og landet p\u00e5 taket etter \u00e5 ha truffet en stein.<\/p>\n<p>N\u00f8detatene rykket ut til ulykken med flere enheter. Politiet var p\u00e5 stedet med fire biler, samt at to brannbiler, \u00e9n ambulanse og en legevaktbil rykket ut til ulykken.<\/p>\n<p><b>Politiet har opprettet sak p\u00e5 hendelsen og etterforsker saken videre.<\/b><\/p>\n","protected":false},"excerpt":{"rendered":"GULSKOGEN: N\u00f8detatene rykket mandag kveld ut til Str\u00f8msgodset meninghetssenter med flere ressurser etter \u00e5 ha f\u00e5tt melding om&hellip;\n","protected":false},"author":2,"featured_media":96743,"comment_status":"","ping_status":"","sticky":false,"template":"","format":"standard","meta":{"footnotes":""},"categories":[10],"tags":[36,20,21,24,25,11091,15,22,23,13,30,28,29,447,14,16,1510,26,27,224],"class_list":{"0":"post-96742","1":"post","2":"type-post","3":"status-publish","4":"format-standard","5":"has-post-thumbnail","7":"category-norge","8":"tag-art","9":"tag-breaking-news","10":"tag-breakingnews","11":"tag-featured-news","12":"tag-featurednews","13":"tag-gulskogen","14":"tag-headlines","15":"tag-latest-news","16":"tag-latestnews","17":"tag-news","18":"tag-no","19":"tag-norge","20":"tag-norway","21":"tag-nyhet","22":"tag-nyheter","23":"tag-overskrifter","24":"tag-story","25":"tag-top-stories","26":"tag-topstories","27":"tag-trafikk"},"share_on_mastodon":{"url":"https:\/\/pubeurope.com\/@no\/115612814215404812","error":""},"_links":{"self":[{"href":"https:\/\/www.europesays.com\/no\/wp-json\/wp\/v2\/posts\/96742","targetHints":{"allow":["GET"]}}],"collection":[{"href":"https:\/\/www.europesays.com\/no\/wp-json\/wp\/v2\/posts"}],"about":[{"href":"https:\/\/www.europesays.com\/no\/wp-json\/wp\/v2\/types\/post"}],"author":[{"embeddable":true,"href":"https:\/\/www.europesays.com\/no\/wp-json\/wp\/v2\/users\/2"}],"replies":[{"embeddable":true,"href":"https:\/\/www.europesays.com\/no\/wp-json\/wp\/v2\/comments?post=96742"}],"version-history":[{"count":0,"href":"https:\/\/www.europesays.com\/no\/wp-json\/wp\/v2\/posts\/96742\/revisions"}],"wp:featuredmedia":[{"embeddable":true,"href":"https:\/\/www.europesays.com\/no\/wp-json\/wp\/v2\/media\/96743"}],"wp:attachment":[{"href":"https:\/\/www.europesays.com\/no\/wp-json\/wp\/v2\/media?parent=96742"}],"wp:term":[{"taxonomy":"category","embeddable":true,"href":"https:\/\/www.europesays.com\/no\/wp-json\/wp\/v2\/categories?post=96742"},{"taxonomy":"post_tag","embeddable":true,"href":"https:\/\/www.europesays.com\/no\/wp-json\/wp\/v2\/tags?post=96742"}],"curies":[{"name":"wp","href":"https:\/\/api.w.org\/{rel}","templated":true}]}}