{"id":96762,"date":"2025-11-25T23:13:18","date_gmt":"2025-11-25T23:13:18","guid":{"rendered":"https:\/\/www.europesays.com\/no\/96762\/"},"modified":"2025-11-25T23:13:18","modified_gmt":"2025-11-25T23:13:18","slug":"camilla-herrem-karet-til-arets-forbilde","status":"publish","type":"post","link":"https:\/\/www.europesays.com\/no\/96762\/","title":{"rendered":"Camilla Herrem k\u00e5ret til \u00ab\u00c5rets forbilde\u00bb"},"content":{"rendered":"<p>Tirsdag kveld gikk \u00e5rets KK-galla av stabelen p\u00e5 Grand Hotel i Oslo.<\/p>\n<p>Ikke bare var det duket for en kveld prydet av glitter og glamour \u2013 flere priser skulle ogs\u00e5 deles ut for anledningen.<\/p>\n<p class=\"bold m-bold\" data-lab-font_weight=\"bold\">Og prisen for \u00ab\u00c5rets forbilde\u00bb var det h\u00e5ndballstjernen Camilla Herrem (39) som vant.<\/p>\n<p class=\"italic m-italic\" data-lab-font_weight=\"\" data-lab-italic=\"italic\">Se de andre prisvinnerne lenger ned i saken.<\/p>\n<p>\u2013 Hadde jo aldri trodd<\/p>\n<p>I juni fikk 39-\u00e5ringen livet snudd opp ned da hun fikk den <a href=\"https:\/\/www.tv2.no\/spesialer\/sport\/camilla-herrem-brystkreft\" target=\"_blank\" rel=\"nofollow noopener\">nedsl\u00e5ende beskjeden<\/a> om at hun hadde f\u00e5tt brystkreft.<\/p>\n<p>Etter den f\u00f8rste runden med cellegiftbehandling var det bare noen dager igjen til seriestart for Herrem og Sola H\u00e5ndballklubb. Da ventet ogs\u00e5 en ny runde med behandling.<\/p>\n<p>        <img class=\"image__img lazyload\" itemprop=\"image\" title=\"Foto: Sara Aar\u00f8en Lien \/ TV 2\" alt=\"P\u00c5 BANEN: Herrem har spilt flere kamper for Sola HK gjennom h\u00f8sten. Foto: Sara Aar\u00f8en Lien \/ TV 2\" width=\"978\" height=\"551\" bad-src=\"https:\/\/www.europesays.com\/no\/wp-content\/uploads\/2025\/11\/18073465.webp\" fetchpriority=\"auto\" \/><\/p>\n<p>      P\u00c5 BANEN: Herrem har spilt flere kamper for Sola HK gjennom h\u00f8sten.<br \/>\n         Foto: Sara Aar\u00f8en Lien \/ TV 2<\/p>\n<p> \u2013 Jeg hadde jo aldri trodd at jeg skulle snakke om \u00e5 v\u00e6re klar til seriestart, sa hun til TV 2 i et <a href=\"https:\/\/www.tv2.no\/spesialer\/sport\/camilla-herrem-brystkreft\" target=\"_blank\" rel=\"nofollow noopener\">lengre intervju<\/a> i august.<\/p>\n<p class=\"bold m-bold\" data-lab-font_weight=\"bold\">Den 31. august spilte hun for Sola under serie\u00e5pningen mot Oppsal:<\/p>\n<p> \u2013 Alle har sin egen historie. Alle kjenner ting p\u00e5 forskjellige m\u00e5ter. Jeg m\u00e5 gj\u00f8re det som er rett for meg. Om det kjennes fint \u00e5 v\u00e6re p\u00e5 den banen og spille kamp, og s\u00e5 lenge kroppen min responderer bra, s\u00e5 gj\u00f8r jeg det, sa hun til TV 2 den gang.<\/p>\n<p>Og da TV 2 m\u00f8tte Herrem p\u00e5 l\u00f8peren f\u00f8r utdelingen, fortalte hun at det fortsatt g\u00e5r bra med kroppen:<\/p>\n<p>\u2013 Det gj\u00f8r det, heldigvis har det g\u00e5tt skikkelig bra, sier hun.<\/p>\n<p>Se hvem som vant priser:<\/p>\n<p class=\"bold m-bold\" data-lab-font_weight=\"bold\">\u00ab\u00c5rets \u00c6respris\u00bb: Sissel Kyrkjeb\u00f8 (56)<\/p>\n<p>        <img class=\"image__img lazyload\" itemprop=\"image\" title=\"Foto: Agnes Mogstad \/ TV 2\" alt=\"LANDSKAMP: Sissel Kyrkjeb\u00f8 \u00e5pnet ballet p\u00e5 Ullev\u00e5l stadion da det norske landslaget slo Estland 4-1. Foto: Agnes Mogstad \/ TV 2\" width=\"675\" height=\"379\" bad-src=\"https:\/\/www.europesays.com\/no\/wp-content\/uploads\/2025\/11\/18322105.webp\" fetchpriority=\"auto\" \/><\/p>\n<p>      LANDSKAMP: Sissel Kyrkjeb\u00f8 \u00e5pnet ballet p\u00e5 Ullev\u00e5l stadion da det norske landslaget slo Estland 4-1.<br \/>\n         Foto: Agnes Mogstad \/ TV 2<\/p>\n<p>Sangerinnen, som for mange kjent som stemmen i OL-sangen \u00abSe ilden lyse\u00bb fra Lillehammer i 1994, er en av Norges mest anerkjente artister.\u00a0<\/p>\n<p>Nylig sang hun ogs\u00e5 nasjonalsangen foran et fullsatt Ullev\u00e5l Stadion da Norge m\u00f8tte Estland p\u00e5 hjemmebane i VM-kvalifiseringen.<\/p>\n<p class=\"bold m-bold\" data-lab-font_weight=\"bold\">\u00ab\u00c5rets inspirator\u00bb: Lise Karlsnes (45)<\/p>\n<p>        <img class=\"image__img lazyload\" itemprop=\"image\" title=\"Foto: Ingvild Gjerdsj\u00f8 \/ TV 2\" alt=\"ELLE-GALLAEN: Karlsnes var ogs\u00e5 \u00e5 se p\u00e5 l\u00f8peren under \u00e5rets ELLE-galla. Foto: Ingvild Gjerdsj\u00f8 \/ TV 2\" width=\"675\" height=\"379\" bad-src=\"https:\/\/www.europesays.com\/no\/wp-content\/uploads\/2025\/11\/18322110.webp\" fetchpriority=\"auto\" \/><\/p>\n<p>      ELLE-GALLAEN: Karlsnes var ogs\u00e5 \u00e5 se p\u00e5 l\u00f8peren under \u00e5rets ELLE-galla.<br \/>\n         Foto: Ingvild Gjerdsj\u00f8 \/ TV 2<\/p>\n<p>Artisten er en del av gruppen \u00abBriskeby\u00bb og har ogs\u00e5 en solo-karriere. Noen har ogs\u00e5 kanskje sett henne i filmen \u00abB\u00f8rning 2\u00bb.<\/p>\n<p class=\"bold m-bold\" data-lab-font_weight=\"bold\">\u00ab\u00c5rets pionerer\u00bb: Celine Aagard (49)<\/p>\n<p>        <img class=\"image__img lazyload\" itemprop=\"image\" title=\"Foto: Ingvild Gjerdsj\u00f8 \/ TV 2\" alt=\"VANT: Celine Aagards (til h\u00f8yre) klesmerke vant pris ogs\u00e5 under \u00e5rets ELLE-galla. Foto: Ingvild Gjerdsj\u00f8 \/ TV 2\" width=\"675\" height=\"379\" bad-src=\"https:\/\/www.europesays.com\/no\/wp-content\/uploads\/2025\/11\/18322129.webp\" fetchpriority=\"auto\" \/><\/p>\n<p>      VANT: Celine Aagards (til h\u00f8yre) klesmerke vant pris ogs\u00e5 under \u00e5rets ELLE-galla.<br \/>\n         Foto: Ingvild Gjerdsj\u00f8 \/ TV 2<\/p>\n<p>49-\u00e5ringen har gjort stor suksess med sitt eget klesmerke \u00abENVELOPE1976\u00bb, som ogs\u00e5 vant prisen for \u00ab\u00c5rets brand\u00bb p\u00e5 ELLE-gallaen tidligere i h\u00f8st.<\/p>\n<p class=\"bold m-bold\" data-lab-font_weight=\"bold\">\u00ab\u00c5rets stemme\u00bb: Rima Iraki (43)<\/p>\n<p>        <img class=\"image__img lazyload\" itemprop=\"image\" title=\"Foto: Agnes Mogstad \/ TV 2\" alt=\"FORFATTER: Rima Iraki valgte \u00e5 prioritere sitt eget bokprosjekt tidligere i \u00e5r. Foto: Agnes Mogstad \/ TV 2\" width=\"978\" height=\"551\" bad-src=\"https:\/\/www.europesays.com\/no\/wp-content\/uploads\/2025\/11\/18196143.webp\" fetchpriority=\"auto\" \/><\/p>\n<p>      FORFATTER: Rima Iraki valgte \u00e5 prioritere sitt eget bokprosjekt tidligere i \u00e5r.<br \/>\n         Foto: Agnes Mogstad \/ TV 2<\/p>\n<p>Iraki er journalist og programleder, og har v\u00e6rt ansatt i NRK i 15 \u00e5r. I august sluttet hun som samfunnsredakt\u00f8r i Romerikes Blad for \u00e5 prioritere et bokprosjekt som hun \u00f8nsker \u00e5 fullf\u00f8re.<\/p>\n<p class=\"bold m-bold\" data-lab-font_weight=\"bold\">\u00ab\u00c5rets stjerneskudd\u00bb: Fr\u00f8ya Sjurs\u00e6ther (19)<\/p>\n<p>        <img class=\"image__img lazyload\" itemprop=\"image\" title=\"Foto: Ditlev Eidsmo \/ TV 2\" alt=\"HISTORISK: 19-\u00e5ringen ble den yngste representanten p\u00e5 Stortinget noen gang. Foto: Ditlev Eidsmo \/ TV 2\" width=\"978\" height=\"551\" bad-src=\"https:\/\/www.europesays.com\/no\/wp-content\/uploads\/2025\/11\/18322184.webp\" fetchpriority=\"auto\" \/><\/p>\n<p>      HISTORISK: 19-\u00e5ringen ble den yngste representanten p\u00e5 Stortinget noen gang.<br \/>\n         Foto: Ditlev Eidsmo \/ TV 2<\/p>\n<p>Under \u00e5rets Stortingsvalg kom MDG-politikeren inn p\u00e5 Stortinget som tidenes yngste representant.<\/p>\n","protected":false},"excerpt":{"rendered":"Tirsdag kveld gikk \u00e5rets KK-galla av stabelen p\u00e5 Grand Hotel i Oslo. Ikke bare var det duket for&hellip;\n","protected":false},"author":2,"featured_media":96763,"comment_status":"","ping_status":"","sticky":false,"template":"","format":"standard","meta":{"footnotes":""},"categories":[59],"tags":[30,28,29,83,82],"class_list":{"0":"post-96762","1":"post","2":"type-post","3":"status-publish","4":"format-standard","5":"has-post-thumbnail","7":"category-sport","8":"tag-no","9":"tag-norge","10":"tag-norway","11":"tag-sport","12":"tag-sports"},"share_on_mastodon":{"url":"https:\/\/pubeurope.com\/@no\/115612876992483264","error":""},"_links":{"self":[{"href":"https:\/\/www.europesays.com\/no\/wp-json\/wp\/v2\/posts\/96762","targetHints":{"allow":["GET"]}}],"collection":[{"href":"https:\/\/www.europesays.com\/no\/wp-json\/wp\/v2\/posts"}],"about":[{"href":"https:\/\/www.europesays.com\/no\/wp-json\/wp\/v2\/types\/post"}],"author":[{"embeddable":true,"href":"https:\/\/www.europesays.com\/no\/wp-json\/wp\/v2\/users\/2"}],"replies":[{"embeddable":true,"href":"https:\/\/www.europesays.com\/no\/wp-json\/wp\/v2\/comments?post=96762"}],"version-history":[{"count":0,"href":"https:\/\/www.europesays.com\/no\/wp-json\/wp\/v2\/posts\/96762\/revisions"}],"wp:featuredmedia":[{"embeddable":true,"href":"https:\/\/www.europesays.com\/no\/wp-json\/wp\/v2\/media\/96763"}],"wp:attachment":[{"href":"https:\/\/www.europesays.com\/no\/wp-json\/wp\/v2\/media?parent=96762"}],"wp:term":[{"taxonomy":"category","embeddable":true,"href":"https:\/\/www.europesays.com\/no\/wp-json\/wp\/v2\/categories?post=96762"},{"taxonomy":"post_tag","embeddable":true,"href":"https:\/\/www.europesays.com\/no\/wp-json\/wp\/v2\/tags?post=96762"}],"curies":[{"name":"wp","href":"https:\/\/api.w.org\/{rel}","templated":true}]}}