{"id":96768,"date":"2025-11-25T23:26:11","date_gmt":"2025-11-25T23:26:11","guid":{"rendered":"https:\/\/www.europesays.com\/no\/96768\/"},"modified":"2025-11-25T23:26:11","modified_gmt":"2025-11-25T23:26:11","slug":"debatten-debatt-dette-er-svaert-ubehagelig-for-flere-enn-150-personer","status":"publish","type":"post","link":"https:\/\/www.europesays.com\/no\/96768\/","title":{"rendered":"Debatten, Debatt | Dette er sv\u00e6rt ubehagelig for flere enn 150 personer"},"content":{"rendered":"\n<p>I skrivende \u00f8yeblikk tikker det ut beskjeder til over 150 personer i Innlandet. Budskapet? Deres h\u00f8yst personlige informasjon har havnet p\u00e5 avveie \u2013 og hovedsakelig lekket direkte til media via Statsforvalterens egne systemer.<\/p>\n<p>Dette er en skandale og det er bare begynnelsen. Antallet ber\u00f8rte vil \u00f8ke, ikke bare her i Innlandet, men over hele landet.<\/p>\n<p>N\u00e5r privatpersoner, eller journalister har bedt om innsyn i saker, har de f\u00e5tt saksdokumenter hvor det har v\u00e6rt mulig \u00e5 finne p\u00e5 navnet og f\u00f8dselsnummeret p\u00e5 den saken gjelder. Det er ikke rart om mange n\u00e5 frykter hva media har f\u00e5tt greie p\u00e5. Spesielt p\u00e5 et mindre sted der innbyggerne m\u00f8ter lokaljournalisten p\u00e5 butikken kan det kjennes sv\u00e6rt ubehagelig.<\/p>\n<p>Statsforvalteren vil p\u00e5 n\u00e5v\u00e6rende tidspunkt ikke si mer enn at sakene tilh\u00f8rer mange sektorer. Men saker som har behov for sladding tilh\u00f8rer ofte sektorer som utdanning, barnevern og helse. Det er ofte saker som omhandler enkeltpersoner og er sensitive.<\/p>\n<p>Det er ikke bare i Innlandet krisen er et faktum. Kartleggingen i helgen viser s\u00e5 langt at samme feil har skjedd i seks av landets ti statsadvokatembeter. Dette er en nasjonal tillitsskandale for hele statsforvalterembetet.<\/p>\n<p>Personsensitiv informasjon er p\u00e5 avveie. Informasjon jeg, du, naboen eller noen i familien har delt med Statsforvalteren fordi det er en instans vi er n\u00f8dt til \u00e5 ha tillit til. Et statlig organ vi forventer skal ha rutiner og profesjonalitet til \u00e5 ha tekniske systemer som forhindrer at fakta om livene v\u00e5re ikke kommer p\u00e5 avveie.<\/p>\n<p>Statsforvalteren kan enn\u00e5 ikke si noe om hvordan og hvor feilen har oppst\u00e5tt. Dette er mer enn en \u00abteknisk feil\u00bb. Statsforvalteren er selve statens ansikt utad, en n\u00f8kkelakt\u00f8r for kommuner og innbyggere. N\u00e5r det svikter p\u00e5 et s\u00e5 grunnleggende punkt som personsikkerhet, ryster det tilliten til hele systemet.<\/p>\n<p>Det er en mager tr\u00f8st at kartleggingen s\u00e5 langt viser at mellom 90 og 95 prosent av sakene har havnet i hendene p\u00e5 journalister. For det f\u00f8rste er det ikke opplagt at journalisten eller mediehuset har oppdaget at informasjonen ligger i dokumentet, for det andre er media vant til og har regler for hvordan personsensitiv informasjon skal h\u00e5ndteres. Slikt sett er informasjonen i tryggere hender enn de ber\u00f8rte selv kan f\u00f8le.<\/p>\n<p>Statsforvalteren i Innlandet har heldigvis opprettet en kontakttelefon for alle dem som n\u00e5 har sp\u00f8rsm\u00e5l. Samtidig fortsetter kartleggingen over hele landet. For alle dem som n\u00e5 frykter at deres sak har havnet i hendene p\u00e5 en journalist, er det avgj\u00f8rende at statsforvalterne finner ut av omfanget raskt.<\/p>\n<p>De ber\u00f8rte m\u00e5 trygges og vi m\u00e5 f\u00e5 vite hvordan denne feilen kunne skje. Deretter m\u00e5 staten selvf\u00f8lgelig s\u00f8rge for at det aldri skjer igjen.<\/p>\n<p>L\u00f8fter vi blikket, ser vi at staten er i to massive tillitskriser denne h\u00f8sten. F\u00f8rst kommer nyheten om at NAV har utbetalt milliarder uten tilstrekkelig fakturakontroll og intern sikkerhet. N\u00e5 ser vi at Statsforvalteren mangler kontroll over dokumentflyten.<\/p>\n<p>Det vi er vitne til er en nasjonal kontrollkrise i statlig sektor. NAV har manglet kontroll over pengene. Statsforvalteren mangler kontroll over dataene. Systemene som skal v\u00e6re bunnsolide, viser seg \u00e5 ha hull som aldri skulle v\u00e6rt der.<\/p>\n<p>Folks tillit er ikke en uendelig ressurs. Den lekker ut, i takt med offentlige skandaler.<\/p>\n<p>  <a href=\"https:\/\/www.gd.no\/5-18-2409443\" class=\"related-teaser has-image default-story-teaser article--c-eRUmMG article--c-eRUmMG-jKCPdD-design-default\" rel=\"nofollow noopener\" target=\"_blank\"><\/p>\n<p>    <img decoding=\"async\" loading=\"lazy\"  src=\"https:\/\/www.europesays.com\/no\/wp-content\/uploads\/2025\/11\/IMG_8217+%282%29.jpg\" alt=\"\" class=\"brick-c-cFOWSL\" style=\"\"\/><\/p>\n<p>\n            Les ogs\u00e5<\/p>\n<p>              GD avsl\u00f8rer: Statsforvalteren sendte ut sensitiv informasjon \u2013 Datatilsynet varslet\n        <\/p>\n<p>  <\/a><\/p>\n<p>  <a href=\"https:\/\/www.gd.no\/5-18-2409671\" class=\"related-teaser has-image default-story-teaser article--c-eRUmMG article--c-eRUmMG-jKCPdD-design-default\" rel=\"nofollow noopener\" target=\"_blank\"><\/p>\n<p>    <img decoding=\"async\" loading=\"lazy\"  src=\"https:\/\/www.europesays.com\/no\/wp-content\/uploads\/2025\/11\/1764113171_653_20251125_130109.jpg\" alt=\"\" class=\"brick-c-cFOWSL\" style=\"\"\/><\/p>\n<p>\n            Les ogs\u00e5<\/p>\n<p>              Forventar at det blir rydda opp: \u2013 Skadeleg for tilliten\n        <\/p>\n<p>  <\/a><\/p>\n","protected":false},"excerpt":{"rendered":"I skrivende \u00f8yeblikk tikker det ut beskjeder til over 150 personer i Innlandet. Budskapet? Deres h\u00f8yst personlige informasjon&hellip;\n","protected":false},"author":2,"featured_media":465,"comment_status":"","ping_status":"","sticky":false,"template":"","format":"standard","meta":{"footnotes":""},"categories":[10],"tags":[36,20,21,37,5518,24,25,15,12478,266,22,23,13,30,28,29,14,12477,1533,16,7076,26,27],"class_list":{"0":"post-96768","1":"post","2":"type-post","3":"status-publish","4":"format-standard","5":"has-post-thumbnail","7":"category-norge","8":"tag-art","9":"tag-breaking-news","10":"tag-breakingnews","11":"tag-debatt","12":"tag-debatten","13":"tag-featured-news","14":"tag-featurednews","15":"tag-headlines","16":"tag-kathrine-lunde","17":"tag-kommentar","18":"tag-latest-news","19":"tag-latestnews","20":"tag-news","21":"tag-no","22":"tag-norge","23":"tag-norway","24":"tag-nyheter","25":"tag-offentlig-forvaltning","26":"tag-opinion","27":"tag-overskrifter","28":"tag-statsforvalteren-i-innlandet","29":"tag-top-stories","30":"tag-topstories"},"share_on_mastodon":{"url":"https:\/\/pubeurope.com\/@no\/115612928260755143","error":""},"_links":{"self":[{"href":"https:\/\/www.europesays.com\/no\/wp-json\/wp\/v2\/posts\/96768","targetHints":{"allow":["GET"]}}],"collection":[{"href":"https:\/\/www.europesays.com\/no\/wp-json\/wp\/v2\/posts"}],"about":[{"href":"https:\/\/www.europesays.com\/no\/wp-json\/wp\/v2\/types\/post"}],"author":[{"embeddable":true,"href":"https:\/\/www.europesays.com\/no\/wp-json\/wp\/v2\/users\/2"}],"replies":[{"embeddable":true,"href":"https:\/\/www.europesays.com\/no\/wp-json\/wp\/v2\/comments?post=96768"}],"version-history":[{"count":0,"href":"https:\/\/www.europesays.com\/no\/wp-json\/wp\/v2\/posts\/96768\/revisions"}],"wp:featuredmedia":[{"embeddable":true,"href":"https:\/\/www.europesays.com\/no\/wp-json\/wp\/v2\/media\/465"}],"wp:attachment":[{"href":"https:\/\/www.europesays.com\/no\/wp-json\/wp\/v2\/media?parent=96768"}],"wp:term":[{"taxonomy":"category","embeddable":true,"href":"https:\/\/www.europesays.com\/no\/wp-json\/wp\/v2\/categories?post=96768"},{"taxonomy":"post_tag","embeddable":true,"href":"https:\/\/www.europesays.com\/no\/wp-json\/wp\/v2\/tags?post=96768"}],"curies":[{"name":"wp","href":"https:\/\/api.w.org\/{rel}","templated":true}]}}