{"id":96781,"date":"2025-11-25T23:42:26","date_gmt":"2025-11-25T23:42:26","guid":{"rendered":"https:\/\/www.europesays.com\/no\/96781\/"},"modified":"2025-11-25T23:42:26","modified_gmt":"2025-11-25T23:42:26","slug":"krs-topphandball-plukka-ut-som-pilotklubb-av-norsk-topphandball-nrk-sorlandet-lokale-nyheter-tv-og-radio","status":"publish","type":"post","link":"https:\/\/www.europesays.com\/no\/96781\/","title":{"rendered":"KRS Topph\u00e5ndball plukka ut som pilotklubb av Norsk topph\u00e5ndball \u2013 NRK S\u00f8rlandet \u2013 Lokale nyheter, TV og radio"},"content":{"rendered":"<p><strong>\u2013 Vi har blitt valde ut som pilotklubb av Norsk topph\u00e5ndball.<\/strong><\/p>\n<p>Det seier styreleiar i Kristiansand Topph\u00e5ndball, Tommy Egeli.<\/p>\n<p>Og klubben er spesiell i s\u00e5 tilfelle. Klubben er den einaste av dei 56 klubbane p\u00e5 dei to \u00f8vste niv\u00e5a blant herrane og damene, som f\u00e5r denne tittelen.<\/p>\n<p>Nyheita kom p\u00e5 ei samling klubben arrangerte i Kristiansand m\u00e5ndag kveld.<\/p>\n<p><strong>\u2013 Vi trur at her er eit stort potensial p\u00e5 kort sikt. Vi har tru p\u00e5 folk, ressursane i og rundt klubben, p\u00e5 styret, sa kommersiell leiar i Norsk topph\u00e5ndball til <a href=\"https:\/\/www.fvn.no\/sport\/i\/vrWVgp\/bladde-opp-en-million-til-klubben-i-sitt-hjerte\" target=\"_blank\" ec-id=\"https:\/\/www.fvn.no\/sport\/i\/vrWVgp\/bladde-opp-en-million-til-klubben-i-sitt-hjerte\" ec-name=\"F\u00e6drelandsvennen\" rel=\"nofollow noopener\">F\u00e6drelandsvennen<\/a> etter samlinga.<\/strong><\/p>\n<p>\u2013 Byen er ein storby som om nokre \u00e5r f\u00e5r ein ny arena, seier Bruun Hansen, og siktar til Agder Arena.<\/p>\n<p><img decoding=\"async\"   src=\"data:image\/gif;base64,R0lGODlhAQABAIAAAAAAAP\/\/\/yH5BAEAAAAALAAAAAABAAEAAAIBRAA7\" loading=\"eager\" alt=\"Tommy Egeli, styreleder i KRS Topph\u00e5ndball\" title=\"Foto: NRK\"\/><\/p>\n<p class=\"\">Tommy Egeli er styreleiar i Kristiansand Topph\u00e5ndball. \u2013\u00a0Vi har over 1000 tilskodarar i snitt p\u00e5 kampane v\u00e5re. Det er eit sug etter topphandball i byen igjen, seier han.<\/p>\n<p>Foto: NRK<\/p>\n<p>Egeli gjesta NRK S\u00f8rlandets radiostudio tysdag morgon for \u00e5 snakke om utmerkinga.<\/p>\n<p>\u2013 Vi skal gjennom ei utvikling av klubben, og vi f\u00e5r ei verkeleg god oppbakking. Det handlar om \u00e5 bygge desse stega p\u00e5 vegen mot m\u00e5let v\u00e5rt, seier Egeli.<\/p>\n<p>F\u00e5r rettleiing av andre toppklubbar<\/p>\n<p>Utmerkinga som pilotklubb skal gi dei ekstra st\u00f8tte til \u00e5 utvikle organisasjonen og infrastrukturen til klubben.<\/p>\n<p>Som pilotklubb vil klubben f\u00e5 rettleiing fr\u00e5 toppklubbar og dra nytte av erfaringa deira med \u00e5 bygge ein solid organisasjon.<\/p>\n<p><strong>Pilotprosjektet kan gi Kristiansand Topph\u00e5ndball ein fordel i jakta p\u00e5 \u00e5 styrke sin posisjon i eliteserien.<\/strong><\/p>\n<p>Vil ta medalje innan tre \u00e5r<\/p>\n<p>Klubben har tidlegare signalisert at han \u00f8nsker \u00e5 ta medalje i eliteserien innan sesongen 28\/29.<\/p>\n<p>Klubben har sjuandeplass som beste serieplassering dei siste \u00e5ra, i tillegg til ein bronsemedalje fr\u00e5 cupen i 2022.<\/p>\n<p><strong>\u2013 Kolstad og Elverum som er to soleklare favorittar. Bronseplassen er \u00abup for grabs\u00bb, seier Egeli.<\/strong><\/p>\n<p><img decoding=\"async\"   src=\"data:image\/gif;base64,R0lGODlhAQABAIAAAAAAAP\/\/\/yH5BAEAAAAALAAAAAABAAEAAAIBRAA7\" loading=\"eager\" alt=\"Herman Bredal Oftedal\" title=\"Foto: Kjetil Samuelsen \/ NRK\"\/><\/p>\n<p class=\"\">Herman Bredal Oftedal er ein av n\u00f8kkelspelarane for KRS. Han er broren til tidlegare landslagsprofil for handballjentene, Stine Bredal Oftedal.<\/p>\n<p>Foto: Kjetil Samuelsen \/ NRK<\/p>\n<p>Ligg f\u00f8re \u00d8IF<\/p>\n<p>Dei siste \u00e5ra har det ogs\u00e5 vore rivalisering mellom KRS og den andre eliteserieklubben p\u00e5 S\u00f8rlandet, \u00d8IF Arendal.<\/p>\n<p>Laget fr\u00e5 aust har vore eit lite hakk betre dei siste sesongane.<\/p>\n<p>Tabellen viser at per no, er KRS det beste laget fr\u00e5 Agder. Kristiansandarane ligg p\u00e5 ein sjuandeplass, som gir sluttspelsdeltaking etter enda sesong.<\/p>\n<p>Arendalittane ligg p\u00e5 ein niandeplass, to poeng fr\u00e5 sluttspelsplass.<\/p>\n<p><strong>\u2013 Etter elleve kampar er vi framfor. Og vi er faktisk berre fire poeng bak m\u00e5let v\u00e5rt om medalje innan tre \u00e5r, seier Egeli.<\/strong><\/p>\n<p>Men framleis st\u00e5r att over halve sesongen. Til s\u00f8ndag er det ny kamp, heime mot Sandefjord.<\/p>\n<p>Publisert<\/p>\n<p>25.11.2025, kl. 07.58<\/p>\n<p>Oppdatert<\/p>\n<p>25.11.2025, kl. 09.15<\/p>\n","protected":false},"excerpt":{"rendered":"\u2013 Vi har blitt valde ut som pilotklubb av Norsk topph\u00e5ndball. Det seier styreleiar i Kristiansand Topph\u00e5ndball, Tommy&hellip;\n","protected":false},"author":2,"featured_media":96782,"comment_status":"","ping_status":"","sticky":false,"template":"","format":"standard","meta":{"footnotes":""},"categories":[59],"tags":[30,28,29,83,82],"class_list":{"0":"post-96781","1":"post","2":"type-post","3":"status-publish","4":"format-standard","5":"has-post-thumbnail","7":"category-sport","8":"tag-no","9":"tag-norge","10":"tag-norway","11":"tag-sport","12":"tag-sports"},"share_on_mastodon":{"url":"https:\/\/pubeurope.com\/@no\/115612991094582264","error":""},"_links":{"self":[{"href":"https:\/\/www.europesays.com\/no\/wp-json\/wp\/v2\/posts\/96781","targetHints":{"allow":["GET"]}}],"collection":[{"href":"https:\/\/www.europesays.com\/no\/wp-json\/wp\/v2\/posts"}],"about":[{"href":"https:\/\/www.europesays.com\/no\/wp-json\/wp\/v2\/types\/post"}],"author":[{"embeddable":true,"href":"https:\/\/www.europesays.com\/no\/wp-json\/wp\/v2\/users\/2"}],"replies":[{"embeddable":true,"href":"https:\/\/www.europesays.com\/no\/wp-json\/wp\/v2\/comments?post=96781"}],"version-history":[{"count":0,"href":"https:\/\/www.europesays.com\/no\/wp-json\/wp\/v2\/posts\/96781\/revisions"}],"wp:featuredmedia":[{"embeddable":true,"href":"https:\/\/www.europesays.com\/no\/wp-json\/wp\/v2\/media\/96782"}],"wp:attachment":[{"href":"https:\/\/www.europesays.com\/no\/wp-json\/wp\/v2\/media?parent=96781"}],"wp:term":[{"taxonomy":"category","embeddable":true,"href":"https:\/\/www.europesays.com\/no\/wp-json\/wp\/v2\/categories?post=96781"},{"taxonomy":"post_tag","embeddable":true,"href":"https:\/\/www.europesays.com\/no\/wp-json\/wp\/v2\/tags?post=96781"}],"curies":[{"name":"wp","href":"https:\/\/api.w.org\/{rel}","templated":true}]}}