{"id":96787,"date":"2025-11-26T00:33:11","date_gmt":"2025-11-26T00:33:11","guid":{"rendered":"https:\/\/www.europesays.com\/no\/96787\/"},"modified":"2025-11-26T00:33:11","modified_gmt":"2025-11-26T00:33:11","slug":"kommentar-leif-gunnar-smerud-jo-dette-var-faktisk-flaut-brann","status":"publish","type":"post","link":"https:\/\/www.europesays.com\/no\/96787\/","title":{"rendered":"Kommentar, Leif Gunnar Smerud | Jo, dette var faktisk flaut, Brann!"},"content":{"rendered":"\n<p>Branns daglige leder svarte nei p\u00e5 om det var flaut at klubben sto der 117 dager etter at Leif Gunnar Smerud ble ansatt og fortalte at de skulle skille lag med gulltreneren. De var ikke enige om veien videre sportslig. 117 dager og et seriegull etter ansettelsen. Hvis det ikke er flaut, s\u00e5 vet jeg ikke hva.<\/p>\n<p>Snakket de bare om hva som skulle skje ut \u00e5ret p\u00e5 jobbintervjuet mellom Brann-ledelsen og Smerud i sommer? Det kunne virke s\u00e5nn p\u00e5 svarene vi fikk p\u00e5 klubbens egen pressekonferanse tirsdag kveld om damelagets trener sin avgang. Hva har endret seg s\u00e5 dramatisk etter det som utenfra virker som en sportslig god h\u00f8st?<\/p>\n<p>  <a href=\"https:\/\/www.ba.no\/5-8-3234164\" class=\"related-teaser has-image default-story-teaser article--c-eRUmMG article--c-eRUmMG-jKCPdD-design-default\" rel=\"nofollow noopener\" target=\"_blank\"><\/p>\n<p>    <img decoding=\"async\" loading=\"lazy\"  src=\"https:\/\/www.europesays.com\/no\/wp-content\/uploads\/2025\/11\/1764117189_639_2596.jpg\" alt=\"\" class=\"brick-c-cFOWSL\" style=\"\"\/><\/p>\n<p>\n            Les ogs\u00e5<\/p>\n<p>              Bekreftet: Leif Gunnar Smerud har f\u00e5tt sparken\n        <\/p>\n<p>  <\/a><\/p>\n<p>Det finnes to forklaringer p\u00e5 det, alt etter hvem du sp\u00f8r. Hvis man sp\u00f8r Smeruds trenerkollegaer er det klubben som ikke vil ta de profesjonelle stegene Brann-spillerne m\u00e5 ta for \u00e5 komme opp p\u00e5 et internasjonalt niv\u00e5. De fleste av dem vil le h\u00e5nlig av spillere som p\u00e5st\u00e5r at treningen hans ikke var faglig god nok. De vil skyte mot sjefene til Smerud. Sportssjef Lars Johan Myklebust og mannen som han ansatt b\u00e5de treneren og sportssjefen, Christian Kalvenes.<\/p>\n<p>For man kan peke p\u00e5 at det er ofte slik det ender n\u00e5r det kommer nye stemmer og personligheter inn p\u00e5 damelag i toppen av norsk fotball. Bare se p\u00e5 r\u00f8dtr\u00f8yenes historie fra de var Sandviken. Patrik Hansson og Olli Harder fikk kjenne p\u00e5 det da de skulle overta etter Alexander Straus. Han hadde i hvert fall bedre resultater enn etterf\u00f8lgerne fikk, men Smerud har jo levert bedre resultater enn Martin Ho. Derfor vil hans kollegaer i trenermilj\u00f8et tenke sitt.<\/p>\n<p>S\u00e5 har du spillerne som har hatt ham, og som hadde ham for inntil noen timer siden, sin versjon. Den peker ikke p\u00e5 det samme trenerkollegaene i norsk fotball gj\u00f8r. I Brann har de kritiske spillerne ogs\u00e5 f\u00e5tt med seg en del av supportermilj\u00f8et.<\/p>\n<blockquote class=\"brick-c-kLSvcb theme-white\">\n<p class=\"blockquote-text\">\nJohanna Renmark e en av oss, hater Smerud og elsker \u00e5 sl\u00e5ss<\/p>\n<\/blockquote>\n<p>Slik ble Smerud takket av fra tribunen i det som skulle bli hans aller siste kamp som Brann-trener. Jeg ser at enkelte supportere i sosiale medier mener den svenske angriperen har enorme kvaliteter som blir oversett, uten at Smerud s\u00e5 det. Heller ikke Martin Ho p\u00e5 slutten. Ho vant heller aldri seriegull, men er en annen type enn mannen som overtok. Smerud kom ogs\u00e5 med et rykte. Han startet med minuspoeng b\u00e5de i garderoben og p\u00e5 tribunen.<\/p>\n<p>Han kom ogs\u00e5 inn med et oppdrag om profesjonalisere Brann enda mer. I en tid der mye enn\u00e5 er nytt i kvinnefotball. B\u00e5de med tanke p\u00e5 at det er kommet inn \u00f8konomi som gj\u00f8r at de beste spillerne i Norge kan ha det som et levebr\u00f8d, men ogs\u00e5 at man bygger spillertropper der alle ikke f\u00e5r v\u00e6re med i kamptropp. Det skjer hver helg hos toppklubbene p\u00e5 herresiden at spillere ikke f\u00e5r v\u00e6re med p\u00e5 tur eller sitter p\u00e5 tribunen under en hjemmekamp, men det er noe ganske nytt i kvinnefotballen.<\/p>\n<p>  <a href=\"https:\/\/www.ba.no\/5-8-3192361\" class=\"related-teaser has-image default-story-teaser article--c-eRUmMG article--c-eRUmMG-jKCPdD-design-default\" rel=\"nofollow noopener\" target=\"_blank\"><\/p>\n<p>    <img decoding=\"async\" loading=\"lazy\"  src=\"https:\/\/www.europesays.com\/no\/wp-content\/uploads\/2025\/10\/IMG_3267.jpeg\" alt=\"\" class=\"brick-c-cFOWSL\" style=\"\"\/><\/p>\n<p>\n            Les ogs\u00e5<\/p>\n<p>              Her konfronteres Smerud av fansen\n        <\/p>\n<p>  <\/a><\/p>\n<p>Spillerne m\u00e5 forst\u00e5 at den nye hverdagen kommer med nye krav, men det er ogs\u00e5 viktig at de som skal lede dem forst\u00e5r at dette fortsatt er ganske nytt for dem. Det er ikke sikkert at alle endringer kan skje s\u00e5 fort som man \u00f8nsker. P\u00e5 pressekonferansen nevnte Kalvenes noe med kommunikasjon innimellom snakket om ulikt syn p\u00e5 den sportslige veien videre. Der er det et kompromiss Smerud ikke ville gj\u00f8re, som han kanskje burde gjort.<\/p>\n<p>Du kan legge det p\u00e5 skuldrene til den avg\u00e5tte Brann-treneren, og han b\u00e6rer noe av ansvaret. Det gj\u00f8r ogs\u00e5 spillere for det som har skjedd, men ingen av dem har hovedansvaret. For det viktigste som blir gjort etter at Brann sparker \u00e5rets trener i Toppserien et par uker etter seriegullet, er at ledelsen sp\u00f8r (unnskyld uttrykket) hvordan i helvete dette kunne skje?<\/p>\n<p>For det er pinlig, og det tenderer til d\u00e5rlig forarbeid n\u00e5r dette skjer. For selv om b\u00e5de Smerud og ledelsen p\u00e5 Stadion fant hverandre i intervjurunden, s\u00e5 var det ogs\u00e5 en del som viftet med det r\u00f8de flagget f\u00f8r ansettelsen. Det var mange som varslet om dette utfallet allerede da BA kunne melde at han n\u00e6rmet seg jobben. Og de kunne visst at han var for sterk i troen til \u00e5 forandre det han tror p\u00e5. De burde ogs\u00e5 ha en viss peiling p\u00e5 hva som ville m\u00f8te ham i garderoben.<\/p>\n<p>  <a href=\"https:\/\/www.ba.no\/5-8-3186130\" class=\"related-teaser has-image default-story-teaser article--c-eRUmMG article--c-eRUmMG-jKCPdD-design-default\" rel=\"nofollow noopener\" target=\"_blank\"><\/p>\n<p>    <img decoding=\"async\" loading=\"lazy\"  src=\"https:\/\/www.europesays.com\/no\/wp-content\/uploads\/2025\/10\/SE1_3253_kopi.jpg\" alt=\"\" class=\"brick-c-cFOWSL\" style=\"\"\/><\/p>\n<p>\n            Les ogs\u00e5<\/p>\n<p>              Brann-treneren svarer p\u00e5 kritikken: \u2013 Ser det ut som det g\u00e5r inn p\u00e5 meg?\n        <\/p>\n<p>  <\/a><\/p>\n<p>Heldigvis for Brann er Leif Gunnar Smerud en profesjonell mann. Ellers kunne denne avgangen sett mye verre ut for klubben, for han kunne virkelig sunget ut om han ville. Det gj\u00f8r han ikke. Det har han ikke behov for. Det er ikke Leif Gunnar Smerud som har dummet seg ut her. Heller ikke spillerne, selv om man selvsagt kan ofre noen tanker til neste person som skal overta og fortsette profesjonaliseringen p\u00e5 en m\u00e5te b\u00e5de ledelsen og spillerne ogs\u00e5 vil. Jeg h\u00e5per at spillerne denne gang er klar for at det kommer til skje ting de ikke verken liker eller enige i. For h\u00f8stens kamper i Europa viste at Brann har en lang vei \u00e5 g\u00e5 b\u00e5de sportslig og profesjonelt for \u00e5 hevde seg der.<\/p>\n<p>Det er f\u00f8rst og fremst flaut for Brann-ledelsen. For dette ser bare dumt ut, og jeg kan ikke fri meg fra en f\u00f8lelse av at det burde v\u00e6rt unng\u00e5tt.<\/p>\n","protected":false},"excerpt":{"rendered":"Branns daglige leder svarte nei p\u00e5 om det var flaut at klubben sto der 117 dager etter at&hellip;\n","protected":false},"author":2,"featured_media":96788,"comment_status":"","ping_status":"","sticky":false,"template":"","format":"standard","meta":{"footnotes":""},"categories":[5],"tags":[36,20,21,24,25,15,19,266,22,23,5999,17,18,13,30,28,29,14,1533,16,418,83,26,895,27],"class_list":{"0":"post-96787","1":"post","2":"type-post","3":"status-publish","4":"format-standard","5":"has-post-thumbnail","7":"category-overskrifter","8":"tag-art","9":"tag-breaking-news","10":"tag-breakingnews","11":"tag-featured-news","12":"tag-featurednews","13":"tag-headlines","14":"tag-hovedoppslag","15":"tag-kommentar","16":"tag-latest-news","17":"tag-latestnews","18":"tag-leif-gunnar-smerud","19":"tag-main-news","20":"tag-mainnews","21":"tag-news","22":"tag-no","23":"tag-norge","24":"tag-norway","25":"tag-nyheter","26":"tag-opinion","27":"tag-overskrifter","28":"tag-sk-brann","29":"tag-sport","30":"tag-top-stories","31":"tag-toppserien","32":"tag-topstories"},"share_on_mastodon":{"url":"https:\/\/pubeurope.com\/@no\/115613191727195450","error":""},"_links":{"self":[{"href":"https:\/\/www.europesays.com\/no\/wp-json\/wp\/v2\/posts\/96787","targetHints":{"allow":["GET"]}}],"collection":[{"href":"https:\/\/www.europesays.com\/no\/wp-json\/wp\/v2\/posts"}],"about":[{"href":"https:\/\/www.europesays.com\/no\/wp-json\/wp\/v2\/types\/post"}],"author":[{"embeddable":true,"href":"https:\/\/www.europesays.com\/no\/wp-json\/wp\/v2\/users\/2"}],"replies":[{"embeddable":true,"href":"https:\/\/www.europesays.com\/no\/wp-json\/wp\/v2\/comments?post=96787"}],"version-history":[{"count":0,"href":"https:\/\/www.europesays.com\/no\/wp-json\/wp\/v2\/posts\/96787\/revisions"}],"wp:featuredmedia":[{"embeddable":true,"href":"https:\/\/www.europesays.com\/no\/wp-json\/wp\/v2\/media\/96788"}],"wp:attachment":[{"href":"https:\/\/www.europesays.com\/no\/wp-json\/wp\/v2\/media?parent=96787"}],"wp:term":[{"taxonomy":"category","embeddable":true,"href":"https:\/\/www.europesays.com\/no\/wp-json\/wp\/v2\/categories?post=96787"},{"taxonomy":"post_tag","embeddable":true,"href":"https:\/\/www.europesays.com\/no\/wp-json\/wp\/v2\/tags?post=96787"}],"curies":[{"name":"wp","href":"https:\/\/api.w.org\/{rel}","templated":true}]}}