{"id":96821,"date":"2025-11-26T02:00:08","date_gmt":"2025-11-26T02:00:08","guid":{"rendered":"https:\/\/www.europesays.com\/no\/96821\/"},"modified":"2025-11-26T02:00:08","modified_gmt":"2025-11-26T02:00:08","slug":"blitt-loslatt-mot-kausjon-nrk-norge-oversikt-over-nyheter-fra-ulike-deler-av-landet","status":"publish","type":"post","link":"https:\/\/www.europesays.com\/no\/96821\/","title":{"rendered":"Blitt l\u00f8slatt mot kausjon \u2013 NRK Norge \u2013 Oversikt over nyheter fra ulike deler av landet"},"content":{"rendered":"<p>Tirsdag kveld er Hanne Bredal Engan ute av fengselet i USA.<\/p>\n<p><strong>\u2013 Det har v\u00e6rt helt forferdelig og et mareritt, sier Engan til NRK.<\/strong><\/p>\n<p>Hun sier at hun ikke har f\u00e5tt den insulinen hun som diabetiker trenger, heller ikke mat hun kunne spise. Og at hun hvar v\u00e6rt p\u00e5 isolat i seks dager.<\/p>\n<p>Hun sier hun n\u00e5 m\u00e5 vurdere framtida i USA.<\/p>\n<p>Engan og ektemannen er sv\u00e6rt kritisk til hvordan hun har blitt behandlet, og sier de vil saks\u00f8ke fengselet. NRK har tidligere fors\u00f8kt \u00e5 f\u00e5 kommentar fra fengselet om foholdene, men har ikke f\u00e5tt svar.<\/p>\n<p>M\u00e5 bruke fotlenke<\/p>\n<p>Den norske kvinnen er l\u00f8slatt med penger som vennene hennes har samlet inn. Kausjonen ble satt til rundt 15.000 norske kroner.<\/p>\n<p><strong>Tirsdag ble det klart at Engan m\u00e5 bruke elektronisk fotlenke fram til saken om hennes visumovertredelse skal opp 7. januar.<\/strong><\/p>\n<p>Det betyr i praksis at hun m\u00e5 melde ifra om hun drar utenfor San Diego.<\/p>\n<p>Engan ble arrestert forrige uke da hun m\u00f8tte hos amerikanske myndigheter for \u00e5 formaliserer oppholdstillatelsen sin.<\/p>\n<p>I stedet for et godkjent visum, <a href=\"https:\/\/www.nrk.no\/nordland\/norske-kvinne-er-arrestert-av-ice-1.17661962\" ec-id=\"pp:article:1.17661962\" ec-name=\"ble hun p\u00e5grepet\" rel=\"nofollow noopener\" target=\"_blank\">ble hun p\u00e5grepet<\/a> av Immigration and Customs Enforcement (ICE).<\/p>\n<p><img decoding=\"async\"   src=\"data:image\/gif;base64,R0lGODlhAQABAIAAAAAAAP\/\/\/yH5BAEAAAAALAAAAAABAAEAAAIBRAA7\" loading=\"eager\" alt=\"To personer sitter i forsetet av en bil med en hund p\u00e5 fanget. Bilen er m\u00f8rklagt, noe som skaper en lav belysningseffekt. Den ene personen holder rundt den andre mens de ser p\u00e5 noe utenfor. Interi\u00f8ret i bilen er synlig, inkludert et girspak og en veske i passasjersetet.\" title=\"Foto: Anders Tveg\u00e5rd \/ NRK\"\/><\/p>\n<p class=\"\">Henne Bredal Engan med ektemann og hund p\u00e5 vei fra fengselet.<\/p>\n<p>Foto: Anders Tveg\u00e5rd \/ NRK<\/p>\n<p>Utg\u00e5tt visum<\/p>\n<p><strong>Brudd p\u00e5 visumreglene er straffbart og kan gi minst tre \u00e5r utestenging fra USA.<\/strong><\/p>\n<p>Det kan v\u00e6re formildende at hun er gift med en amerikaner, og at praksis var annerledes f\u00f8r Trump-administrasjonen skjerpet reglene.<\/p>\n<p>Etter l\u00f8slatelsen sier hun at som gift med en amerikaner det \u00e5 v\u00e6re i USA p\u00e5 et utg\u00e5tt visum i utgangspunktet ikke er et problem. Og at p\u00e5gripelsen var sv\u00e6rt uventet.<\/p>\n<p>\u2013 Det er en mindre forseelse, ikke en forbrytelse, sier Engan og mener amerikanske myndigheter ikke hadde grunn til \u00e5 fengsle henne.<\/p>\n<p>Mandag var det rettsm\u00f8te i det privatdrevne fengselet i San Diego, hvor det ble klart at hun l\u00f8slates mot kausjon.<\/p>\n<p>\u2013 Vi er forn\u00f8yde med dette steget i prosessen, sa ektemannen Joshua Daguman da.<\/p>\n<p>Lokal journalist: \u2013 Engans situasjon er spesiell<\/p>\n<p>Det er flere som venter p\u00e5 rettsh\u00f8ringer i San Diego.\n<\/p>\n<p><img decoding=\"async\"   src=\"data:image\/gif;base64,R0lGODlhAQABAIAAAAAAAP\/\/\/yH5BAEAAAAALAAAAAABAAEAAAIBRAA7\" loading=\"eager\" alt=\"Salvador Rivera \" title=\"Foto: Anders Tveg\u00e5rd \/ NRK\"\/><\/p>\n<p class=\"\">Journalist Salvador Rivera har fulgt grensesituasjonen mellom USA og Mexico i mange \u00e5r.<\/p>\n<p>Foto: Anders Tveg\u00e5rd \/ NRK<\/p>\n<p>Blant annet folk fra Tyskland, Storbritannia, Canada og Australia. Flere av dem har ikke r\u00e5d til hverken advokat eller kausjon.<\/p>\n<p>Salvador Rivera er journalist for TV-kanalen Border Report. Han sier at Hannes situasjon er spesiell.<\/p>\n<p>\u2013 Mange der inne kommer til \u00e5 misunne henne, v\u00e6re \u00absjalu\u00bb p\u00e5 all hjelpen hun har f\u00e5tt, sier han til NRK.<\/p>\n<p>Interessert i mer utenriksstoff? H\u00f8r siste episode av redaksjonens podkast:<\/p>\n<p>Publisert<\/p>\n<p>26.11.2025, kl. 02.09<\/p>\n<p>Oppdatert<\/p>\n<p>26.11.2025, kl. 02.30<\/p>\n","protected":false},"excerpt":{"rendered":"Tirsdag kveld er Hanne Bredal Engan ute av fengselet i USA. \u2013 Det har v\u00e6rt helt forferdelig og&hellip;\n","protected":false},"author":2,"featured_media":96822,"comment_status":"","ping_status":"","sticky":false,"template":"","format":"standard","meta":{"footnotes":""},"categories":[10],"tags":[20,21,24,25,15,22,23,13,30,28,29,14,16,26,27],"class_list":{"0":"post-96821","1":"post","2":"type-post","3":"status-publish","4":"format-standard","5":"has-post-thumbnail","7":"category-norge","8":"tag-breaking-news","9":"tag-breakingnews","10":"tag-featured-news","11":"tag-featurednews","12":"tag-headlines","13":"tag-latest-news","14":"tag-latestnews","15":"tag-news","16":"tag-no","17":"tag-norge","18":"tag-norway","19":"tag-nyheter","20":"tag-overskrifter","21":"tag-top-stories","22":"tag-topstories"},"share_on_mastodon":{"url":"https:\/\/pubeurope.com\/@no\/115613533639090543","error":""},"_links":{"self":[{"href":"https:\/\/www.europesays.com\/no\/wp-json\/wp\/v2\/posts\/96821","targetHints":{"allow":["GET"]}}],"collection":[{"href":"https:\/\/www.europesays.com\/no\/wp-json\/wp\/v2\/posts"}],"about":[{"href":"https:\/\/www.europesays.com\/no\/wp-json\/wp\/v2\/types\/post"}],"author":[{"embeddable":true,"href":"https:\/\/www.europesays.com\/no\/wp-json\/wp\/v2\/users\/2"}],"replies":[{"embeddable":true,"href":"https:\/\/www.europesays.com\/no\/wp-json\/wp\/v2\/comments?post=96821"}],"version-history":[{"count":0,"href":"https:\/\/www.europesays.com\/no\/wp-json\/wp\/v2\/posts\/96821\/revisions"}],"wp:featuredmedia":[{"embeddable":true,"href":"https:\/\/www.europesays.com\/no\/wp-json\/wp\/v2\/media\/96822"}],"wp:attachment":[{"href":"https:\/\/www.europesays.com\/no\/wp-json\/wp\/v2\/media?parent=96821"}],"wp:term":[{"taxonomy":"category","embeddable":true,"href":"https:\/\/www.europesays.com\/no\/wp-json\/wp\/v2\/categories?post=96821"},{"taxonomy":"post_tag","embeddable":true,"href":"https:\/\/www.europesays.com\/no\/wp-json\/wp\/v2\/tags?post=96821"}],"curies":[{"name":"wp","href":"https:\/\/api.w.org\/{rel}","templated":true}]}}