{"id":96912,"date":"2025-11-26T07:32:08","date_gmt":"2025-11-26T07:32:08","guid":{"rendered":"https:\/\/www.europesays.com\/no\/96912\/"},"modified":"2025-11-26T07:32:08","modified_gmt":"2025-11-26T07:32:08","slug":"flom-i-thailand-har-krevd-33-liv","status":"publish","type":"post","link":"https:\/\/www.europesays.com\/no\/96912\/","title":{"rendered":"Flom i Thailand har krevd 33 liv"},"content":{"rendered":"\n<p class=\"_lead_o9xde_2 _lead_xtcu6_50 layout-component text-serif-m layout-normal text-serif-l layout-component layout-wide layout-padded _wide_17hqh_1 layout-padded\">Jordskred og str\u00f8mulykker blant d\u00f8ds\u00e5rsakene.<\/p>\n<p><img alt=\" Foto: ARNUN CHONMAHATRAKOOL \/ AFP \/ NTB\" class=\"_image_qp4xg_65 layout-component layout-wide\" data-fullscreen- data-track-element-type=\"Article image fullscreen\" data-track-name=\"ImageFullscreen\" fetchpriority=\"high\" decoding=\"sync\" loading=\"eager\" height=\"4512\" itemprop=\"image\"  src=\"https:\/\/www.europesays.com\/no\/wp-content\/uploads\/2025\/11\/3b7a4ce5-6f41-4a95-a58b-9477c7bb6d38\"  style=\"object-position:0% 0%\" width=\"6768\"\/> Foto: ARNUN CHONMAHATRAKOOL \/ AFP \/ NTB<\/p>\n<ul aria-hidden=\"true\" class=\"_images_18f0k_111\">\n<li><a class=\"_link_18f0k_116\" href=\"https:\/\/www.vg.no\/forfatter\/kari-aarstad-aase\" style=\"z-index:1\" title=\"Kari Aarstad Aase\" rel=\"nofollow noopener\" target=\"_blank\"><img alt=\"Bilde av Kari Aarstad Aase\" class=\"_image_18f0k_93\" fetchpriority=\"low\" loading=\"lazy\" decoding=\"async\" itemprop=\"image\"  src=\"https:\/\/www.europesays.com\/no\/wp-content\/uploads\/2025\/11\/1764142328_307_0dbde33e-6d8e-4680-8e4f-e2a64281e2b8\"  width=\"480\"\/><\/a><\/li>\n<\/ul>\n<p> Oppdatert onsdag 26. november kl. 06:33     <\/p>\n<p class=\"_paragraph_o9xde_4 _paragraph_xtcu6_10 layout-component text-serif-m layout-normal text-serif-m layout-padded\">Flommen som har rammet det s\u00f8rlige <a href=\"https:\/\/www.vg.no\/tag\/thailand?utm_source=vg-article&amp;utm_medium=auto-tagger&amp;utm_campaign=2pnKVy\" class=\"_link_o9xde_39\" rel=\"nofollow noopener\" target=\"_blank\">Thailand<\/a> har s\u00e5 langt krevd 33 menneskeliv, opplyser en h\u00f8ytst\u00e5ende regjeringsrepresentant onsdag.<\/p>\n<p class=\"_paragraph_o9xde_4 _paragraph_xtcu6_10 layout-component text-serif-m layout-normal text-serif-m layout-padded\">Regjeringstalsperson Siripong Angkasakulkiat bekrefter at d\u00f8dsfallene skyldes flere \u00e5rsaker, inkludert jordskred og str\u00f8mulykker, melder Reuters.<\/p>\n<p class=\"_paragraph_o9xde_4 _paragraph_xtcu6_10 layout-component text-serif-m layout-normal text-serif-m layout-padded\">De kraftige regnskyllene har f\u00f8rt til omfattende oversv\u00f8mmelser i de s\u00f8rlige delene av landet. Flommen har ikke bare tatt liv, men ogs\u00e5 skapt farlige forhold for befolkningen i de rammede omr\u00e5dene.<\/p>\n<p class=\"_paragraph_o9xde_4 _paragraph_xtcu6_10 layout-component text-serif-m layout-normal text-serif-m layout-padded\">Jordskred har ogs\u00e5 bidratt til d\u00f8dstallene, ettersom de intense nedb\u00f8rsmengdene har gjort bakken ustabil i flere omr\u00e5der.<\/p>\n","protected":false},"excerpt":{"rendered":"Jordskred og str\u00f8mulykker blant d\u00f8ds\u00e5rsakene. Foto: ARNUN CHONMAHATRAKOOL \/ AFP \/ NTB Oppdatert onsdag 26. november kl. 06:33&hellip;\n","protected":false},"author":2,"featured_media":96913,"comment_status":"","ping_status":"","sticky":false,"template":"","format":"standard","meta":{"footnotes":""},"categories":[12],"tags":[20,21,24,25,1836,15,22,23,13,30,28,29,14,16,745,26,27,42,46,43,44,45],"class_list":{"0":"post-96912","1":"post","2":"type-post","3":"status-publish","4":"format-standard","5":"has-post-thumbnail","7":"category-verden","8":"tag-breaking-news","9":"tag-breakingnews","10":"tag-featured-news","11":"tag-featurednews","12":"tag-flom","13":"tag-headlines","14":"tag-latest-news","15":"tag-latestnews","16":"tag-news","17":"tag-no","18":"tag-norge","19":"tag-norway","20":"tag-nyheter","21":"tag-overskrifter","22":"tag-thailand","23":"tag-top-stories","24":"tag-topstories","25":"tag-verden","26":"tag-vgai","27":"tag-world","28":"tag-world-news","29":"tag-worldnews"},"share_on_mastodon":{"url":"https:\/\/pubeurope.com\/@no\/115614839333461394","error":""},"_links":{"self":[{"href":"https:\/\/www.europesays.com\/no\/wp-json\/wp\/v2\/posts\/96912","targetHints":{"allow":["GET"]}}],"collection":[{"href":"https:\/\/www.europesays.com\/no\/wp-json\/wp\/v2\/posts"}],"about":[{"href":"https:\/\/www.europesays.com\/no\/wp-json\/wp\/v2\/types\/post"}],"author":[{"embeddable":true,"href":"https:\/\/www.europesays.com\/no\/wp-json\/wp\/v2\/users\/2"}],"replies":[{"embeddable":true,"href":"https:\/\/www.europesays.com\/no\/wp-json\/wp\/v2\/comments?post=96912"}],"version-history":[{"count":0,"href":"https:\/\/www.europesays.com\/no\/wp-json\/wp\/v2\/posts\/96912\/revisions"}],"wp:featuredmedia":[{"embeddable":true,"href":"https:\/\/www.europesays.com\/no\/wp-json\/wp\/v2\/media\/96913"}],"wp:attachment":[{"href":"https:\/\/www.europesays.com\/no\/wp-json\/wp\/v2\/media?parent=96912"}],"wp:term":[{"taxonomy":"category","embeddable":true,"href":"https:\/\/www.europesays.com\/no\/wp-json\/wp\/v2\/categories?post=96912"},{"taxonomy":"post_tag","embeddable":true,"href":"https:\/\/www.europesays.com\/no\/wp-json\/wp\/v2\/tags?post=96912"}],"curies":[{"name":"wp","href":"https:\/\/api.w.org\/{rel}","templated":true}]}}