{"id":96914,"date":"2025-11-26T07:33:07","date_gmt":"2025-11-26T07:33:07","guid":{"rendered":"https:\/\/www.europesays.com\/no\/96914\/"},"modified":"2025-11-26T07:33:07","modified_gmt":"2025-11-26T07:33:07","slug":"halvparten-av-norsk-natur-er-i-fare-nrk-buskerud-lokale-nyheter-tv-og-radio","status":"publish","type":"post","link":"https:\/\/www.europesays.com\/no\/96914\/","title":{"rendered":"Halvparten av norsk natur er i fare \u2013 NRK Buskerud \u2013 Lokale nyheter, TV og radio"},"content":{"rendered":"<p>Det er seks \u00e5r siden R\u00f8dlista for naturtyper ble laget sist.<\/p>\n<p>Den er en oversikt over hva som st\u00e5r i fare for \u00e5 forsvinne helt fra norsk natur.<\/p>\n<p>Og lista er lang.<\/p>\n<p><strong>\u2013 Tilstanden til flere naturtyper har g\u00e5tt fra vondt til verre, sier Janne Bohnhorst, direkt\u00f8r i Artsdatabanken.<\/strong><\/p>\n<p><img decoding=\"async\"   src=\"data:image\/gif;base64,R0lGODlhAQABAIAAAAAAAP\/\/\/yH5BAEAAAAALAAAAAABAAEAAAIBRAA7\" loading=\"eager\" alt=\"Janne \u00d8vreb\u00f8 Bohnhorst, seksjonsleder i Milj\u00f8direktoratet.\" title=\"Foto: Yasmin Mouafak Abokatmah \/ NRK\"\/><\/p>\n<p class=\"\">Janne Bohnhorst er bekymret over utviklingen.<\/p>\n<p>Foto: Yasmin Mouafak Abokatmah \/ NRK<\/p>\n<p>N\u00e6r halvparten p\u00e5 lista<\/p>\n<p>26 eksperter har laget lista for Artsdatabanken, og de har jobbet med fastmark, ferskvann, landformer, marint og v\u00e5tmark.<\/p>\n<p>Ekspertene er i hovedsak tilknyttet vitenskapelige institusjoner og fagmilj\u00f8er, og har kartlagt all norsk natur, og delt den inn i kategorier.<\/p>\n<p>Av de 876 naturtypene, er 44 prosent plassert p\u00e5 R\u00f8dlista. Det betyr at de er utsatt.<\/p>\n<p><strong>201 av dem, nesten en av fire, st\u00e5r i fare for \u00e5 forsvinne. Slik er fordelingen blant dem:<\/strong><\/p>\n<p>Fakta om naturtyper som er r\u00f8dlistet<\/p>\n<p>Fastmark rommer en stor variasjon av naturtyper, fra edell\u00f8vskoger til alpine landskap. 230 naturtyper p\u00e5 fastmark er vurdert, hvorav 166 er r\u00f8dlistet (72 prosent) og 108 er truet (47 prosent).<\/p>\n<p><strong>Ferskvannsbunn: <\/strong>R\u00f8dlista inkluderer 116 vurderte naturtyper for ferskvannsbunn, fordelt p\u00e5 innsj\u00f8er og elver over hele landet. Av disse er 57 r\u00f8dlistet og 19 truet. De viktigste p\u00e5virkningsfaktorene er vassdragsregulering, nedbygging av arealer og forurensning i form av tilf\u00f8rsel av n\u00e6ringssalter. Innsj\u00f8er p\u00e5virkes s\u00e6rlig av nedbygging i strandsona og reguleringer, mens elver rammes av oppdemming og vannl\u00f8psendringer.<\/p>\n<p><strong>Landformer: <\/strong>Av 205 vurderte naturtyper av landformer er 61 r\u00f8dlistet i 2025 (30 prosent) og 30 truet (15 prosent). De viktigste truslene mot landformer er arealbruk og klimaendringer. Landformer spenner fra sm\u00e5 detaljer som skuringsstriper til store strukturer som u- daler og vulkaner.<\/p>\n<p><strong>V\u00e5tmark: <\/strong>Omfatter blant annet myr, kilder, sumpskog og semi-naturlig v\u00e5tmark. Disse naturtypene finnes over hele landet. Av 39 vurderte v\u00e5tmarkstyper er 28 r\u00f8dlistet. Av de 28 r\u00f8dlistede naturtypene er tre kritisk truet, blant annet nedb\u00f8rsmyr p\u00e5 palser og sl\u00e5ttemyr. Ni er sterkt truet. Det er vurdert 22 torvmarksmassiver, og 14 av disse er r\u00f8dlistet.<\/p>\n<p>Klimaendringer, gr\u00f8fting og nedbygging er blant de st\u00f8rste truslene mot naturtyper innen v\u00e5tmark.<\/p>\n<p>Marin natur utgj\u00f8r et areal mer enn dobbelt s\u00e5 stort som landarealet i Norge. De marine naturtypene spenner fra fj\u00e6resonen til dyphavssletter. Av de 172 vurderte naturtypene er 33 er r\u00f8dlistet (19 prosent). Truslene inkluderer klimaendringer og fiske, samt utbygging og ny industri som dyphavsmineralutvinning.<\/p>\n<p>(NTB)<\/p>\n<p>Reddet med hammer<\/p>\n<p>\u2013 Naturen er under press. R\u00f8dlista viser hvilken natur som st\u00e5r i fare for \u00e5 g\u00e5 tapt og \u00e5rsakene til at dette skjer, sier Bohnhorst.<\/p>\n<p><strong>Sveip for \u00e5 se noe av det som er mest utsatt: <\/strong><\/p>\n<p>    \u2190<\/p>\n<ul data-scroll-container=\"\" role=\"list\" aria-label=\"Bildegalleri\">\n<li><img alt=\"En strand med planter\"  width=\"3840\" height=\"3840\" loading=\"lazy\"\/>\n<p>Sanddyner langs kysten inneholder en rekke spesialiserte arter av planter og sopp. Her fra Brusand i H\u00e5 i Rogaland.<\/p>\n<p> Foto: Rune Halvorsen <\/li>\n<li><img alt=\"et steinete omr\u00e5de med noen tr\u00e6r\"  width=\"3840\" height=\"3840\" loading=\"lazy\"\/>\n<p>Fjellhei er jorddekte omr\u00e5der i lav- og til dels mellomalpin sone. Dette bildet er langs Sognefjellsvegen, 1400 meter over havet.<\/p>\n<p> Foto: Rune Halvorsen <\/li>\n<li><img alt=\"Varme kilder p\u00e5 Svalbard\"  width=\"3840\" height=\"3840\" loading=\"lazy\"\/>\n<p>I Norge er det bare varme kilder p\u00e5 Svalbard, der kun et f\u00e5tall er registrert. Jotunkildene og Trollkildene ligger ved Bockfjorden.<\/p>\n<p> Foto: Geir Arnesen <\/li>\n<li><img alt=\"Tareskog \"  width=\"3840\" height=\"3840\" loading=\"lazy\"\/>\n<p>Tareskogen danner livsgrunnlag for et mylder av annet marint liv, men er spesielt utsatt for angrep fra kr\u00e5keboller.<\/p>\n<p> Foto: Jonas Thormar <\/li>\n<\/ul>\n<p>\u2192<\/p>\n<p>Naturmangfoldet p\u00e5 jorda reduseres raskere enn noen gang f\u00f8r, if\u00f8lge Det internasjonale naturpanelet (Ipbes).<\/p>\n<p>I hele verden har tareskogen forsvunnet, men utenfor Troms\u00f8 har frivillige dykkere jobbet for \u00e5 f\u00e5 tilbake tareskogen, som kalles havets Amazonas.<\/p>\n<p>Havbunnen var en kr\u00e5kebolle\u00f8rken, men det var f\u00f8r <a href=\"https:\/\/www.nrk.no\/tromsogfinnmark\/slik-redder-de-tareskogen-i-nord-_-fra-_krakebolleorken_-til-havets-barnehage-1.16437182\" ec-id=\"pp:article:1.16437182\" ec-name=\"dykkerne saumfarte omr\u00e5det med hammer og nett\" rel=\"nofollow noopener\" target=\"_blank\">dykkerne saumfarte omr\u00e5det med hammer og nett<\/a>.<\/p>\n<p>Menneskelige handlinger<\/p>\n<p>Klimaendringer p\u00e5virker naturtypene i enda st\u00f8rre grad enn tidligere. Men det er menneskeskapte arealendringer som er hoved\u00e5rsaken til at naturtypene g\u00e5 tapt.<\/p>\n<p>I 2018 var 123 naturtyper r\u00f8dlistet. Hovedgrunnen til at tallet n\u00e5 er s\u00e5 mye h\u00f8yere er at naturen er delt inn i nesten tre ganger s\u00e5 mange typer, for \u00e5 skape en mer presis oversikt.<\/p>\n<p>\u2013 Det vi s\u00e5 konturene av tidligere, har vi n\u00e5 f\u00e5tt bedre kunnskap om. S\u00e5 dagens R\u00f8dliste er et mer oppdatert, presist og relevant verkt\u00f8y for forvaltningen, sier Bohnhorst.<\/p>\n<p><strong>R\u00f8dlista er et viktig styringsverkt\u00f8y for myndighetene i forbindelse bygging av b\u00e5de industri, boliger og veier.<\/strong><\/p>\n<p>Artsdatabanken er et faglig og uavhengig forvaltningsorgan, som ligger under Klima- og milj\u00f8departementet.<\/p>\n<p>\u2013 Jeg er glad for at vi har R\u00f8dlista, som n\u00e5 er blitt enda bedre og mer presist verkt\u00f8y, slik at vi kan ta kunnskapsbaserte valg om naturen, sier klima- og milj\u00f8minister Andreas Bjelland Eriksen.<\/p>\n<ul data-scroll-container=\"\" role=\"list\">\n<li><img alt=\"Hans Cosson-Eide, redaksjonsleder for klima og teknologi.\"  width=\"3840\" height=\"962\" loading=\"lazy\"\/>Det store bildet: Vinteren blir kortere\n<p>F\u00e6rre dager med sn\u00f8 og minusgrader.<\/p>\n<p>Den norske vinteren har allerede blitt kortere.<\/p>\n<p>Hvor mye mindre sn\u00f8 vi f\u00e5r i fremtiden, kommer an p\u00e5 hvor mye klimagasser vi slipper ut fra fossile drivstoff og andre kilder i \u00e5rene som kommer.<\/p>\n<p>Sveip videre for \u00e5 lese mer.<\/p>\n<\/li>\n<li><img alt=\"Et skilt med teksten &quot;lite sn\u00f8&quot;\"  width=\"3840\" height=\"959\" loading=\"lazy\"\/>\n<p>\n        Cornelius Poppe \/ NRK\n      <\/p>\n<p>Vi mister vinterdager<\/p>\n<p>I Oslo var det \u00e5rlig 22 f\u00e6rre vinterdager i perioden 1991-2020, enn det var de 30 \u00e5rene f\u00f8r.<\/p>\n<p>Bod\u00f8 har mistet 48 vinterdager, mens R\u00f8ros bare har mistet to, if\u00f8lge <a href=\"https:\/\/www.met.no\/nyhetsarkiv\/vinteren-blir-kortere-i-hele-landet\" rel=\"nofollow noopener\" target=\"_blank\">Meteorologisk institutt<\/a>.<\/p>\n<p>Flere steder langs kysten, som Kristiansand, Stavanger og Bergen, oppfyller ikke lenger kravene i meteorologenes definisjon av vinterdager.<\/p>\n<\/li>\n<li><img alt=\"Et kart over Norge som viser hvilke omr\u00e5der som vil miste mest sn\u00f8 frem mot 2100\"  width=\"3840\" height=\"3235\" loading=\"lazy\"\/>\n<p>\n        Norsk klimaservicesenter \/ NRK\n      <\/p>\n<p>Her forsvinner det mest sn\u00f8<\/p>\n<p>Jo m\u00f8rkere farge p\u00e5 kartet, jo st\u00f8rre nedgang venter Norsk klimaservicesenter i sn\u00f8mengden innen \u00e5r 2100.<\/p>\n<\/li>\n<li><img alt=\"et fjell dekket av sn\u00f8\"  width=\"3840\" height=\"1920\" loading=\"lazy\"\/>\n<p>\n        Tore Meek \/ NRK\n      <\/p>\n<p>Noen steder kan det bli mer sn\u00f8<\/p>\n<p>Klimaendringene er komplekse. N\u00e5r temperaturene \u00f8ker, blir det ogs\u00e5 mer nedb\u00f8r. Det kan faktisk f\u00f8re til mer sn\u00f8 noen steder.<\/p>\n<p>De fleste steder betyr den kombinasjonen mindre sn\u00f8 og mer regn. Men i h\u00f8yfjellet kan den \u00f8kte nedb\u00f8ren fortsatt komme som sn\u00f8, if\u00f8lge <a>Norsk klimaservicesenter<\/a>.<\/p>\n<\/li>\n<li><img alt=\"en lang mur med gjerde og folk som g\u00e5r p\u00e5 den\"  width=\"3840\" height=\"1921\" loading=\"lazy\"\/>\n<p>\n        Halvard Alvik \/ NTB\n      <\/p>\n<p>Kan vi gj\u00f8re noe med det?<\/p>\n<p>Vi f\u00e5r ikke tilbake vinteren fra gamledager, men utviklingen kan bremses.<\/p>\n<p>Jo mer klimagasser verden kutter i \u00e5rene som kommer, jo mindre oppvarming f\u00e5r vi.<\/p>\n<p>Det vil ogs\u00e5 gj\u00f8re at temperaturene vil \u00f8ke mindre, og at vi unng\u00e5r de verste endringene i nedb\u00f8rsm\u00f8nstre.<\/p>\n<\/li>\n<\/ul>\n<p>Mindre mangfold<\/p>\n<p>En ny naturindeks, som kom for en uke siden, viser at det biologiske mangfoldet er blitt mindre i flere av \u00f8kosystemene.<\/p>\n<p>\u2013 Vi har alltid levd av og med naturen i Norge. Og vi er helt avhengig av naturen for \u00e5 leve gode liv \u2013 med frisk luft, rent vann og naturopplevelser. Nedbygging og \u00f8deleggelse av natur svekker \u00f8kosystemene, truer arter og er en kilde til klimagassutslipp, sier Bjelland Eriksen.<\/p>\n<p><strong>Skog og \u00e5pent lavland er \u00f8kosystemene som f\u00e5r lavest indeksverdi.<\/strong><\/p>\n<p>\u2013 Vi har n\u00e5 mange nye prosjekter p\u00e5 gang for \u00e5 effektivisere og forbedre overv\u00e5kingen av norsk natur slik at vi f\u00e5r en bedre oversikt over tilstanden, sier Hilde Singsaas, direkt\u00f8r for Milj\u00f8direktoratet.<\/p>\n<p>Publisert<\/p>\n<p>25.11.2025, kl. 13.40<\/p>\n<p>Oppdatert<\/p>\n<p>26.11.2025, kl. 08.16<\/p>\n","protected":false},"excerpt":{"rendered":"Det er seks \u00e5r siden R\u00f8dlista for naturtyper ble laget sist. Den er en oversikt over hva som&hellip;\n","protected":false},"author":2,"featured_media":96915,"comment_status":"","ping_status":"","sticky":false,"template":"","format":"standard","meta":{"footnotes":""},"categories":[10],"tags":[20,21,24,25,15,22,23,13,30,28,29,14,16,26,27],"class_list":{"0":"post-96914","1":"post","2":"type-post","3":"status-publish","4":"format-standard","5":"has-post-thumbnail","7":"category-norge","8":"tag-breaking-news","9":"tag-breakingnews","10":"tag-featured-news","11":"tag-featurednews","12":"tag-headlines","13":"tag-latest-news","14":"tag-latestnews","15":"tag-news","16":"tag-no","17":"tag-norge","18":"tag-norway","19":"tag-nyheter","20":"tag-overskrifter","21":"tag-top-stories","22":"tag-topstories"},"share_on_mastodon":{"url":"https:\/\/pubeurope.com\/@no\/115614843095222167","error":""},"_links":{"self":[{"href":"https:\/\/www.europesays.com\/no\/wp-json\/wp\/v2\/posts\/96914","targetHints":{"allow":["GET"]}}],"collection":[{"href":"https:\/\/www.europesays.com\/no\/wp-json\/wp\/v2\/posts"}],"about":[{"href":"https:\/\/www.europesays.com\/no\/wp-json\/wp\/v2\/types\/post"}],"author":[{"embeddable":true,"href":"https:\/\/www.europesays.com\/no\/wp-json\/wp\/v2\/users\/2"}],"replies":[{"embeddable":true,"href":"https:\/\/www.europesays.com\/no\/wp-json\/wp\/v2\/comments?post=96914"}],"version-history":[{"count":0,"href":"https:\/\/www.europesays.com\/no\/wp-json\/wp\/v2\/posts\/96914\/revisions"}],"wp:featuredmedia":[{"embeddable":true,"href":"https:\/\/www.europesays.com\/no\/wp-json\/wp\/v2\/media\/96915"}],"wp:attachment":[{"href":"https:\/\/www.europesays.com\/no\/wp-json\/wp\/v2\/media?parent=96914"}],"wp:term":[{"taxonomy":"category","embeddable":true,"href":"https:\/\/www.europesays.com\/no\/wp-json\/wp\/v2\/categories?post=96914"},{"taxonomy":"post_tag","embeddable":true,"href":"https:\/\/www.europesays.com\/no\/wp-json\/wp\/v2\/tags?post=96914"}],"curies":[{"name":"wp","href":"https:\/\/api.w.org\/{rel}","templated":true}]}}