{"id":96928,"date":"2025-11-26T07:48:31","date_gmt":"2025-11-26T07:48:31","guid":{"rendered":"https:\/\/www.europesays.com\/no\/96928\/"},"modified":"2025-11-26T07:48:31","modified_gmt":"2025-11-26T07:48:31","slug":"cmb-tech-omsatte-for-454-millioner-dollar-i-tredje-kvartal-e24","status":"publish","type":"post","link":"https:\/\/www.europesays.com\/no\/96928\/","title":{"rendered":"CMB.Tech omsatte for 454 millioner dollar i tredje kvartal \u2013 E24"},"content":{"rendered":"<p class=\"fullWidthDesktop hyperion-css-71ztg2\" data-test-tag=\"lead-text\">Rederiet venter sterkere t\u00f8rrlastmarked fremover. <\/p>\n<p><img decoding=\"async\" class=\"image-asset hyperion-css-u06ts1\" data-test-tag=\"image-asset\" src=\"https:\/\/www.europesays.com\/no\/wp-content\/uploads\/2025\/11\/b89fbb51-76a1-4a11-9a6f-c9bc7eca61e8\"  alt=\"Illustrasjonsfoto\"  loading=\"eager\" fetchpriority=\"high\" style=\"aspect-ratio:972 \/ 457\"\/>Illustrasjonsfoto Foto: DIMITRI MESSINIS \/ AP \/ NTBPublisert: <\/p>\n<p>For mindre enn 2 timer siden<\/p>\n<p>Oppdatert for mindre enn 40 minutter siden<\/p>\n<ul class=\"hyperion-css-pte5x0\">\n<li aria-label=\"link\" class=\"narrow-button hyperion-css-1sz7d3n\">Kopier lenke<\/li>\n<li aria-label=\"link\" class=\"wide-button hyperion-css-1sz7d3n\">Kopier lenke<\/li>\n<li aria-label=\"facebook\" class=\"narrow-button hyperion-css-1sz7d3n\">Del p\u00e5 Facebook<\/li>\n<li aria-label=\"facebook\" class=\"wide-button hyperion-css-1sz7d3n\">Del p\u00e5 Facebook<\/li>\n<li aria-label=\"email\" class=\"narrow-button hyperion-css-1sz7d3n\">Del med e-post<\/li>\n<li aria-label=\"email\" class=\"wide-button hyperion-css-1sz7d3n\">Del med e-post<\/li>\n<\/ul>\n<p class=\"hyperion-css-1lemvax\">CMB.Tech (tidligere Euronav), som ferdigstilte sammensl\u00e5ingen med Golden Ocean like over sommeren, la frem tall for tredje kvartal onsdag morgen:<\/p>\n<ul class=\"hyperion-css-pkq1ci\" data-test-tag=\"list\">\n<li class=\"hyperion-css-12h2ush\">Inntektene endte p\u00e5 454,2 millioner dollar, opp fra 221,8 millioner i samme kvartal i fjor.<\/li>\n<li class=\"hyperion-css-12h2ush\">Resultatet f\u00f8r skatt var p\u00e5 18,2 millioner dollar, ned fra 99,3 millioner i fjor\u00e5rets tredje kvartal.<\/li>\n<li class=\"hyperion-css-12h2ush\">EBITDA var p\u00e5 238 millioner dollar, mot 177,1 millioner i fjor. <\/li>\n<\/ul>\n<p class=\"hyperion-css-1lemvax\">CMB.Tech driver med skip innen container, t\u00f8rrlast, tank og kjemikalier.<\/p>\n<p><a data-test-tag=\"teaser-small:link-internal\" href=\"https:\/\/e24.no\/boers-og-finans\/i\/bOM8OB\/disse-bankaksjene-gir-best-utbytte\" class=\"imagePosition-top inline hyperion-css-6238vu\" rel=\"nofollow noopener\" target=\"\" aria-label=\"Disse bankaksjene gir best utbytte\"><\/p>\n<p>Les p\u00e5 E24+<\/p>\n<p>Disse bankaksjene gir best utbytte<\/p>\n<p><\/a>Venter sterkt marked<\/p>\n<p class=\"hyperion-css-1lemvax\">Rederiet skriver at de venter at dagens situasjon med \u00f8kt global usikkerhet, der flere land vil prioritere import og oppbygging av lagre av n\u00f8kkelvarer, vil styrke t\u00f8rrlastmarkedet. <\/p>\n<p class=\"hyperion-css-1lemvax\">\u2013 Historisk har Kinas jernmalmimport hatt en tettere sammenheng med globale tilbudsforhold enn med innenlandske trender i st\u00e5lproduksjonen \u2013 et m\u00f8nster som bekreftes av de siste tallene, skriver selskapet. <\/p>\n<p class=\"hyperion-css-1lemvax\">I tillegg skriver selskapet at f\u00f8rste last for transport er gjennomf\u00f8rt til jernbane og havn fra Simandou-gruven i Vest-Afrika, og den f\u00f8rste eksportforsendelsen er fortsatt ventet i november.<\/p>\n<p class=\"hyperion-css-1lemvax\">Simandou-gruven, verdens st\u00f8rste jerngruve, startet produksjon tidligere i m\u00e5neden. Gruven vil f\u00f8re til st\u00f8rre ettersp\u00f8rsel og lengre fraktruter. <\/p>\n<p>\u2013 Niv\u00e5er vi ikke har sett p\u00e5 flere \u00e5r<\/p>\n<p class=\"hyperion-css-1lemvax\">CMB.Tech foresl\u00e5r samtidig et utbytte p\u00e5 0,05 dollar per aksje som er ventet \u00e5 bli utbetalt 15. januar 2026. <\/p>\n<p class=\"hyperion-css-1lemvax\">\u2013 Etter en relativt rolig sommer og sesongmessig lavere rater kom tank- og t\u00f8rrlastmarkedene kraftig tilbake og ligger n\u00e5 p\u00e5 niv\u00e5er vi ikke har sett p\u00e5 flere \u00e5r, sier toppsjef Alexander Saverys i en uttalelse. <\/p>\n<p class=\"hyperion-css-1lemvax\">Han sier resultatene i tredje kvartal gjenspeiler et mykere marked, men at sterkere booking i fjerde kvartal vil forbedre resultatene fremover. <\/p>\n<p class=\"hyperion-css-1lemvax\">\u2013 Vi har solgt ytterligere to eldre skip og tatt levering av syv nye fart\u00f8y ettersom vi fortsetter \u00e5 fornye og dekarbonisere fl\u00e5ten v\u00e5r, sier Saverys. <\/p>\n","protected":false},"excerpt":{"rendered":"Rederiet venter sterkere t\u00f8rrlastmarked fremover. Illustrasjonsfoto Foto: DIMITRI MESSINIS \/ AP \/ NTBPublisert: For mindre enn 2 timer&hellip;\n","protected":false},"author":2,"featured_media":96929,"comment_status":"","ping_status":"","sticky":false,"template":"","format":"standard","meta":{"footnotes":""},"categories":[56],"tags":[60,61,62,30,28,29],"class_list":{"0":"post-96928","1":"post","2":"type-post","3":"status-publish","4":"format-standard","5":"has-post-thumbnail","7":"category-naeringsliv","8":"tag-business","9":"tag-economy","10":"tag-naeringsliv","11":"tag-no","12":"tag-norge","13":"tag-norway"},"share_on_mastodon":{"url":"https:\/\/pubeurope.com\/@no\/115614902239784325","error":""},"_links":{"self":[{"href":"https:\/\/www.europesays.com\/no\/wp-json\/wp\/v2\/posts\/96928","targetHints":{"allow":["GET"]}}],"collection":[{"href":"https:\/\/www.europesays.com\/no\/wp-json\/wp\/v2\/posts"}],"about":[{"href":"https:\/\/www.europesays.com\/no\/wp-json\/wp\/v2\/types\/post"}],"author":[{"embeddable":true,"href":"https:\/\/www.europesays.com\/no\/wp-json\/wp\/v2\/users\/2"}],"replies":[{"embeddable":true,"href":"https:\/\/www.europesays.com\/no\/wp-json\/wp\/v2\/comments?post=96928"}],"version-history":[{"count":0,"href":"https:\/\/www.europesays.com\/no\/wp-json\/wp\/v2\/posts\/96928\/revisions"}],"wp:featuredmedia":[{"embeddable":true,"href":"https:\/\/www.europesays.com\/no\/wp-json\/wp\/v2\/media\/96929"}],"wp:attachment":[{"href":"https:\/\/www.europesays.com\/no\/wp-json\/wp\/v2\/media?parent=96928"}],"wp:term":[{"taxonomy":"category","embeddable":true,"href":"https:\/\/www.europesays.com\/no\/wp-json\/wp\/v2\/categories?post=96928"},{"taxonomy":"post_tag","embeddable":true,"href":"https:\/\/www.europesays.com\/no\/wp-json\/wp\/v2\/tags?post=96928"}],"curies":[{"name":"wp","href":"https:\/\/api.w.org\/{rel}","templated":true}]}}