{"id":96942,"date":"2025-11-26T08:10:09","date_gmt":"2025-11-26T08:10:09","guid":{"rendered":"https:\/\/www.europesays.com\/no\/96942\/"},"modified":"2025-11-26T08:10:09","modified_gmt":"2025-11-26T08:10:09","slug":"dette-er-ansiktet-jeg-har-fortjent","status":"publish","type":"post","link":"https:\/\/www.europesays.com\/no\/96942\/","title":{"rendered":"\u2013 Dette er ansiktet jeg har fortjent"},"content":{"rendered":"\n<p class=\"_lead_o9xde_2 _lead_xtcu6_50 layout-component text-serif-m layout-normal text-serif-l layout-component layout-wide layout-padded _wide_17hqh_1 layout-padded\">Linda Hamilton avviser \u00e5 tilpasse seg Hollywoods skj\u00f8nnhetsstandarder og besettelse med alder. \u2013 Dette er ansiktet jeg har fortjent, sier 69-\u00e5ringen.<\/p>\n<p><img alt=\"Linda Hamilton p\u00e5 \u00abStranger Things\u00bb-premiere i London tidligere denne m\u00e5neden. Foto: Scott A Garfitt \/ AP \/ NTB\" class=\"_image_qp4xg_65 layout-component layout-wide\" data-fullscreen- data-track-element-type=\"Article image fullscreen\" data-track-name=\"ImageFullscreen\" fetchpriority=\"high\" decoding=\"sync\" loading=\"eager\" height=\"2925\" itemprop=\"image\"  src=\"https:\/\/www.europesays.com\/no\/wp-content\/uploads\/2025\/11\/099af952-2ed9-4c8d-a4bf-b910937cce94\"  style=\"object-position:53.90838650865998% 47.008547008547005%\" width=\"4388\"\/>Linda Hamilton p\u00e5 \u00abStranger Things\u00bb-premiere i London tidligere denne m\u00e5neden. Foto: Scott A Garfitt \/ AP \/ NTB<\/p>\n<ul aria-hidden=\"true\" class=\"_images_18f0k_111\">\n<li><a class=\"_link_18f0k_116\" href=\"https:\/\/www.vg.no\/forfatter\/ntb\" style=\"z-index:1\" title=\"NTB\" rel=\"nofollow noopener\" target=\"_blank\"><img alt=\"Bilde av NTB\" class=\"_image_18f0k_93\" fetchpriority=\"low\" loading=\"lazy\" decoding=\"async\" itemprop=\"image\"  src=\"https:\/\/www.europesays.com\/no\/wp-content\/uploads\/2025\/11\/1764144608_966_c33980b0-5d07-4027-84a1-813f90a7c8d6\"  width=\"480\"\/><\/a><\/li>\n<\/ul>\n<p> Oppdatert onsdag 26. november kl. 07:46    <\/p>\n<ul class=\"_list_o9xde_3 _list_64s2r_85 _unordered_o9xde_106 text-sans-m\">\n<li class=\"_item_o9xde_30\">Linda Hamilton nekter \u00e5 tilpasse seg Hollywoods skj\u00f8nnhetsstandarder.<\/li>\n<li class=\"_item_o9xde_30\">Hun er kjent for rollen som Sara Connor i \u00abThe Terminator\u00bb og n\u00e5 aktuell i \u00abStranger Things\u00bb.<\/li>\n<li class=\"_item_o9xde_30\">Hamilton trener tre ganger i uken og avst\u00e5r fra kosmetisk kirurgi.<\/li>\n<li class=\"_item_o9xde_30\">I \u00abStranger Things\u00bb spiller hun Dr. Kay, en regjeringsagent p\u00e5 jakt etter Eleven.<\/li>\n<\/ul>\n<p>Vis mer <\/p>\n<p class=\"_paragraph_o9xde_4 _paragraph_xtcu6_10 layout-component text-serif-m layout-normal text-serif-m layout-padded\">Actionveteranen er ikonisk for innsatsen som Sara Connor i \u00abThe Terminator\u00bb (1984) og \u00abTerminator II: Dommedag\u00bb (1991) \u2013 med Arnold Schwarzenegger som motspiller. De spilte mot hverandre igjen i \u00abTerminator: Dark Fate\u00bb i 2019.<\/p>\n<p class=\"_paragraph_o9xde_4 _paragraph_xtcu6_10 layout-component text-serif-m layout-normal text-serif-m layout-padded\">I et nytt intervju forklarer Hamilton hvorfor hun nekter \u00e5 bruke et \u00f8yeblikk p\u00e5 \u00ab\u00e5 pr\u00f8ve \u00e5 se yngre ut p\u00e5 noe niv\u00e5, noensinne\u00bb.<\/p>\n<p class=\"_paragraph_o9xde_4 _paragraph_xtcu6_10 layout-component text-serif-m layout-normal text-serif-m layout-padded\">\u2013 Jeg har fullstendig overgitt meg til det faktum at dette er ansiktet jeg har fortjent. Det sier meg s\u00e5 mye, uttaler Hamilton, som ikke bruker kosmetisk kirurgi, if\u00f8lge\u00a0<a href=\"https:\/\/www.hollywoodreporter.com\/lifestyle\/lifestyle-news\/stranger-things-linda-hamilton-interview-aging-hollywood-1236435497\/\" class=\"_link_o9xde_39\" rel=\"nofollow noopener\" target=\"_blank\">Hollywood Reporter<\/a>.<\/p>\n<p class=\"_paragraph_o9xde_4 _paragraph_xtcu6_10 layout-component text-serif-m layout-normal text-serif-m layout-padded\">I stedet pr\u00f8ver hun \u00e5 ta godt vare p\u00e5 kroppen og trente tre ganger i uken under innspillingen av den kommende sesongen av \u00abStranger Things\u00bb.<\/p>\n<p class=\"_paragraph_o9xde_4 _paragraph_xtcu6_10 layout-component text-serif-m layout-normal text-serif-m layout-padded\">\u2013 Det var pilates, det var yoga, masse manualer, apparater, strikker, alt. Og jeg elsker det egentlig: \u00e5 g\u00e5 inn og bare \u00abhva trenger du \u00e5 l\u00f8sne opp og strekke ut i dag\u00bb.<\/p>\n<p class=\"_paragraph_o9xde_4 _paragraph_xtcu6_10 layout-component text-serif-m layout-normal text-serif-m layout-padded\">I den popul\u00e6re ungdomsserien er <a href=\"https:\/\/www.vg.no\/tag\/linda-hamilton?utm_source=vg-article&amp;utm_medium=auto-tagger&amp;utm_campaign=2pnKqR\" class=\"_link_o9xde_39\" rel=\"nofollow noopener\" target=\"_blank\">Linda Hamilton<\/a> \u00e5 se som Dr. Kay \u2013 en regjeringsagent p\u00e5 jakt etter Eleven.<\/p>\n<p class=\"_paragraph_o9xde_4 _paragraph_xtcu6_10 layout-component text-serif-m layout-normal layout-padded\"><strong class=\"_strong_o9xde_25\">Les ogs\u00e5:<\/strong> <a href=\"https:\/\/www.vg.no\/i\/2pnqKR\" data-track-element-type=\"Link\" data-track-id=\"link:2pnqKR\" class=\"_link_o9xde_39\" rel=\"nofollow noopener\" target=\"_blank\">\u00abStranger Things\u00bb-stjernen: \u2013 De trodde jeg l\u00f8y<\/a><\/p>\n<p><img alt=\"Linda Hamilton er fan av \u00abStranger Things\u00bb og slo til da hun fikk tilbud om en rolle i Netflix-serien.  Foto: Scott A Garfitt \/ AP \/ NTB\" class=\"_image_qp4xg_65 layout-component layout-normal\" data-fullscreen- data-track-element-type=\"Article image fullscreen\" data-track-name=\"ImageFullscreen\" decoding=\"async\" loading=\"lazy\" height=\"5193\" itemprop=\"image\"  src=\"https:\/\/www.europesays.com\/no\/wp-content\/uploads\/2025\/11\/6ec8c963-ade3-45e2-b6e8-34078cc2f376\"  style=\"object-position:0% 0%\" width=\"7790\"\/>Linda Hamilton er fan av \u00abStranger Things\u00bb og slo til da hun fikk tilbud om en rolle i Netflix-serien.  Foto: Scott A Garfitt \/ AP \/ NTB<\/p>\n<p class=\"_paragraph_o9xde_4 _paragraph_xtcu6_10 layout-component text-serif-m layout-normal text-serif-m layout-padded\">\u2013 Jeg kunne ikke vente med \u00e5 fortelle det til folk, jeg klarte knapt \u00e5 vente, sier Hamilton, som ble sv\u00e6rt begeistret da hun ble tilbudt en rolle i \u00abStranger Things\u00bb \u2013 som hun er fan av.<\/p>\n<p class=\"_paragraph_o9xde_4 _paragraph_xtcu6_10 layout-component text-serif-m layout-normal text-serif-m layout-padded\">Hun er mer hemmelighetsfull om hvem Dr. Kay er i denne siste sesongen, og vil kun si at hun \u00aber en ledende forsker for milit\u00e6ret\u00bb.<\/p>\n<p><img alt=\"Under premieren av \u00abStranger Things\u00bb sesong 5 i London.  Foto: CRISTINA MASSEI \/ ipa-agency.net \/ Pa Photos \/ NTB\" class=\"_image_qp4xg_65 layout-component layout-normal\" data-fullscreen- data-track-element-type=\"Article image fullscreen\" data-track-name=\"ImageFullscreen\" decoding=\"async\" loading=\"lazy\" height=\"3458\" itemprop=\"image\"  src=\"https:\/\/www.europesays.com\/no\/wp-content\/uploads\/2025\/11\/7666c30f-f6a7-4437-885c-c6cf0d62627c\"  style=\"object-position:51.15451221858764% 40.254482359745516%\" width=\"5197\"\/>Under premieren av \u00abStranger Things\u00bb sesong 5 i London.  Foto: CRISTINA MASSEI \/ ipa-agency.net \/ Pa Photos \/ NTB<\/p>\n<p class=\"_paragraph_o9xde_4 _paragraph_xtcu6_10 layout-component text-serif-m layout-normal text-serif-m layout-padded\">Sesong fem av \u00abStranger Things\u00bb slippes i tre bolker p\u00e5 Netflix: De fire f\u00f8rste episodene slippes 27. november, de neste tre kommer 26. desember, mens \u00e5ttende og siste episoden klan str\u00f8mmes 1. januar 2026.<\/p>\n<p>Les ogs\u00e5<\/p>\n","protected":false},"excerpt":{"rendered":"Linda Hamilton avviser \u00e5 tilpasse seg Hollywoods skj\u00f8nnhetsstandarder og besettelse med alder. \u2013 Dette er ansiktet jeg har&hellip;\n","protected":false},"author":2,"featured_media":96943,"comment_status":"","ping_status":"","sticky":false,"template":"","format":"standard","meta":{"footnotes":""},"categories":[12],"tags":[20,21,24,25,15,22,23,12495,13,30,28,29,14,16,2795,26,27,42,43,44,45],"class_list":{"0":"post-96942","1":"post","2":"type-post","3":"status-publish","4":"format-standard","5":"has-post-thumbnail","7":"category-verden","8":"tag-breaking-news","9":"tag-breakingnews","10":"tag-featured-news","11":"tag-featurednews","12":"tag-headlines","13":"tag-latest-news","14":"tag-latestnews","15":"tag-linda-hamilton","16":"tag-news","17":"tag-no","18":"tag-norge","19":"tag-norway","20":"tag-nyheter","21":"tag-overskrifter","22":"tag-stranger-things","23":"tag-top-stories","24":"tag-topstories","25":"tag-verden","26":"tag-world","27":"tag-world-news","28":"tag-worldnews"},"share_on_mastodon":{"url":"https:\/\/pubeurope.com\/@no\/115614989027340968","error":""},"_links":{"self":[{"href":"https:\/\/www.europesays.com\/no\/wp-json\/wp\/v2\/posts\/96942","targetHints":{"allow":["GET"]}}],"collection":[{"href":"https:\/\/www.europesays.com\/no\/wp-json\/wp\/v2\/posts"}],"about":[{"href":"https:\/\/www.europesays.com\/no\/wp-json\/wp\/v2\/types\/post"}],"author":[{"embeddable":true,"href":"https:\/\/www.europesays.com\/no\/wp-json\/wp\/v2\/users\/2"}],"replies":[{"embeddable":true,"href":"https:\/\/www.europesays.com\/no\/wp-json\/wp\/v2\/comments?post=96942"}],"version-history":[{"count":0,"href":"https:\/\/www.europesays.com\/no\/wp-json\/wp\/v2\/posts\/96942\/revisions"}],"wp:featuredmedia":[{"embeddable":true,"href":"https:\/\/www.europesays.com\/no\/wp-json\/wp\/v2\/media\/96943"}],"wp:attachment":[{"href":"https:\/\/www.europesays.com\/no\/wp-json\/wp\/v2\/media?parent=96942"}],"wp:term":[{"taxonomy":"category","embeddable":true,"href":"https:\/\/www.europesays.com\/no\/wp-json\/wp\/v2\/categories?post=96942"},{"taxonomy":"post_tag","embeddable":true,"href":"https:\/\/www.europesays.com\/no\/wp-json\/wp\/v2\/tags?post=96942"}],"curies":[{"name":"wp","href":"https:\/\/api.w.org\/{rel}","templated":true}]}}