{"id":96944,"date":"2025-11-26T08:11:09","date_gmt":"2025-11-26T08:11:09","guid":{"rendered":"https:\/\/www.europesays.com\/no\/96944\/"},"modified":"2025-11-26T08:11:09","modified_gmt":"2025-11-26T08:11:09","slug":"minimal-vekst-i-norsk-okonomi-e24","status":"publish","type":"post","link":"https:\/\/www.europesays.com\/no\/96944\/","title":{"rendered":"Minimal vekst i norsk \u00f8konomi \u2013 E24"},"content":{"rendered":"<p class=\"fullWidthDesktop hyperion-css-71ztg2\" data-test-tag=\"lead-text\">Veksten i norsk \u00f8konomi har tatt seg opp siden sommeren i fjor, men utviklingen var flat i tredje kvartal, if\u00f8lge SSB. <\/p>\n<p><img decoding=\"async\" class=\"image-asset hyperion-css-u06ts1\" data-test-tag=\"image-asset\" src=\"https:\/\/www.europesays.com\/no\/wp-content\/uploads\/2025\/11\/8e27229d-7dc5-4edf-9ba2-dd2067810615\"  alt=\"Fra Hydros produksjonsanlegg p\u00e5 Karm\u00f8y.\"  loading=\"eager\" fetchpriority=\"high\" style=\"aspect-ratio:1900 \/ 1320\"\/>Fra Hydros produksjonsanlegg p\u00e5 Karm\u00f8y. Foto: Ole Berg-Rusten \/ NTBPublisert: <\/p>\n<p>For mindre enn 2 timer siden<\/p>\n<p>Oppdatert for mindre enn 40 minutter siden<\/p>\n<ul class=\"hyperion-css-pte5x0\">\n<li aria-label=\"link\" class=\"narrow-button hyperion-css-1sz7d3n\">Kopier lenke<\/li>\n<li aria-label=\"link\" class=\"wide-button hyperion-css-1sz7d3n\">Kopier lenke<\/li>\n<li aria-label=\"facebook\" class=\"narrow-button hyperion-css-1sz7d3n\">Del p\u00e5 Facebook<\/li>\n<li aria-label=\"facebook\" class=\"wide-button hyperion-css-1sz7d3n\">Del p\u00e5 Facebook<\/li>\n<li aria-label=\"email\" class=\"narrow-button hyperion-css-1sz7d3n\">Del med e-post<\/li>\n<li aria-label=\"email\" class=\"wide-button hyperion-css-1sz7d3n\">Del med e-post<\/li>\n<\/ul>\n<p class=\"hyperion-css-1lemvax\">Saken oppdateres &#8230;<\/p>\n<p class=\"hyperion-css-1lemvax\">Farten i norsk \u00f8konomi var s\u00e5 godt som uendret uendret Korrigert for normal\u00a0sesong- og kalendervariasjon\u00a0og m\u00e5lt i\u00a0faste 2023-priser.fra andre kvartal til tredje kvartal i \u00e5r, g\u00e5r det frem av tall fra <a aria-label=\"Statistisk sentralbyr\u00e5\" class=\"default hyperion-css-1rezu2g\" href=\"https:\/\/www.ssb.no\/nasjonalregnskap-og-konjunkturer\/nasjonalregnskap\/statistikk\/nasjonalregnskap\/artikler\/flat-utvikling-i-norsk-okonomi-i-3-kvartal\" rel=\"noopener nofollow noreferrer\" data-test-tag=\"external-link\" target=\"_blank\">Statistisk sentralbyr\u00e5<\/a> som ble lagt frem onsdag morgen. <\/p>\n<p class=\"hyperion-css-1lemvax\">Norsk fastlands\u00f8konomi vokste med 0,1 prosent i tredje kvartal, if\u00f8lge SSB. <\/p>\n<p class=\"hyperion-css-1lemvax\">\u2013 Veksten i norsk \u00f8konomi har tatt seg opp siden sommeren 2024. P\u00e5 tross av n\u00e6r nullvekst i tredje kvartal, er BNP Fastlands-Norge 1,2 prosent h\u00f8yere enn for et \u00e5r siden, sier P\u00e5l Sletten, seksjonssjef for nasjonalregnskapet i Statistisk sentralbyr\u00e5, i en uttalelse.<\/p>\n<p><a data-test-tag=\"teaser-small:link-internal\" href=\"https:\/\/e24.no\/boers-og-finans\/i\/bOM8OB\/disse-bankaksjene-gir-best-utbytte\" class=\"imagePosition-top inline hyperion-css-6238vu\" rel=\"nofollow noopener\" target=\"\" aria-label=\"Disse bankaksjene gir best utbytte\"><\/p>\n<p>Les p\u00e5 E24+<\/p>\n<p>Disse bankaksjene gir best utbytte<\/p>\n<p><\/a><\/p>\n<p class=\"hyperion-css-1lemvax\">Han sier det er noe tilfeldig variasjon som bidro til at utviklingen i norsk \u00f8konomi ble flat i tredje kvartal. <\/p>\n<p class=\"hyperion-css-1lemvax\">\u2013 Vi ser imidlertid mye av det samme underliggende vekstbildet som i f\u00f8rste halv\u00e5r, sier Sletten i SSB. <\/p>\n<p>\u2013 Husholdningene i st\u00f8tet<\/p>\n<p class=\"hyperion-css-1lemvax\">Sjef\u00f8konom i DNB Carnegie, Kjersti Haugland, sier til E24 at \u00f8konomien egentlig g\u00e5r bedre enn tallet p\u00e5 0,1 prosent indikerer.<\/p>\n<p class=\"hyperion-css-1lemvax\">\u2013 Det underliggende aktivitesbildet er tydelig sterkere enn 0,1 prosent skulle tilsi. Det blir trukket kraftig ned av fiskerin\u00e6ringen. Det er mer tilfelsigheter og skyldes noe driftssatans i industrien, sier hun. <\/p>\n<p class=\"hyperion-css-1lemvax\">Likevel mener hun fortsatt at \u00f8konomien er hakket svakere enn Norges Banks anslag p\u00e5 0,4 prosent i tredje kvartal, men n\u00e6rmere enn om en bare skulle sett p\u00e5 hovedtallet. <\/p>\n<p class=\"hyperion-css-1lemvax\">\u2013 Husholdningene er fortsatt i st\u00f8tet, sier hun. <\/p>\n<p>Konsumet tatt seg opp<\/p>\n<p class=\"hyperion-css-1lemvax\">H\u00f8y prisvekst og \u00f8kte renter har bremset forbruket i husholdningene og boligbyggingen. Styringsrenten i Norge l\u00e5 p\u00e5 4,5 prosent fra desember 2023 f\u00f8r den ble satt ned rett f\u00f8r sommeren. <\/p>\n<p class=\"hyperion-css-1lemvax\">Mens det var uvanlig svak vekst i ettersp\u00f8rseen i 2023, har konsumet tatt seg opp gjennom 2024 og 2025. <\/p>\n<p class=\"hyperion-css-1lemvax\">I tredje kvartal var det oppgang i varehandelen, mens fallet i bygge- og anleggsvirksomheten fortsatte, skriver SSB. <\/p>\n<p class=\"hyperion-css-1lemvax\">Antall sysselsatte personer \u00f8kte med 0,1 prosent fra andre til tredje kvartal. <\/p>\n<p>H\u00f8y aktivitet p\u00e5 sokkelen<\/p>\n<p class=\"hyperion-css-1lemvax\">Utvinningen av r\u00e5olje og naturgass steg med 5,3 prosent i tredje kvartal, m\u00e5t i faste priser. <\/p>\n<p class=\"hyperion-css-1lemvax\">Petroleumsinvesteringene falt noe, men SSB skriver at det er fra h\u00f8ye niv\u00e5er. <\/p>\n<p class=\"hyperion-css-1lemvax\">\u00abFlere utbyggingsprosjekt som ble igangsatt mot slutten av 2022 har n\u00e5 h\u00f8y investeringsaktivitet. I tillegg var det h\u00f8y boreaktivitet p\u00e5 felt som allerede er i drift. Leteboring tok seg ogs\u00e5 opp fra andre kvartal\u00bb, skriver SSB. <\/p>\n","protected":false},"excerpt":{"rendered":"Veksten i norsk \u00f8konomi har tatt seg opp siden sommeren i fjor, men utviklingen var flat i tredje&hellip;\n","protected":false},"author":2,"featured_media":96945,"comment_status":"","ping_status":"","sticky":false,"template":"","format":"standard","meta":{"footnotes":""},"categories":[10],"tags":[20,21,24,25,15,22,23,13,30,28,29,14,16,26,27],"class_list":{"0":"post-96944","1":"post","2":"type-post","3":"status-publish","4":"format-standard","5":"has-post-thumbnail","7":"category-norge","8":"tag-breaking-news","9":"tag-breakingnews","10":"tag-featured-news","11":"tag-featurednews","12":"tag-headlines","13":"tag-latest-news","14":"tag-latestnews","15":"tag-news","16":"tag-no","17":"tag-norge","18":"tag-norway","19":"tag-nyheter","20":"tag-overskrifter","21":"tag-top-stories","22":"tag-topstories"},"share_on_mastodon":{"url":"https:\/\/pubeurope.com\/@no\/115614992736810512","error":""},"_links":{"self":[{"href":"https:\/\/www.europesays.com\/no\/wp-json\/wp\/v2\/posts\/96944","targetHints":{"allow":["GET"]}}],"collection":[{"href":"https:\/\/www.europesays.com\/no\/wp-json\/wp\/v2\/posts"}],"about":[{"href":"https:\/\/www.europesays.com\/no\/wp-json\/wp\/v2\/types\/post"}],"author":[{"embeddable":true,"href":"https:\/\/www.europesays.com\/no\/wp-json\/wp\/v2\/users\/2"}],"replies":[{"embeddable":true,"href":"https:\/\/www.europesays.com\/no\/wp-json\/wp\/v2\/comments?post=96944"}],"version-history":[{"count":0,"href":"https:\/\/www.europesays.com\/no\/wp-json\/wp\/v2\/posts\/96944\/revisions"}],"wp:featuredmedia":[{"embeddable":true,"href":"https:\/\/www.europesays.com\/no\/wp-json\/wp\/v2\/media\/96945"}],"wp:attachment":[{"href":"https:\/\/www.europesays.com\/no\/wp-json\/wp\/v2\/media?parent=96944"}],"wp:term":[{"taxonomy":"category","embeddable":true,"href":"https:\/\/www.europesays.com\/no\/wp-json\/wp\/v2\/categories?post=96944"},{"taxonomy":"post_tag","embeddable":true,"href":"https:\/\/www.europesays.com\/no\/wp-json\/wp\/v2\/tags?post=96944"}],"curies":[{"name":"wp","href":"https:\/\/api.w.org\/{rel}","templated":true}]}}