{"id":96957,"date":"2025-11-26T08:21:09","date_gmt":"2025-11-26T08:21:09","guid":{"rendered":"https:\/\/www.europesays.com\/no\/96957\/"},"modified":"2025-11-26T08:21:09","modified_gmt":"2025-11-26T08:21:09","slug":"miljovernere-reagerer-pa-tour-de-france-avslutning-har-startet-kampanje","status":"publish","type":"post","link":"https:\/\/www.europesays.com\/no\/96957\/","title":{"rendered":"Milj\u00f8vernere reagerer p\u00e5 Tour de France-avslutning \u2013 har startet kampanje"},"content":{"rendered":"\n<p class=\"_lead_o9xde_2 _lead_xtcu6_50 layout-component text-serif-m layout-normal text-serif-l layout-component layout-wide layout-padded _wide_17hqh_1 layout-padded\">Lokale milj\u00f8vernere har startet en underskriftskampanje for \u00e5 presse arrang\u00f8rene av Tour de France til \u00e5 fjerne et spesielt omr\u00e5de fra traseen.<\/p>\n<p><img alt=\"Tour de France-har planen klar.  Foto: Thibault Camus \/ AP \/ NTB\" class=\"_image_qp4xg_65 layout-component layout-wide\" data-fullscreen- data-track-element-type=\"Article image fullscreen\" data-track-name=\"ImageFullscreen\" fetchpriority=\"high\" decoding=\"sync\" loading=\"eager\" height=\"2441\" itemprop=\"image\"  src=\"https:\/\/www.europesays.com\/no\/wp-content\/uploads\/2025\/11\/e3e6a5aa-a33d-4c54-b494-3d63d5596052\"  style=\"object-position:0% 0%\" width=\"3661\"\/>Tour de France-har planen klar.  Foto: Thibault Camus \/ AP \/ NTB<\/p>\n<ul aria-hidden=\"true\" class=\"_images_18f0k_111\">\n<li><a class=\"_link_18f0k_116\" href=\"https:\/\/www.vg.no\/forfatter\/ntb\" style=\"z-index:1\" title=\"NTB\" rel=\"nofollow noopener\" target=\"_blank\"><img alt=\"Bilde av NTB\" class=\"_image_18f0k_93\" fetchpriority=\"low\" loading=\"lazy\" decoding=\"async\" itemprop=\"image\"  src=\"https:\/\/www.europesays.com\/no\/wp-content\/uploads\/2025\/11\/1764145269_971_c33980b0-5d07-4027-84a1-813f90a7c8d6\"  width=\"480\"\/><\/a><\/li>\n<\/ul>\n<p> Oppdatert onsdag 26. november kl. 08:09     <\/p>\n<p class=\"_paragraph_o9xde_4 _paragraph_xtcu6_10 layout-component text-serif-m layout-normal text-serif-m layout-padded\"> Misn\u00f8yen mot Tour-planene og kampanjen som er igangsatt er omtalt av blant andre <a href=\"https:\/\/www.cyclingnews.com\/pro-cycling\/races\/2026-tour-de-france-use-of-col-de-la-sarenne-sparks-opposition-from-local-environmentalists\/\" class=\"_link_o9xde_39\" rel=\"nofollow noopener\" target=\"_blank\">Cyclingnews <\/a> og spanske <a href=\"https:\/\/www.marca.com\/ciclismo\/tour-francia\/2025\/11\/25\/final-tour-2026-aire-6-000-firmas-etapon.html\" class=\"_link_o9xde_39\" rel=\"nofollow noopener\" target=\"_blank\">Marca<\/a>.<\/p>\n<p class=\"_paragraph_o9xde_4 _paragraph_xtcu6_10 layout-component text-serif-m layout-normal text-serif-m layout-padded\">Stridens kjerne er sykkelarrang\u00f8renes plan om \u00e5 benytte stigningen Col de Sarenne p\u00e5 den nest siste etappen av 2026-utgaven av verdens mest prestisjetunge sykkelritt.<\/p>\n<p class=\"_paragraph_o9xde_4 _paragraph_xtcu6_10 layout-component text-serif-m layout-normal text-serif-m layout-padded\">Sjansen er til stede for at kampen om sammenlagtseieren blir avgjort nettopp der, all den tid den 20. etappen er den siste i fjellene.<\/p>\n<p class=\"_paragraph_o9xde_4 _paragraph_xtcu6_10 layout-component text-serif-m layout-normal text-serif-m layout-padded\">Col de Sarenne f\u00f8rer opp til legendariske Alpe d\u2019Huez, men er sjelden benyttet i sykkelritt. At den n\u00e5 skal bli nettopp det, har f\u00f8rt til en kampanje som s\u00e5 langt har samlet 6000 underskrifter.<\/p>\n<p class=\"_paragraph_o9xde_4 _paragraph_xtcu6_10 layout-component text-serif-m layout-normal text-serif-m layout-padded\">Initiativtakerne er kritisk til p\u00e5virkningen den ventede massive tilstr\u00f8mningen av tilskuere og den omfattende TV-dekningen vil ha p\u00e5 det Marca beskriver som et av de mest uber\u00f8rte omr\u00e5dene i Alpene.<\/p>\n<p class=\"_paragraph_o9xde_4 _paragraph_xtcu6_10 layout-component text-serif-m layout-normal text-serif-m layout-padded\">I underskriftskampanjen advares det mot at helikoptre kan forstyrre dyrelivet, spesielt fuglene som hekker i omr\u00e5det, og at store mengder tilskuere og kj\u00f8ret\u00f8y vil kunne skade et \u00f8kosystem som anses som skj\u00f8rt og unikt.<\/p>\n<p class=\"_paragraph_o9xde_4 _paragraph_xtcu6_10 layout-component text-serif-m layout-normal text-serif-m layout-padded\">Tour de France har ogs\u00e5 tidligere benyttet Col de Sarenne-stigningen. Ogs\u00e5 da ble det protester, uten at arrang\u00f8rene endret sine planer av den grunn.<\/p>\n","protected":false},"excerpt":{"rendered":"Lokale milj\u00f8vernere har startet en underskriftskampanje for \u00e5 presse arrang\u00f8rene av Tour de France til \u00e5 fjerne et&hellip;\n","protected":false},"author":2,"featured_media":96958,"comment_status":"","ping_status":"","sticky":false,"template":"","format":"standard","meta":{"footnotes":""},"categories":[59],"tags":[30,28,29,83,82],"class_list":{"0":"post-96957","1":"post","2":"type-post","3":"status-publish","4":"format-standard","5":"has-post-thumbnail","7":"category-sport","8":"tag-no","9":"tag-norge","10":"tag-norway","11":"tag-sport","12":"tag-sports"},"share_on_mastodon":{"url":"https:\/\/pubeurope.com\/@no\/115615031922904549","error":""},"_links":{"self":[{"href":"https:\/\/www.europesays.com\/no\/wp-json\/wp\/v2\/posts\/96957","targetHints":{"allow":["GET"]}}],"collection":[{"href":"https:\/\/www.europesays.com\/no\/wp-json\/wp\/v2\/posts"}],"about":[{"href":"https:\/\/www.europesays.com\/no\/wp-json\/wp\/v2\/types\/post"}],"author":[{"embeddable":true,"href":"https:\/\/www.europesays.com\/no\/wp-json\/wp\/v2\/users\/2"}],"replies":[{"embeddable":true,"href":"https:\/\/www.europesays.com\/no\/wp-json\/wp\/v2\/comments?post=96957"}],"version-history":[{"count":0,"href":"https:\/\/www.europesays.com\/no\/wp-json\/wp\/v2\/posts\/96957\/revisions"}],"wp:featuredmedia":[{"embeddable":true,"href":"https:\/\/www.europesays.com\/no\/wp-json\/wp\/v2\/media\/96958"}],"wp:attachment":[{"href":"https:\/\/www.europesays.com\/no\/wp-json\/wp\/v2\/media?parent=96957"}],"wp:term":[{"taxonomy":"category","embeddable":true,"href":"https:\/\/www.europesays.com\/no\/wp-json\/wp\/v2\/categories?post=96957"},{"taxonomy":"post_tag","embeddable":true,"href":"https:\/\/www.europesays.com\/no\/wp-json\/wp\/v2\/tags?post=96957"}],"curies":[{"name":"wp","href":"https:\/\/api.w.org\/{rel}","templated":true}]}}