{"id":96977,"date":"2025-11-26T08:48:10","date_gmt":"2025-11-26T08:48:10","guid":{"rendered":"https:\/\/www.europesays.com\/no\/96977\/"},"modified":"2025-11-26T08:48:10","modified_gmt":"2025-11-26T08:48:10","slug":"trumps-utsending-ga-russland-rad-om-fredsplan","status":"publish","type":"post","link":"https:\/\/www.europesays.com\/no\/96977\/","title":{"rendered":"Trumps utsending ga Russland r\u00e5d om fredsplan"},"content":{"rendered":"\n<p class=\"_lead_o9xde_2 _lead_xtcu6_50 layout-component text-serif-m layout-normal text-serif-l layout-component layout-wide layout-padded _wide_17hqh_1 layout-padded\">Russisk presidentr\u00e5dgiver mener en samtale med en Trump-utsending ble lekket for \u00e5 skade forholdet mellom landene.<\/p>\n<p><img alt=\"President Donald Trumps spesialutsending Steve Witkoff og Putin-r\u00e5dgiver Jurij Usjakov. Foto: AP\" class=\"_image_qp4xg_65 layout-component layout-wide\" data-fullscreen- data-track-element-type=\"Article image fullscreen\" data-track-name=\"ImageFullscreen\" fetchpriority=\"high\" decoding=\"sync\" loading=\"eager\" height=\"1417\" itemprop=\"image\"  src=\"https:\/\/www.europesays.com\/no\/wp-content\/uploads\/2025\/11\/c23897af-fc9d-410d-92f5-e7fca640463d\"  style=\"object-position:0% 0%\" width=\"1890\"\/>President Donald Trumps spesialutsending Steve Witkoff og Putin-r\u00e5dgiver Jurij Usjakov. Foto: AP<\/p>\n<ul aria-hidden=\"true\" class=\"_images_18f0k_111\">\n<li><a class=\"_link_18f0k_116\" href=\"https:\/\/www.vg.no\/forfatter\/vilde-elgaaen\" style=\"z-index:1\" title=\"Vilde Elgaaen\" rel=\"nofollow noopener\" target=\"_blank\"><img alt=\"Bilde av Vilde Elgaaen\" class=\"_image_18f0k_93\" fetchpriority=\"low\" loading=\"lazy\" decoding=\"async\" itemprop=\"image\"  src=\"https:\/\/www.europesays.com\/no\/wp-content\/uploads\/2025\/11\/1764146889_954_d7abc11e-e453-4b15-b473-933209ff5fea\"  width=\"480\"\/><\/a><\/li>\n<\/ul>\n<p> Oppdatert onsdag 26. november kl. 09:06    <\/p>\n<ul class=\"_list_o9xde_3 _list_64s2r_85 _unordered_o9xde_106 text-sans-m\">\n<li class=\"_item_o9xde_30\">En lekket samtale mellom Russlands toppdiplomat Jurij Usjakov og Trump-utsending Steve Witkoff skaper rabalder.<\/li>\n<li class=\"_item_o9xde_30\">Usjakov antyder at lekkasjen kan ha v\u00e6rt egnet til \u00e5 skade forholdet mellom Russland og USA.<\/li>\n<li class=\"_item_o9xde_30\">Witkoff diskuterte mulig fredsavtale mellom Russland og Ukraina basert p\u00e5 Trumps tidligere Gaza-plan.<\/li>\n<\/ul>\n<p>Vis mer <\/p>\n<p class=\"_paragraph_o9xde_4 _paragraph_xtcu6_10 layout-component text-serif-m layout-normal text-serif-m layout-padded\">\u2013 Sannsynligvis for \u00e5 forhindre det. Det er neppe gjort for \u00e5 forbedre forholdet.<\/p>\n<p class=\"_paragraph_o9xde_4 _paragraph_xtcu6_10 layout-component text-serif-m layout-normal text-serif-m layout-padded\">Det sier Jurij Usjakov, som er president Vladimir Putins \u00f8verste utenrikspolitiske r\u00e5dgiver, til en representant for den russiske TV-kanalen Rossija 1, if\u00f8lge <a href=\"https:\/\/www.interfax.ru\/russia\/1059909\" class=\"_link_o9xde_39\" rel=\"nofollow noopener\" target=\"_blank\">Interfax<\/a>.<\/p>\n<p class=\"_paragraph_o9xde_4 _paragraph_xtcu6_10 layout-component text-serif-m layout-normal text-serif-m layout-padded\">Uttalelsene kommer etter at det amerikanske nyhetsbyr\u00e5et Bloomberg mandag publiserte en fullstendig transkripsjon av en fem minutter lang telefonsamtale mellom Usjakov og Steve Witkoff, Donald Trumps spesialutsending for fredsoppdrag.<\/p>\n<p><img decoding=\"async\" alt=\"Bilde av Steve Witkoff\" class=\"_image_ygndg_42\" height=\"27\" itemprop=\"image\" loading=\"lazy\"  src=\"https:\/\/www.europesays.com\/no\/wp-content\/uploads\/2025\/11\/45288cbe-835d-40a7-a245-c9e2b0603f8d\"  width=\"40\"\/><strong class=\"_name_ygndg_51 title-serif-xs\">Steve Witkoff<\/strong><\/p>\n<p class=\"_paragraph_o9xde_4 text-sans-m _description_ygndg_56\">Trumps spesialutsending<\/p>\n<p class=\"_paragraph_o9xde_4 _paragraph_xtcu6_10 layout-component text-serif-m layout-normal text-serif-m layout-padded\">Usjakov bekrefter samtidig at samtalen med Witkoff faktisk fant sted.<\/p>\n<p class=\"_paragraph_o9xde_4 _paragraph_xtcu6_10 layout-component text-serif-m layout-normal text-serif-m layout-padded\">\u2013 Jeg vet ikke. Noen lekker, noen avlytter, men ikke vi, sier han n\u00e5r han blir spurt om hvor opptakene kommer fra.<\/p>\n<p>Ga Trump-r\u00e5d<\/p>\n<p class=\"_paragraph_o9xde_4 _paragraph_xtcu6_10 layout-component text-serif-m layout-normal text-serif-m layout-padded\">I den fem minutter lange samtalen 14. oktober, som <a href=\"https:\/\/www.bloomberg.com\/news\/articles\/2025-11-25\/witkoff-discusses-ukraine-plans-with-key-putin-aide-transcript\" class=\"_link_o9xde_39\" rel=\"nofollow noopener\" target=\"_blank\">Bloomberg<\/a> har f\u00e5tt tilgang til lydopptak av, fortalte Witkoff blant annet: <\/p>\n<p class=\"_paragraph_o9xde_4 _paragraph_xtcu6_10 layout-component text-serif-m layout-normal text-serif-m layout-padded\">\u2013 N\u00e5, mellom deg og meg, jeg vet hva som skal til for \u00e5 f\u00e5 en fredsavtale: Donetsk og kanskje et landbytte et sted, sier Witkoff til Usjakov i samtalen.<\/p>\n<p><img alt=\"Witkoff ser du nederst til h\u00f8yre i dette bildet fra da Zelenskyj bes\u00f8kte Trump i Det hvite hus i august 2025. Til venstre for ham er utenriksminister Marco Rubio og visepresident JD Vance.  Foto: Julia Demaree Nikhinson \/ AP \/ NTB\" class=\"_image_qp4xg_65 layout-component layout-normal\" data-fullscreen- data-track-element-type=\"Article image fullscreen\" data-track-name=\"ImageFullscreen\" decoding=\"async\" loading=\"lazy\" height=\"2160\" itemprop=\"image\"  src=\"https:\/\/www.europesays.com\/no\/wp-content\/uploads\/2025\/11\/0d234eb3-dcf2-43b5-9054-139971cf9829\"  style=\"object-position:0% 0%\" width=\"3239\"\/>Witkoff ser du nederst til h\u00f8yre i dette bildet fra da Zelenskyj bes\u00f8kte Trump i Det hvite hus i august 2025. Til venstre for ham er utenriksminister Marco Rubio og visepresident JD Vance.  Foto: Julia Demaree Nikhinson \/ AP \/ NTB<\/p>\n<p class=\"_paragraph_o9xde_4 _paragraph_xtcu6_10 layout-component text-serif-m layout-normal text-serif-m layout-padded\">Witkoff foresl\u00e5r ogs\u00e5 at de to landene utvikler en felles fredsplan modellert etter Gaza-v\u00e5penhvilen han nylig hjalp til med \u00e5 forhandle frem.<\/p>\n<p class=\"_paragraph_o9xde_4 _paragraph_xtcu6_10 layout-component text-serif-m layout-normal text-serif-m layout-padded\">\u2013 Vi satte sammen en 20-punkts Trump-plan som var 20 punkter for fred, og jeg tenker kanskje vi gj\u00f8r det samme med dere, sier han i samtalen.<\/p>\n<p class=\"_paragraph_o9xde_4 _paragraph_xtcu6_10 layout-component text-serif-m layout-normal text-serif-m layout-padded\">I telefonsamtalen gir Witkoff ogs\u00e5 taktiske r\u00e5d til den russiske r\u00e5dgiveren om hvordan Putin b\u00f8r snakke med Trump.<\/p>\n<p class=\"_paragraph_o9xde_4 _paragraph_xtcu6_10 layout-component text-serif-m layout-normal layout-padded\"><strong class=\"_strong_o9xde_25\">Les ogs\u00e5:<\/strong> <a href=\"https:\/\/www.vg.no\/i\/gwXg85\" data-track-element-type=\"Link\" data-track-id=\"link:gwXg85\" class=\"_link_o9xde_39\" rel=\"nofollow noopener\" target=\"_blank\">FNs sikkerhetsr\u00e5d vedtok Trumps Gaza-plan<\/a><\/p>\n<p class=\"_paragraph_o9xde_4 _paragraph_xtcu6_10 layout-component text-serif-m layout-normal text-serif-m layout-padded\">\u2013 Jeg ville ringt og bare gjentatt at du gratulerer presidenten med denne prestasjonen, at du st\u00f8ttet den, at du respekterer at han er en fredens mann, r\u00e5der Witkoff.<\/p>\n<p class=\"_paragraph_o9xde_4 _paragraph_xtcu6_10 layout-component text-serif-m layout-normal text-serif-m layout-padded\">Usjakov virker \u00e5 ta r\u00e5dene til seg.<\/p>\n<p class=\"_paragraph_o9xde_4 _paragraph_xtcu6_10 layout-component text-serif-m layout-normal text-serif-m layout-padded\">\u2013 Han vil gratulere og vil si: \u00abHerr Trump er en ekte fredens mann\u00bb, svarer han.<\/p>\n<p class=\"_paragraph_o9xde_4 _paragraph_xtcu6_10 layout-component text-serif-m layout-normal text-serif-m layout-padded\">Witkoff foresl\u00e5r ogs\u00e5 at Putin-Trump-samtalen b\u00f8r skje f\u00f8r den ukrainske presidenten Volodymyr <a href=\"https:\/\/www.vg.no\/nyheter\/i\/5EP9Ke\/zelenskyj-og-trump-moetes-i-det-hvite-hus-for-tredje-gang\" data-track-element-type=\"Link\" data-track-id=\"link:5EP9Ke\" class=\"_link_o9xde_39\" rel=\"nofollow noopener\" target=\"_blank\">Zelenskyjs planlagte bes\u00f8k <\/a>i Det hvite hus senere samme uke. <\/p>\n<p class=\"_paragraph_o9xde_4 _paragraph_xtcu6_10 layout-component text-serif-m layout-normal text-serif-m layout-padded\">Telefonsamtalen fant sted samme dag som Trump uttrykte frustrasjon over Putins manglende vilje til \u00e5 avslutte krigen.<\/p>\n<p class=\"_paragraph_o9xde_4 _paragraph_xtcu6_10 layout-component text-serif-m layout-normal text-serif-m layout-padded\">\u2013 Jeg vet ikke hvorfor han fortsetter med denne krigen. Han vil bare ikke avslutte den krigen. Og jeg tror det f\u00e5r ham til \u00e5 se veldig d\u00e5rlig ut, sa Trump if\u00f8lge <a href=\"https:\/\/www.theguardian.com\/us-news\/2025\/nov\/25\/trump-envoy-on-russia-ukraine-peace-deal\" class=\"_link_o9xde_39\" rel=\"nofollow noopener\" target=\"_blank\">The Guardian<\/a>.<\/p>\n<p>Planens rette far<\/p>\n<p class=\"_paragraph_o9xde_4 _paragraph_xtcu6_10 layout-component text-serif-m layout-normal text-serif-m layout-padded\">Det har fra f\u00f8r v\u00e6rt spekulasjoner om det opprinnelige amerikanske forslaget til en fredsplan kan ha russisk opphav.<\/p>\n<p class=\"_paragraph_o9xde_4 _paragraph_xtcu6_10 layout-component text-serif-m layout-normal text-serif-m layout-padded\">Amerikanske politikere i Senatet har tidligere stilt sp\u00f8rsm\u00e5l til sin utenriksminister Marco Rubio om opphavet til planen, og hva han svarte strides det om.<\/p>\n<p class=\"_paragraph_o9xde_4 _paragraph_xtcu6_10 layout-component text-serif-m layout-normal text-serif-m layout-padded\"><a href=\"https:\/\/news.sky.com\/story\/who-actually-wrote-us-russian-peace-plan-for-ukraine-13474427\" class=\"_link_o9xde_39\" rel=\"nofollow noopener\" target=\"_blank\">Sky News<\/a>\u00a0skriver at Rubio skal ha sagt at det var i utgangspunktet en russisk \u00f8nskeliste, noe som blir avvist fullstendig av utenriksdepartementet.<\/p>\n<p class=\"_paragraph_o9xde_4 _paragraph_xtcu6_10 layout-component text-serif-m layout-normal text-serif-m layout-padded\">Opphavet til USAs opprinnelige 28 punkter har ogs\u00e5 Polens statsminister Donald Tusk satt sp\u00f8rsm\u00e5lstegn ved.<\/p>\n<p class=\"_paragraph_o9xde_4 _paragraph_xtcu6_10 layout-component text-serif-m layout-normal text-serif-m layout-padded\">I en <a href=\"https:\/\/x.com\/donaldtusk\/status\/1992518269295845381\" class=\"_link_o9xde_39\" rel=\"nofollow\">post p\u00e5 X<\/a>\u00a0s\u00f8ndag, skrev han at europeiske ledere, Canada og Japan har sagt seg klare til \u00e5 jobbe med planen, men:<\/p>\n<p class=\"_paragraph_o9xde_4 _paragraph_xtcu6_10 layout-component text-serif-m layout-normal text-serif-m layout-padded\">\u2013 F\u00f8r vi starter arbeidet ville det v\u00e6rt godt \u00e5 vite helt sikkert hvem det er som er forfatter for planen og hvor den ble laget, heter det fra Tusk.<\/p>\n<p class=\"_paragraph_o9xde_4 _paragraph_xtcu6_10 layout-component text-serif-m layout-normal text-serif-m layout-padded\">Putin sa tidligere denne m\u00e5neden at han mente den amerikanske planen kunne tjene som \u00abgrunnlag for en endelig fredelig l\u00f8sning\u00bb, selv om Kreml hevder de ikke har diskutert forslaget i detalj med Washington, if\u00f8lge <a href=\"https:\/\/www.theguardian.com\/us-news\/2025\/nov\/25\/trump-envoy-on-russia-ukraine-peace-deal\" class=\"_link_o9xde_39\" rel=\"nofollow noopener\" target=\"_blank\">The Guardian<\/a>.<\/p>\n<p class=\"_paragraph_o9xde_4 _paragraph_xtcu6_10 layout-component text-serif-m layout-normal text-serif-m layout-padded\">Avsl\u00f8ringene kommer samtidig som Trump tirsdag sa at han sender Witkoff til \u00e5 m\u00f8te Putin i Moskva, og USAs h\u00e6rminister Dan Driscoll til \u00e5 m\u00f8te ukrainerne.<\/p>\n<p class=\"_paragraph_o9xde_4 _paragraph_xtcu6_10 layout-component text-serif-m layout-normal text-serif-m layout-padded\">\u2013 Jeg ser frem til forh\u00e5pentligvis \u00e5 m\u00f8te president Zelenskyj og president Putin snart, men BARE n\u00e5r avtalen for \u00e5 avslutte denne krigen er ENDELIG eller i sine siste stadier, skrev Trump p\u00e5 Truth Social if\u00f8lge <a href=\"https:\/\/www.axios.com\/2025\/11\/25\/trump-putin-zelensky-peace-ukraine-russia\" class=\"_link_o9xde_39\" rel=\"nofollow noopener\" target=\"_blank\">Axios<\/a>.<\/p>\n","protected":false},"excerpt":{"rendered":"Russisk presidentr\u00e5dgiver mener en samtale med en Trump-utsending ble lekket for \u00e5 skade forholdet mellom landene. President Donald&hellip;\n","protected":false},"author":2,"featured_media":96978,"comment_status":"","ping_status":"","sticky":false,"template":"","format":"standard","meta":{"footnotes":""},"categories":[5],"tags":[1238,20,21,55,24,25,15,19,179,22,23,17,18,13,30,28,29,14,16,188,26,27,46,186],"class_list":{"0":"post-96977","1":"post","2":"type-post","3":"status-publish","4":"format-standard","5":"has-post-thumbnail","7":"category-overskrifter","8":"tag-amerikansk-politikk","9":"tag-breaking-news","10":"tag-breakingnews","11":"tag-donald-trump","12":"tag-featured-news","13":"tag-featurednews","14":"tag-headlines","15":"tag-hovedoppslag","16":"tag-krigen-i-ukraina","17":"tag-latest-news","18":"tag-latestnews","19":"tag-main-news","20":"tag-mainnews","21":"tag-news","22":"tag-no","23":"tag-norge","24":"tag-norway","25":"tag-nyheter","26":"tag-overskrifter","27":"tag-russland","28":"tag-top-stories","29":"tag-topstories","30":"tag-vgai","31":"tag-vladimir-putin"},"share_on_mastodon":{"url":"https:\/\/pubeurope.com\/@no\/115615138294474785","error":""},"_links":{"self":[{"href":"https:\/\/www.europesays.com\/no\/wp-json\/wp\/v2\/posts\/96977","targetHints":{"allow":["GET"]}}],"collection":[{"href":"https:\/\/www.europesays.com\/no\/wp-json\/wp\/v2\/posts"}],"about":[{"href":"https:\/\/www.europesays.com\/no\/wp-json\/wp\/v2\/types\/post"}],"author":[{"embeddable":true,"href":"https:\/\/www.europesays.com\/no\/wp-json\/wp\/v2\/users\/2"}],"replies":[{"embeddable":true,"href":"https:\/\/www.europesays.com\/no\/wp-json\/wp\/v2\/comments?post=96977"}],"version-history":[{"count":0,"href":"https:\/\/www.europesays.com\/no\/wp-json\/wp\/v2\/posts\/96977\/revisions"}],"wp:featuredmedia":[{"embeddable":true,"href":"https:\/\/www.europesays.com\/no\/wp-json\/wp\/v2\/media\/96978"}],"wp:attachment":[{"href":"https:\/\/www.europesays.com\/no\/wp-json\/wp\/v2\/media?parent=96977"}],"wp:term":[{"taxonomy":"category","embeddable":true,"href":"https:\/\/www.europesays.com\/no\/wp-json\/wp\/v2\/categories?post=96977"},{"taxonomy":"post_tag","embeddable":true,"href":"https:\/\/www.europesays.com\/no\/wp-json\/wp\/v2\/tags?post=96977"}],"curies":[{"name":"wp","href":"https:\/\/api.w.org\/{rel}","templated":true}]}}