{"id":96981,"date":"2025-11-26T08:50:06","date_gmt":"2025-11-26T08:50:06","guid":{"rendered":"https:\/\/www.europesays.com\/no\/96981\/"},"modified":"2025-11-26T08:50:06","modified_gmt":"2025-11-26T08:50:06","slug":"louis-c-k-og-mimi-odonnell-tatt-pa-fersken","status":"publish","type":"post","link":"https:\/\/www.europesays.com\/no\/96981\/","title":{"rendered":"Louis C.K. og Mimi O&#8217;Donnell: Tatt p\u00e5 fersken"},"content":{"rendered":"<p class=\"kicker \" style=\"\">Louis C.K:<\/p>\n<p>  Den kontroversielle komikeren ble tatt p\u00e5 fersken sammen med den avd\u00f8de skuespillerens ekskj\u00e6reste.<\/p>\n<p>\n    VEKKER OPPSIKT: Louis C.K har skapt overskifter etter at han ble fotografert sammen med Mimi O&#8217;Donnell. Foto: Image Direct\n  <\/p>\n<p>Komiker Louis C.K. (58) har blitt tatt p\u00e5 fersken sammen med Mimi O&#8217;Donnell i New York.<\/p>\n<p>    <a itemprop=\"url\" href=\"https:\/\/www.seher.no\/kjendis\/klinte-til-pa-t-banen\/82919480\" rel=\"nofollow noopener\" target=\"_blank\"><\/p>\n<p>      <img loading=\"lazy\" decoding=\"async\" src=\"https:\/\/www.europesays.com\/no\/wp-content\/uploads\/2025\/11\/82920706.webp\" width=\"980\" height=\"441\" title=\"Klinte til p\u00e5 T-banen\" alt=\"\" class=\"lazyload\" style=\"--aspect-ratio-image: 2.22; \"\/><\/p>\n<p>        Klinte til p\u00e5 T-banen<\/p>\n<p>    <\/a><\/p>\n<p>Duoen ble nemlig fotografert mens de klinte til, det viser bilder som den britiske tabloidavisen <a href=\"https:\/\/www.dailymail.co.uk\/tvshowbiz\/article-15322147\/louis-ck-philip-seymour-hoffman-mimi-odonnell.html\" rel=\"nofollow noopener\" target=\"_blank\">Daily Mail <\/a>har publisert.\u00a0<\/p>\n<p>        KYSS: Viggo Venn og Jan Thomas klinte til under \u00e5rets \u00abSkal vi danse\u00bb-premiere. Bilder fra TV 2. <\/p>\n<p>P\u00e5 bildene kan man se at duoen er ute og g\u00e5r tur med en hund, men at de stoppet opp for \u00e5 f\u00e5 noen kj\u00e6rlige \u00f8yeblikk sammen. P\u00e5 et bilde holder han hodet hennes mens de kysser, mens p\u00e5 et annet ser han henne inn i \u00f8ynene.\u00a0<\/p>\n<p>Komikeren var if\u00f8rt en svart frakk, hettegenser og caps.\u00a0 Mimi hadde p\u00e5 seg en bl\u00e5 jakke, jeans og boots.\u00a0<\/p>\n<p>          <img loading=\"lazy\" decoding=\"async\" src=\"https:\/\/www.europesays.com\/no\/wp-content\/uploads\/2025\/11\/83899354.webp\" width=\"686\" height=\"1029\" title=\"TATT P\u00c5 FERSKEN: Louis C.K og Mimi O'Donnell fotografert sammen i New York. Foto: Image Direct\" alt=\"\" class=\"\" style=\"--aspect-ratio-image: 0.67; \"\/><\/p>\n<p>\n          TATT P\u00c5 FERSKEN: Louis C.K og Mimi O&#8217;Donnell fotografert sammen i New York. Foto: Image Direct\n      <\/p>\n<p>Mimi skal ikke ha datet noen i offentligheten siden hun var i et forhold med den amerikanske skuespilleren Philip Seymour Hoffman.\u00a0<\/p>\n<p>De var kj\u00e6rester i 15 \u00e5r og fikk tre barn sammen, Cooper (22), Tallulah (19) og Willa (17).\u00a0<\/p>\n<p>I 2014 ble Hoffman funnet d\u00f8d i sitt hjem i Manhattan i New York. Rettsmedisineren bekreftet den gang at han d\u00f8de etter \u00e5 ha tatt en rekke narkotiske stoffer, deriblant\u00a0heroin, kokain og amfetamin.<\/p>\n<p>          <img loading=\"lazy\" decoding=\"async\" src=\"https:\/\/www.europesays.com\/no\/wp-content\/uploads\/2025\/11\/83898501.webp\" width=\"686\" height=\"927\" title=\"PAR: Mimi O'Donnell og skuespiller Philip Seymour Hoffman var kj\u00e6rester i 15 \u00e5r. Foto: REUTERS\/Phil McCarten\/NTB\" alt=\"\" class=\"\" style=\"--aspect-ratio-image: 0.74; \"\/><\/p>\n<p>\n          PAR: Mimi O&#8217;Donnell og skuespiller Philip Seymour Hoffman var kj\u00e6rester i 15 \u00e5r. Foto: REUTERS\/Phil McCarten\/NTB\n      <\/p>\n<p>Skuespilleren, som vant en rekke priser for\u00a0sine skuespillerprestasjoner, ble 46 \u00e5r gammel.\u00a0<\/p>\n<p>I 2017 skapte Louis p\u00e5 sin side flere overskrifter da han ble anklaget for seksuell trakassering fra en rekke kvinner.<\/p>\n<p>        KRANGEL: : Det blir h\u00f8ylytt drama mellom Tommy og Shea etter en kysselek i \u00abLove Island UK\u00bb. Video: TV 2 Play \/ R\u00f8d L\u00f8per<\/p>\n<p>Det var i et intervju med\u00a0<a href=\"https:\/\/www.nytimes.com\/2017\/11\/09\/arts\/television\/louis-ck-sexual-misconduct.html?hp&amp;action=click&amp;pgtype=Homepage&amp;clickSource=story-heading&amp;module=first-column-region&amp;region=top-news&amp;WT.nav=top-news\" rel=\"nofollow noopener\" target=\"_blank\">New York Times<\/a>\u00a0 at totalt fem kvinner beskyldte\u00a0 komikeren for trakassering, hvor flere av dem sto frem med navn og bilde.<\/p>\n<p>    <a itemprop=\"url\" href=\"https:\/\/www.seher.no\/kjendis\/innrommer-anklager-om-seksuell-trakassering\/68871761\" rel=\"nofollow noopener\" target=\"_blank\"><\/p>\n<p>      <img loading=\"lazy\" decoding=\"async\" src=\"https:\/\/www.europesays.com\/no\/wp-content\/uploads\/2025\/11\/68871775.webp\" width=\"980\" height=\"441\" title=\"Innr\u00f8mmer anklager om seksuell trakassering\" alt=\"\" class=\"lazyload\" style=\"--aspect-ratio-image: 2.22; \"\/><\/p>\n<p>        Innr\u00f8mmer anklager om seksuell trakassering<\/p>\n<p>    <\/a><\/p>\n<p>Blant kvinnene var komikerne\u00a0 Dana Min Goodman og Julia Wolov. De fortalte at Louis skal ha invitert dem med p\u00e5 sitt hotellrom for en drink, etter et show i Aspen i 2002.<\/p>\n<p> Der skal 50-\u00e5ringen etter kort tid ha kledd seg naken og begynt \u00e5 onanere foran dem.\u00a0<\/p>\n<p>          <img loading=\"lazy\" decoding=\"async\" src=\"https:\/\/www.europesays.com\/no\/wp-content\/uploads\/2025\/11\/83898461.webp\" width=\"686\" height=\"673\" title=\"PRISVINNER: I 2014 vant komiker Louis C.K Emmy-awards for manuset p\u00e5 komedieserie for \u00abLouie\u00bb. Foto: Phil Mccarten\/UPI\/Shutterstock\/NTB\" alt=\"\" class=\"\" style=\"--aspect-ratio-image: 1.02; \"\/><\/p>\n<p>\n          PRISVINNER: I 2014 vant komiker Louis C.K Emmy-awards for manuset p\u00e5 komedieserie for \u00abLouie\u00bb. Foto: Phil Mccarten\/UPI\/Shutterstock\/NTB\n      <\/p>\n<p>Senere innr\u00f8mmet komikeren anklagene om seksuell trakassering:\u00a0<\/p>\n<p>&#8211; Jeg har lyst \u00e5 svare p\u00e5 historiene som ble fortalt i New York Times. Disse historiene er sanne,\u00a0 sa komikeren i en offentlig uttalelse.\u00a0<\/p>\n<p> &#8211; Jeg har kjent p\u00e5 anger n\u00e5r det kommer til mine handlinger. Jeg har pr\u00f8vd \u00e5 l\u00e6re av dem, og fors\u00f8kt \u00e5 l\u00f8pe fra dem. N\u00e5 er jeg klar over omfanget og konsekvensene av mine handlinger. (&#8230;) Jeg kommer ikke til \u00e5 tilgi meg selv for noe av dette.\u00a0<\/p>\n","protected":false},"excerpt":{"rendered":"Louis C.K: Den kontroversielle komikeren ble tatt p\u00e5 fersken sammen med den avd\u00f8de skuespillerens ekskj\u00e6reste. VEKKER OPPSIKT: Louis&hellip;\n","protected":false},"author":2,"featured_media":96982,"comment_status":"","ping_status":"","sticky":false,"template":"","format":"standard","meta":{"footnotes":""},"categories":[58],"tags":[71,479,2543,12499,12500,30,28,29,12498,72],"class_list":{"0":"post-96981","1":"post","2":"type-post","3":"status-publish","4":"format-standard","5":"has-post-thumbnail","7":"category-underholdning","8":"tag-entertainment","9":"tag-kjendis","10":"tag-kjendisdesken","11":"tag-louis-ck","12":"tag-mimi-odonnell","13":"tag-no","14":"tag-norge","15":"tag-norway","16":"tag-philip-seymour-hoffman","17":"tag-underholdning"},"share_on_mastodon":{"url":"https:\/\/pubeurope.com\/@no\/115615145996953366","error":""},"_links":{"self":[{"href":"https:\/\/www.europesays.com\/no\/wp-json\/wp\/v2\/posts\/96981","targetHints":{"allow":["GET"]}}],"collection":[{"href":"https:\/\/www.europesays.com\/no\/wp-json\/wp\/v2\/posts"}],"about":[{"href":"https:\/\/www.europesays.com\/no\/wp-json\/wp\/v2\/types\/post"}],"author":[{"embeddable":true,"href":"https:\/\/www.europesays.com\/no\/wp-json\/wp\/v2\/users\/2"}],"replies":[{"embeddable":true,"href":"https:\/\/www.europesays.com\/no\/wp-json\/wp\/v2\/comments?post=96981"}],"version-history":[{"count":0,"href":"https:\/\/www.europesays.com\/no\/wp-json\/wp\/v2\/posts\/96981\/revisions"}],"wp:featuredmedia":[{"embeddable":true,"href":"https:\/\/www.europesays.com\/no\/wp-json\/wp\/v2\/media\/96982"}],"wp:attachment":[{"href":"https:\/\/www.europesays.com\/no\/wp-json\/wp\/v2\/media?parent=96981"}],"wp:term":[{"taxonomy":"category","embeddable":true,"href":"https:\/\/www.europesays.com\/no\/wp-json\/wp\/v2\/categories?post=96981"},{"taxonomy":"post_tag","embeddable":true,"href":"https:\/\/www.europesays.com\/no\/wp-json\/wp\/v2\/tags?post=96981"}],"curies":[{"name":"wp","href":"https:\/\/api.w.org\/{rel}","templated":true}]}}