{"id":97112,"date":"2025-11-26T11:13:21","date_gmt":"2025-11-26T11:13:21","guid":{"rendered":"https:\/\/www.europesays.com\/no\/97112\/"},"modified":"2025-11-26T11:13:21","modified_gmt":"2025-11-26T11:13:21","slug":"sydentur-hoppet-fra-9230-kroner-til-20-millioner","status":"publish","type":"post","link":"https:\/\/www.europesays.com\/no\/97112\/","title":{"rendered":"Sydentur hoppet fra 9230 kroner til 20 millioner"},"content":{"rendered":"<p class=\"kicker bg-cyan color_mobile_bg-cyan hasTextPadding mobile-hasTextPadding\" style=\"\">Sydenferie:<\/p>\n<p>  Den billige sydenferien skulle koste 9230 kroner. Da Ole trykket bestill hadde prisen \u00f8kt 216 000 prosent!<\/p>\n<p>\n    NY REKORD: TUIs pris for en sydentur sl\u00e5r nok de fleste \u00abtilbud\u00bb under black week. Skjermbilde fra TUI\n  <\/p>\n<p>    Kort fortalt<\/p>\n<p lang=\"nb-NO\">Ole Zoltan Bajkai opplevde et prishopp p\u00e5 en sydentur fra 9230 kroner til 20 millioner kroner under Black Week.<\/p>\n<p lang=\"nb-NO\">Prishoppet skjedde da han skulle betale for en ferie p\u00e5 The Nowness Luxury Hotel &amp; Spa ved Izmir-kysten.<\/p>\n<p lang=\"nb-NO\">TUI bekrefter at det var en teknisk feil, men gir ingen informasjon om andre kunder ble rammet.<\/p>\n<p lang=\"nb-NO\">Ole og samboeren Gunn ser humoristisk p\u00e5 hendelsen og venter p\u00e5 nye reisetilbud.<\/p>\n<p class=\"italic ai-disclaimer\" data-lab-italic=\"italic\">Sammendraget er laget av ChatGPT og godkjent av DinSide.<\/p>\n<p>      Vis mer<br \/>\n      Vis mindre<\/p>\n<p>  <a id=\"topic-banner-link\" href=\"#\" target=\"_blank\" rel=\"noopener noreferrer\"><br \/>\n    <img decoding=\"async\" id=\"topic-banner-image\" src=\"\" alt=\"\" style=\"max-width:100%; height:auto; border-radius:8px; transition:filter 0.3s ease;\"\/><br \/>\n  <\/a><\/p>\n<p>Hvem som har kj\u00f8pt \u00e5rets billigste sydentur er ikke godt \u00e5 si. Jakten p\u00e5 de billige sydenturene er noe mange nordmenn er opptatt av. Og mange lykkes med \u00e5 gj\u00f8re et sydenkupp.<\/p>\n<p>    <a itemprop=\"url\" href=\"https:\/\/dinside.dagbladet.no\/video\/fjern-denne\/hmlfdc8C\" rel=\"nofollow noopener\" target=\"_blank\"><\/p>\n<p>      <img loading=\"lazy\" decoding=\"async\" src=\"https:\/\/www.europesays.com\/no\/wp-content\/uploads\/2025\/11\/83366631.webp\" width=\"980\" height=\"441\" title=\"Fjern denne\" alt=\"\" class=\"lazyload\" style=\"--aspect-ratio-image: 2.22; \"\/><\/p>\n<p>        Fjern denne<\/p>\n<p>    <\/a><\/p>\n<p>Men hvem som har funnet \u00e5rets dyreste sydentur er det liten grunn til \u00e5 tvile p\u00e5. Her kommer\u00a0Ole Zoltan Bajkai p\u00e5 toppen &#8211; med klar margin.<\/p>\n<p class=\"font-weight-bold m-font-weight-bold\" data-lab-font_weight=\"font-weight-bold\">For hva sier du til en sydentur til 20 millioner kroner?\u00a0<\/p>\n<p>Helsvart p\u00e5 black week\t<\/p>\n<p>Det var under en avslappet uke p\u00e5 Golden Orange Hotel i Antalya sist uke at epostene om ulike Black Week-tilbud p\u00e5 sydenreiser begynte \u00e5 tikke inn.\u00a0<\/p>\n<p>Ole Zoltan Bajkai og samboeren Gunn Jorunn Bajkal er som mange andre reisende: De bruker gjerne litt av ferien til \u00e5 dr\u00f8mme seg bort til neste ferie. Og paret lot seg friste av et godt Black Week-tilbud fra TUI.\u00a0<\/p>\n<p>          <img loading=\"lazy\" decoding=\"async\" src=\"https:\/\/www.europesays.com\/no\/wp-content\/uploads\/2025\/11\/83897658.webp\" width=\"686\" height=\"913\" title=\"FERIEKLAR: Ole Zoltan Bajkai er klar for neste sydenferie. Men leter etter en litt billigere enn forrige tilbud. Foto: Privat\" alt=\"\" class=\"\" style=\"--aspect-ratio-image: 0.75; \"\/><\/p>\n<p>\n          FERIEKLAR: Ole Zoltan Bajkai er klar for neste sydenferie. Men leter etter en litt billigere enn forrige tilbud. Foto: Privat\n      <\/p>\n<p>Et hotell ved Izmir-kysten, The Nowness Luxury Hotel &amp; Spa, med en prislapp som s\u00e5 riktig s\u00e5 rimelig ut: 9230 kroner for en uke i mai neste \u00e5r.<\/p>\n<p>&#8211; Vi tenkte at dette faktisk kunne v\u00e6re et veldig bra tilbud. Sjekket, vurderte, og stedet ble godkjent av Gunn. Da var det bare \u00e5 bestille, sier Ole.<\/p>\n<p>Det umulige prishoppet\t<\/p>\n<p>Men idet han gikk fra dr\u00f8m til betaling, skjedde det som ikke skal v\u00e6re mulig.<\/p>\n<p>Prisen hoppet til 20 004 678 kroner.\u00a0<\/p>\n<p class=\"font-weight-bold m-font-weight-bold\" data-lab-font_weight=\"font-weight-bold\">&#8211; Nesten 20 millioner kroner ekstra, sier Ole.<\/p>\n<p>P\u00e5 skjermen sto det at reisen hadde steget med 19 995 448 kroner siden han hadde \u00e5pnet tilbudet.\u00a0<\/p>\n<p>          <img loading=\"lazy\" decoding=\"async\" src=\"https:\/\/www.europesays.com\/no\/wp-content\/uploads\/2025\/11\/83897656.webp\" width=\"980\" height=\"559\" title=\"STARTEN: Det s\u00e5 billig ut i starten. Men slik skulle det ikke se ut etter f\u00e5 minutter. Skjermbilde fra TUI\" alt=\"\" class=\"\" style=\"--aspect-ratio-image: 1.75; \"\/><\/p>\n<p>\n          STARTEN: Det s\u00e5 billig ut i starten. Men slik skulle det ikke se ut etter f\u00e5 minutter. Skjermbilde fra TUI\n      <\/p>\n<p>Depositumet ble justert tilsvarende. Og tidsfristen tikket som vanlig ned: Fullf\u00f8r innen 29 minutter.<\/p>\n<p>Satser p\u00e5 Jackpot\t<\/p>\n<p>&#8211; For den summen m\u00e5tte jeg nesten innom Norsk Tipping og h\u00e5pe p\u00e5 5+2 rette i Eurojackpot. Og siden det ikke slo til, ble det heller ingen tur. Jeg har aldri sett noe lignende. Vi har jo bestilt charter med rutefly mange ganger f\u00f8r, men dette tok kaka, sier han.<\/p>\n<p class=\"font-weight-bold m-font-weight-bold\" data-lab-font_weight=\"font-weight-bold\">Han konstaterer t\u00f8rt at dersom de f\u00f8rst skulle brukt 20 millioner p\u00e5 ferie, s\u00e5 ville Cesme havnet langt ned p\u00e5 lista.<\/p>\n<p>Ole og Gunn hadde sett for seg en tur i mai, men understreker at det ikke haster. De har et par reiser f\u00f8r den tid og regner med at nye tilbud dukker opp.<\/p>\n<p>          <img loading=\"lazy\" decoding=\"async\" src=\"https:\/\/www.europesays.com\/no\/wp-content\/uploads\/2025\/11\/83899718.webp\" width=\"980\" height=\"559\" title=\"SYDEN: Det fristet med tur til Izmir-kysten, men prisen var i overkant stiv. Foto: AFP\" alt=\"\" class=\"\" style=\"--aspect-ratio-image: 1.75; \"\/><\/p>\n<p>\n          SYDEN: Det fristet med tur til Izmir-kysten, men prisen var i overkant stiv. Foto: AFP\n      <\/p>\n<p>Bekrefter\t<\/p>\n<p>TUI bekrefter at det gikk veldig galt under bestillingen.<\/p>\n<p>\u00abDette er nok en teknisk feil av det mer spesielle slaget. Tekniske feil kan skje fra tid til annen, men denne er likevel litt utenom det vanlige. Kunden er naturligvis velkommen til \u00e5 ringe oss, s\u00e5 kan vi hjelpe manuelt\u00bb, skriver pressekontakt Mikkel Hansen i en epost til DinSide.<\/p>\n<p class=\"font-weight-bold m-font-weight-bold\" data-lab-font_weight=\"font-weight-bold\">TUI svarer ikke p\u00e5 om den tekniske feilen ogs\u00e5 rammet flere andre billettkj\u00f8pere.<\/p>\n<p>For Ole Zoltan Bajkai og Gunn\u00a0endte neste \u00e5rs millionferie som et av de bedre reiseminner fra Tyrkia denne h\u00f8sten: en ferie de ikke booket, men som man garantert kommer til \u00e5 snakke om lenge.<\/p>\n<p>            <img loading=\"lazy\" decoding=\"async\" src=\"https:\/\/www.europesays.com\/no\/wp-content\/uploads\/2025\/11\/83897776.webp\" width=\"980\" height=\"441\" title=\"Tips meg om andre prissjokk p\u00e5 reisen\" alt=\"\" class=\"\" style=\"--aspect-ratio-image: 2.22; \"\/><\/p>\n<p>        Tips meg om andre prissjokk p\u00e5 reisen<\/p>\n<p class=\"subtitle\">Hei, jeg heter Odd Roar Lange og er reiseekspert og -journalist for DinSide og Dagbladet. Hvis du har opplevd merkelige prisglipp eller rare reisetabber vil jeg gjerne h\u00f8re fra deg.<\/p>\n","protected":false},"excerpt":{"rendered":"Sydenferie: Den billige sydenferien skulle koste 9230 kroner. Da Ole trykket bestill hadde prisen \u00f8kt 216 000 prosent!&hellip;\n","protected":false},"author":2,"featured_media":97113,"comment_status":"","ping_status":"","sticky":false,"template":"","format":"standard","meta":{"footnotes":""},"categories":[5],"tags":[20,21,9468,24,25,1991,15,19,22,23,17,18,3998,13,30,28,29,14,16,1992,10337,11810,4062,6966,4226,26,27,4058,1132],"class_list":{"0":"post-97112","1":"post","2":"type-post","3":"status-publish","4":"format-standard","5":"has-post-thumbnail","7":"category-overskrifter","8":"tag-breaking-news","9":"tag-breakingnews","10":"tag-charterferie","11":"tag-featured-news","12":"tag-featurednews","13":"tag-ferie","14":"tag-headlines","15":"tag-hovedoppslag","16":"tag-latest-news","17":"tag-latestnews","18":"tag-main-news","19":"tag-mainnews","20":"tag-metadz","21":"tag-news","22":"tag-no","23":"tag-norge","24":"tag-norway","25":"tag-nyheter","26":"tag-overskrifter","27":"tag-reise","28":"tag-reisepenger","29":"tag-sommerferie","30":"tag-syden","31":"tag-sydenferie","32":"tag-thetravelinspector","33":"tag-top-stories","34":"tag-topstories","35":"tag-tui","36":"tag-tyrkia"},"share_on_mastodon":{"url":"https:\/\/pubeurope.com\/@no\/115615708801700577","error":""},"_links":{"self":[{"href":"https:\/\/www.europesays.com\/no\/wp-json\/wp\/v2\/posts\/97112","targetHints":{"allow":["GET"]}}],"collection":[{"href":"https:\/\/www.europesays.com\/no\/wp-json\/wp\/v2\/posts"}],"about":[{"href":"https:\/\/www.europesays.com\/no\/wp-json\/wp\/v2\/types\/post"}],"author":[{"embeddable":true,"href":"https:\/\/www.europesays.com\/no\/wp-json\/wp\/v2\/users\/2"}],"replies":[{"embeddable":true,"href":"https:\/\/www.europesays.com\/no\/wp-json\/wp\/v2\/comments?post=97112"}],"version-history":[{"count":0,"href":"https:\/\/www.europesays.com\/no\/wp-json\/wp\/v2\/posts\/97112\/revisions"}],"wp:featuredmedia":[{"embeddable":true,"href":"https:\/\/www.europesays.com\/no\/wp-json\/wp\/v2\/media\/97113"}],"wp:attachment":[{"href":"https:\/\/www.europesays.com\/no\/wp-json\/wp\/v2\/media?parent=97112"}],"wp:term":[{"taxonomy":"category","embeddable":true,"href":"https:\/\/www.europesays.com\/no\/wp-json\/wp\/v2\/categories?post=97112"},{"taxonomy":"post_tag","embeddable":true,"href":"https:\/\/www.europesays.com\/no\/wp-json\/wp\/v2\/tags?post=97112"}],"curies":[{"name":"wp","href":"https:\/\/api.w.org\/{rel}","templated":true}]}}