{"id":97212,"date":"2025-11-26T13:05:23","date_gmt":"2025-11-26T13:05:23","guid":{"rendered":"https:\/\/www.europesays.com\/no\/97212\/"},"modified":"2025-11-26T13:05:23","modified_gmt":"2025-11-26T13:05:23","slug":"teslas-omdomme-kraftig-ned-i-norge","status":"publish","type":"post","link":"https:\/\/www.europesays.com\/no\/97212\/","title":{"rendered":"Teslas omd\u00f8mme kraftig ned i Norge"},"content":{"rendered":"<p>        Saken oppsummert<\/p>\n<ul lang=\"nb-NO\">\n<li>Elon Musk og Tesla har m\u00f8tt kritikk det siste \u00e5ret, men salget i Norge er rekordsterkt.<\/li>\n<li>Til tross for gode salgstall, viser en fersk unders\u00f8kelse en betydelig nedgang i Teslas omd\u00f8mme i Norden.<\/li>\n<li>Unders\u00f8kelsen peker p\u00e5 Teslas konflikter med fagforeninger og mangel p\u00e5 \u00e5penhet som \u00e5rsaker til omd\u00f8mmetapet.<\/li>\n<li>For \u00e5 forbedre omd\u00f8mmet m\u00e5 Tesla fokusere p\u00e5 \u00e5penhet og rettferdige arbeidspraksiser.<\/li>\n<\/ul>\n<p class=\"italic ai-disclaimer\" data-lab-italic=\"italic\">Oppsummeringen er laget med kunstig intelligens (KI) fra OpenAI. Innholdet er kvalitetssikret av TV 2s journalister. <a target=\"_blank\" href=\"https:\/\/hjelp.tv2.no\/info\/artikkel\/slik-jobber-vi-med-ki-i-tv-2\" title=\"Les om hvordan vi jobber med KI\" rel=\"nofollow noopener\">Les om hvordan vi jobber med KI<\/a><\/p>\n<p>Det siste \u00e5ret har det tidvis stormet rundt Tesla,\u00a0 og s\u00e6rlig toppsjefen Elon Musks mange politiske krumspring og uttalelser har provosert mange. I tillegg kommer konflikter med fargforeninger og andre forhold som har f\u00f8rt til negative overskrifter.<\/p>\n<p>\u00abTesla-skam\u00bb har blitt et begrep, selv om salgstallene i Norge viser noe helt annet.\u00a0Model Y blir nok en gang \u00e5rets mest solgte nybil \u2013 med solid margin. Nylig passerte Tesla til og med Volkswagens <a href=\"https:\/\/www.tv2.no\/broom\/dette-har-ingen-klart-i-norge-for\/18320595\/\" rel=\"nofollow noopener\" target=\"_blank\">salgsrekord fra 2016<\/a>.\u00a0<\/p>\n<p class=\"bold m-bold\" data-lab-font_weight=\"bold\">Samtidig viser en stor, fersk unders\u00f8kelse fra Reputation and Trust Analytics at Teslas omd\u00f8mme er i kraftig nedgang i Norge og alle nordiske land.<\/p>\n<p>St\u00f8rste nedgangen p\u00e5 \u00e5rsbasis<\/p>\n<p> Totalt deltok 20.610 personer fra Finland, Sverige, Norge og Danmark i unders\u00f8kelsen. M\u00e5lgruppen i hvert land besto av innbyggere i alderen 15-65 \u00e5r i hele landet (i Finland, unntatt \u00c5land).\u00a0<\/p>\n<p>Utvalget ble vektet for \u00e5 representere befolkningen etter kj\u00f8nn, alder og bostedsregion. <\/p>\n<p>Blant alle organisasjonene i unders\u00f8kelsen, registrerte Tesla den st\u00f8rste nedgangen p\u00e5 \u00e5rsbasis. Selskapet\u00a0g\u00e5r fra \u00e5 ha et moderat til et svakt omd\u00f8mme.<\/p>\n<p>        <img class=\"image__img lazyload\" itemprop=\"image\" title=\"Foto: Broom\" alt=\"HEFTIG SALG: Model Y blir Norges mest solgte bil fjerde \u00e5r p\u00e5 rad. Foto: Broom\" width=\"675\" height=\"426\" bad-src=\"https:\/\/www.europesays.com\/no\/wp-content\/uploads\/2025\/11\/18310452.webp\" fetchpriority=\"auto\" \/><\/p>\n<p>      HEFTIG SALG: Model Y blir Norges mest solgte bil fjerde \u00e5r p\u00e5 rad.<br \/>\n         Foto: Broom<\/p>\n<p>\u2013 Sl\u00e5ende<\/p>\n<p>\u2013 Tesla ble en gang hyllet som en nasjonal favoritt og den viktigste drivkraften bak elbilrevolusjonen i Norge. Nedgangen i omd\u00f8mmet er sl\u00e5ende, og den offentlige stemningen gjenspeiler en tretthet overfor de p\u00e5g\u00e5ende kontroversene, sier Fredric Hammarstr\u00f6m, seniorr\u00e5dgiver i Reputation and Trust Analytics.<\/p>\n<p>Han mener nedgangen sammenfaller med den \u00f8kende offentlige kritikken av Teslas p\u00e5g\u00e5ende konflikt med fagforeninger i nabolandet Sverige, samt bekymringer rundt mangel p\u00e5 \u00e5penhet i styring og offentlige uttalelser fra grunnleggeren Elon Musk.<\/p>\n<p>\u2013 Teslas situasjon i de nordiske landene er sv\u00e6rt interessant n\u00e5r det gjelder m\u00e5ling og h\u00e5ndtering av omd\u00f8mme. Dette viser tydelig at ingen merkevarer utelukkende lever av markedsf\u00f8ring, men at omd\u00f8mme p\u00e5virkes av faktorer som organisasjonsstruktur, ledelse og eierskap. Dette er et klassisk eksempel p\u00e5 hvor raskt man kan miste et omd\u00f8mme som er bygget p\u00e5 ett ben, sier Riku Ruokolahti, utviklingsdirekt\u00f8r i Reputation and Trust Analytics.<\/p>\n<p> \u2013 For \u00e5 gjenoppbygge tilliten m\u00e5 Tesla fokusere p\u00e5 \u00e5penhet, selskapsstyring og rettferdige arbeidspraksiser, og tydelig kommunisere disse forbedringene n\u00e5r de er oppn\u00e5dd, sier Fredric Hammarstr\u00f6m. <\/p>\n<p><a href=\"https:\/\/www.tv2.no\/broom\/blaser-i-tesla-skam-her-oker-salget\/17478175\/\" target=\"_blank\" rel=\"nofollow noopener\">Bl\u00e5ser i Tesla-skam: Her \u00f8ker salget<\/a><\/p>\n<p>        <img class=\"image__img lazyload\" itemprop=\"image\" title=\"Foto: Broom\" alt=\"LITEN P\u00c5VIRKNING: Svekket omd\u00f8mme ser ikke ut til \u00e5 p\u00e5virke salget av Tesla nevneverdig her hjemme. Foto: Broom\" width=\"675\" height=\"426\" bad-src=\"https:\/\/www.europesays.com\/no\/wp-content\/uploads\/2025\/11\/18310453.webp\" fetchpriority=\"auto\" \/><\/p>\n<p>      LITEN P\u00c5VIRKNING: Svekket omd\u00f8mme ser ikke ut til \u00e5 p\u00e5virke salget av Tesla nevneverdig her hjemme.<br \/>\n         Foto: Broom<\/p>\n<p>Vipps p\u00e5 topp<\/p>\n<p>Unders\u00f8kelsen dekker en rekke selskaper i de nordiske landene.\u00a0\u00a0<\/p>\n<p>P\u00e5 topp, med best omd\u00f8mme i Norge, finner vi Vipps, Vinmonopolet og IKEA. Helt nederst finner vi BaneNor, Temu og Shein.\u00a0<\/p>\n<p>De to sistnevnte havnet for \u00f8vrig nederst i alle de fire landene.\u00a0<\/p>\n<p>        <img class=\"image__img lazyload\" itemprop=\"image\" title=\"\" alt=\"TOPP OG BUNN: Her ser du oversikten over selskapene med best og d\u00e5rligst omd\u00f8mme i Norge, fra Reputation and Trust sin ferske unders\u00f8kelse.\" width=\"675\" height=\"507\" bad-src=\"https:\/\/www.europesays.com\/no\/wp-content\/uploads\/2025\/11\/18323708.webp\" fetchpriority=\"auto\" \/><\/p>\n<p>      TOPP OG BUNN: Her ser du oversikten over selskapene med best og d\u00e5rligst omd\u00f8mme i Norge, fra Reputation and Trust sin ferske unders\u00f8kelse.<\/p>\n<p><a href=\"https:\/\/www.tv2.no\/broom\/dette-sier-alex-rosen-om-tesla-skammen\/17525423\/\" target=\"_blank\" rel=\"nofollow noopener\">Alex Ros\u00e9n: \u2013 Jeg digger Tesla!<\/a><\/p>\n<p>    <a class=\"article__link\" data-ga-active-label=\"\" data-ga-active-label-animation=\"\" href=\"https:\/\/www.tv2.no\/broom\/forste-test-godt-kjop-men-dette-ma-du-ofre\/18285201\/\" rel=\"nofollow noopener\" target=\"_blank\"><\/p>\n<p>    <img class=\"image__img lazyload\" itemprop=\"image\" title=\"\" alt=\"\" width=\"978\" height=\"411\" bad-src=\"https:\/\/www.europesays.com\/no\/wp-content\/uploads\/2025\/11\/18285540.webp\" fetchpriority=\"auto\" \/><\/p>\n<p>            F\u00f8rste test: S\u00e5 bra er \u00abbillig-Teslaen\u00bb<\/p>\n<p>    <\/a><\/p>\n<p class=\"bold m-bold\" data-lab-font_weight=\"bold\">Vi kj\u00f8rer nye Model Y Standard \u2013 dette er dommen:<\/p>\n","protected":false},"excerpt":{"rendered":"Saken oppsummert Elon Musk og Tesla har m\u00f8tt kritikk det siste \u00e5ret, men salget i Norge er rekordsterkt.&hellip;\n","protected":false},"author":2,"featured_media":97213,"comment_status":"","ping_status":"","sticky":false,"template":"","format":"standard","meta":{"footnotes":""},"categories":[56],"tags":[60,61,62,30,28,29],"class_list":{"0":"post-97212","1":"post","2":"type-post","3":"status-publish","4":"format-standard","5":"has-post-thumbnail","7":"category-naeringsliv","8":"tag-business","9":"tag-economy","10":"tag-naeringsliv","11":"tag-no","12":"tag-norge","13":"tag-norway"},"share_on_mastodon":{"url":"https:\/\/pubeurope.com\/@no\/115616148774636663","error":""},"_links":{"self":[{"href":"https:\/\/www.europesays.com\/no\/wp-json\/wp\/v2\/posts\/97212","targetHints":{"allow":["GET"]}}],"collection":[{"href":"https:\/\/www.europesays.com\/no\/wp-json\/wp\/v2\/posts"}],"about":[{"href":"https:\/\/www.europesays.com\/no\/wp-json\/wp\/v2\/types\/post"}],"author":[{"embeddable":true,"href":"https:\/\/www.europesays.com\/no\/wp-json\/wp\/v2\/users\/2"}],"replies":[{"embeddable":true,"href":"https:\/\/www.europesays.com\/no\/wp-json\/wp\/v2\/comments?post=97212"}],"version-history":[{"count":0,"href":"https:\/\/www.europesays.com\/no\/wp-json\/wp\/v2\/posts\/97212\/revisions"}],"wp:featuredmedia":[{"embeddable":true,"href":"https:\/\/www.europesays.com\/no\/wp-json\/wp\/v2\/media\/97213"}],"wp:attachment":[{"href":"https:\/\/www.europesays.com\/no\/wp-json\/wp\/v2\/media?parent=97212"}],"wp:term":[{"taxonomy":"category","embeddable":true,"href":"https:\/\/www.europesays.com\/no\/wp-json\/wp\/v2\/categories?post=97212"},{"taxonomy":"post_tag","embeddable":true,"href":"https:\/\/www.europesays.com\/no\/wp-json\/wp\/v2\/tags?post=97212"}],"curies":[{"name":"wp","href":"https:\/\/api.w.org\/{rel}","templated":true}]}}