{"id":97214,"date":"2025-11-26T13:06:12","date_gmt":"2025-11-26T13:06:12","guid":{"rendered":"https:\/\/www.europesays.com\/no\/97214\/"},"modified":"2025-11-26T13:06:12","modified_gmt":"2025-11-26T13:06:12","slug":"storavis-begynner-a-bli-sliten","status":"publish","type":"post","link":"https:\/\/www.europesays.com\/no\/97214\/","title":{"rendered":"Storavis: Begynner \u00e5 bli sliten"},"content":{"rendered":"<p>Kortere dager og tegn p\u00e5 utmattelse. Det er konklusjon i en analyse av timeplanen til president Donald Trump (79), utf\u00f8rt av <a href=\"https:\/\/www.nytimes.com\/2025\/11\/25\/us\/politics\/trump-age-health.html\u00a8\" rel=\"nofollow noopener\" target=\"_blank\">The New York Times<\/a>.\u00a0<\/p>\n<p>I januar i \u00e5r slo Trump forgjengeren Joe Bidens rekord med cirka et halvt \u00e5r, og ble den eldste personen i USAs historie til \u00e5 innta Det hvite hus.\u00a0<\/p>\n<p>Han er imidlertid fremdeles tre \u00e5r yngre enn Biden var da han forlot presidentembetet, og Trump sammenlikner seg selv hyppig med forgjengeren &#8211; som han siden 2019 har omtalt som \u00abSleepy Joe\u00bb (\u00abs\u00f8vnige Joe\u00bb).\u00a0<\/p>\n<p>&#8211; Han sover hele tida. Om dagen, om natta, p\u00e5 stranda. Jeg er ikke en som sover, sa Trump om Biden i forrige uke, if\u00f8lge den amerikanske storavisa.\u00a0<\/p>\n<p>    <a itemprop=\"url\" href=\"https:\/\/www.dagbladet.no\/nyheter\/familien-rammet-av-ice-pagripelse\/83901423\" rel=\"nofollow noopener\" target=\"_blank\"><\/p>\n<p>      <img loading=\"lazy\" decoding=\"async\" src=\"https:\/\/www.europesays.com\/no\/wp-content\/uploads\/2025\/11\/1764162370_230_83901520.webp\" width=\"980\" height=\"441\" title=\"Familien rammet av ICE-p\u00e5gripelse\" alt=\"\" class=\"lazyload\" style=\"--aspect-ratio-image: 2.22; \"\/><\/p>\n<p>        Familien rammet av ICE-p\u00e5gripelse<\/p>\n<p>    <\/a><\/p>\n<p>Kortere dager\t<\/p>\n<p>Til tross for at presidenten tilsynelatende holder et sv\u00e6rt h\u00f8yt tempo, ser det amerikanske folket mindre til ham enn tidligere, if\u00f8lge The New York Times.\u00a0<\/p>\n<p>Trump deltar p\u00e5 f\u00e6rre offisielle arrangementer og reiser mindre innad i USA enn han gjorde p\u00e5 samme tidspunkt i sin forrige presidentperiode i 2017, sl\u00e5r avisa fast.\u00a0<\/p>\n<p>Den offentlige timeplanen hans har blitt kortere &#8211; og starter i snitt seinere, if\u00f8lge analysen.\u00a0<\/p>\n<p>Mens presidentens offentlige program i snitt startet klokka 10.31 i 2017, starter det n\u00e5 i snitt klokka 12.08.\u00a0<\/p>\n<p>I snitt fullf\u00f8rer presidenten i dag denne delen av programmet rundt klokka 17.00. Slik var det ogs\u00e5 i 2017, if\u00f8lge avisa.\u00a0<\/p>\n<p>Totalt skal antallet opptredener p\u00e5 offisielle arrangementer i tidsrommet 20. januar til 25. november ha falt med 39 prosent &#8211; fra 1688 i 2017 til 1029 i 2025.\u00a0<\/p>\n<p> Utenlandsreisene skal det imidlertid ha blitt flere av sammenliknet med 2017. <\/p>\n<p>Trump er ofte ikke p\u00e5 plass i Det ovale kontor f\u00f8r rundt klokka 11.00 om formiddagen, skriver avisa, med henvisning til en ikke navngitt kilde.<\/p>\n<p>Nettstedet\u00a0<a href=\"https:\/\/www.axios.com\/2019\/02\/03\/donald-trump-private-schedules-leak-executive-time\" rel=\"nofollow noopener\" target=\"_blank\">Axios<\/a> skrev i 2019 at Trump den gangen ofte v\u00e5knet f\u00f8r klokka 06.00 om morgenen, men gjerne tilbrakte de f\u00f8rste fem timene av dagen i sin bolig i Det hvite hus &#8211; ogs\u00e5 de med henvisning til ikke navngitte kilder.\u00a0<\/p>\n<p>    <a itemprop=\"url\" href=\"https:\/\/www.dagbladet.no\/nyheter\/hjalp-putins-radgiver-1\/83901376\" rel=\"nofollow noopener\" target=\"_blank\"><\/p>\n<p>      <img loading=\"lazy\" decoding=\"async\" src=\"https:\/\/www.europesays.com\/no\/wp-content\/uploads\/2025\/11\/1764162371_46_83901382.webp\" width=\"980\" height=\"441\" title=\"Hjalp Putins r\u00e5dgiver\" alt=\"\" class=\"lazyload\" style=\"--aspect-ratio-image: 2.22; \"\/><\/p>\n<p>        Hjalp Putins r\u00e5dgiver<\/p>\n<p>    <\/a><\/p>\n<p>\u00abDuppet av\u00bb\u00a0\t<\/p>\n<p> The New York Times\u00a0viser ogs\u00e5 til eksempler p\u00e5 tilfeller hvor presidenten tilsynelatende har framst\u00e5tt sliten.<\/p>\n<p>Under et m\u00f8te i Det ovale kontor 6. november gled \u00f8yene hans nesten helt igjen, og han skal tilsynelatende ha\u00a0\u00abduppet av\u00bb og v\u00e5knet om hverandre i flere sekunder, skriver avisa.\u00a0<\/p>\n<p>Bilder av <a href=\"https:\/\/www.dagbladet.no\/nyheter\/pavist-vedvarende-svikt-i-blodarene\/83357490\" rel=\"nofollow noopener\" target=\"_blank\">hovne ankler, bl\u00e5merker p\u00e5 hendene<\/a> og\u00a0<a href=\"https:\/\/www.dagbladet.no\/nyheter\/ekspert-usannsynlige-forklaringer\/83496382\" rel=\"nofollow noopener\" target=\"_blank\">et tykt lag med sminke p\u00e5 h\u00f8yre h\u00e5nd<\/a>\u00a0har ogs\u00e5 f\u00f8rt til spekulasjoner om presidentens helse.\u00a0<\/p>\n<p>Trumps pressesekret\u00e6r Karoline Leavitt sier i en uttalelse til The New York Times at\u00a0presidenten og administrasjonen hans har v\u00e6rt \u00e5pne om presidentens helse,\u00a0\u00absom fremdeles er eksepsjonell\u00bb.<\/p>\n<p>Trumps lege,\u00a0Dr. Sean P. Barbabella, skrev i april at <a href=\"https:\/\/www.nytimes.com\/interactive\/2025\/04\/13\/us\/1.html\" rel=\"nofollow noopener\" target=\"_blank\">presidentens \u00e5rlige legeunders\u00f8kelse<\/a> avdekket \u00abutmerket kognitiv og fysisk helse\u00bb, og at Trump er\u00a0\u00abfullt ut skikket\u00bb til \u00e5 utf\u00f8re sine plikter som statsoverhode.<\/p>\n<p>&#8211; Enhver som f\u00f8lger med p\u00e5 president Trump i hans daglige offentlige opptredener kan tydelig se at han er i imponerende fysisk og mental form, med en utrettelig arbeidsmoral, sier Leavitt videre.\u00a0<\/p>\n","protected":false},"excerpt":{"rendered":"Kortere dager og tegn p\u00e5 utmattelse. Det er konklusjon i en analyse av timeplanen til president Donald Trump&hellip;\n","protected":false},"author":2,"featured_media":97215,"comment_status":"","ping_status":"","sticky":false,"template":"","format":"standard","meta":{"footnotes":""},"categories":[12],"tags":[20,21,24,25,15,22,23,13,30,28,29,14,16,26,27,412,42,43,44,45],"class_list":{"0":"post-97214","1":"post","2":"type-post","3":"status-publish","4":"format-standard","5":"has-post-thumbnail","7":"category-verden","8":"tag-breaking-news","9":"tag-breakingnews","10":"tag-featured-news","11":"tag-featurednews","12":"tag-headlines","13":"tag-latest-news","14":"tag-latestnews","15":"tag-news","16":"tag-no","17":"tag-norge","18":"tag-norway","19":"tag-nyheter","20":"tag-overskrifter","21":"tag-top-stories","22":"tag-topstories","23":"tag-utenriks","24":"tag-verden","25":"tag-world","26":"tag-world-news","27":"tag-worldnews"},"share_on_mastodon":{"url":"https:\/\/pubeurope.com\/@no\/115616152834687502","error":""},"_links":{"self":[{"href":"https:\/\/www.europesays.com\/no\/wp-json\/wp\/v2\/posts\/97214","targetHints":{"allow":["GET"]}}],"collection":[{"href":"https:\/\/www.europesays.com\/no\/wp-json\/wp\/v2\/posts"}],"about":[{"href":"https:\/\/www.europesays.com\/no\/wp-json\/wp\/v2\/types\/post"}],"author":[{"embeddable":true,"href":"https:\/\/www.europesays.com\/no\/wp-json\/wp\/v2\/users\/2"}],"replies":[{"embeddable":true,"href":"https:\/\/www.europesays.com\/no\/wp-json\/wp\/v2\/comments?post=97214"}],"version-history":[{"count":0,"href":"https:\/\/www.europesays.com\/no\/wp-json\/wp\/v2\/posts\/97214\/revisions"}],"wp:featuredmedia":[{"embeddable":true,"href":"https:\/\/www.europesays.com\/no\/wp-json\/wp\/v2\/media\/97215"}],"wp:attachment":[{"href":"https:\/\/www.europesays.com\/no\/wp-json\/wp\/v2\/media?parent=97214"}],"wp:term":[{"taxonomy":"category","embeddable":true,"href":"https:\/\/www.europesays.com\/no\/wp-json\/wp\/v2\/categories?post=97214"},{"taxonomy":"post_tag","embeddable":true,"href":"https:\/\/www.europesays.com\/no\/wp-json\/wp\/v2\/tags?post=97214"}],"curies":[{"name":"wp","href":"https:\/\/api.w.org\/{rel}","templated":true}]}}