{"id":97216,"date":"2025-11-26T13:07:14","date_gmt":"2025-11-26T13:07:14","guid":{"rendered":"https:\/\/www.europesays.com\/no\/97216\/"},"modified":"2025-11-26T13:07:14","modified_gmt":"2025-11-26T13:07:14","slug":"trafikk-og-kollektiv-okern-brann-i-bil-beboere-oppfordres-til-a-lukke-vinduer","status":"publish","type":"post","link":"https:\/\/www.europesays.com\/no\/97216\/","title":{"rendered":"Trafikk og kollektiv, \u00d8kern | Brann i bil \u2013 beboere oppfordres til \u00e5 lukke vinduer"},"content":{"rendered":"\n<p>N\u00f8detatene rykket ut til Circle K p\u00e5 \u00d8kern p\u00e5 grunn av brann i en elbil.<\/p>\n<p>If\u00f8lge operasjonsleder Anders Aas var det \u00e5pne flammer og mye r\u00f8yk i omr\u00e5det.<\/p>\n<p>Klokken 12.01 var n\u00f8detatene p\u00e5 plass, og brannvesenet jobbet med slukking. N\u00e5 er brannen slukket, if\u00f8lge politiet.<\/p>\n<p>\u2013 Beboere i omr\u00e5det oppfordres til \u00e5 lukke vinduer, da det er mye r\u00f8yk i omr\u00e5det, melder Aas.<\/p>\n<p><b>Klokken 12.22 er det fortsatt r\u00f8yk i omr\u00e5det. Ingen er skadet etter bilbrannen.<\/b><\/p>\n<p>Circle K \u00d8kern vil v\u00e6re stengt i en tid fremover for \u00e5 sikre bilen og bygningen, opplyser oppdragsleder Karianne Nyhus.<\/p>\n<p>Oslo 110-sentralen opplyser p\u00e5 X at taket over bilen og bensinpumpene m\u00e5 sjekkes, da det har v\u00e6rt stor belastning.<\/p>\n<p>   <img decoding=\"async\" width=\"4032\" height=\"3024\" fetchpriority=\"low\"  loading=\"lazy\"  src=\"https:\/\/www.europesays.com\/no\/wp-content\/uploads\/2025\/11\/photo+-+2025-11-26T125019.089_1.jpg\" alt=\"\" class=\"brick-c-cFOWSL\" style=\"--brick-image-ratio: 4032 \/ 3024;\"\/><\/p>\n<p>      Bilen er utbrent.<br \/>\n      Foto: Henrik Skolt \/ Avisa Oslo\n    <\/p>\n<p>  \u2013 H\u00f8rte det smalt<\/p>\n<p>En av dem som var p\u00e5 bensinstasjonen da brannen startet var Christian Joner Tuft.<\/p>\n<p><b>\u2013 Jeg h\u00f8rte bare det smalt. Det f\u00f8rste jeg tenkte var bare at jeg m\u00e5 redde bilen min, sier han til Avisa Oslo.<\/b><\/p>\n<p>Bilen sto i umiddelbar n\u00e6rhet til bilen som begynte \u00e5 brenne, opplyser han.<\/p>\n<p>   <img decoding=\"async\" width=\"4032\" height=\"3024\" fetchpriority=\"low\"  loading=\"lazy\"  src=\"https:\/\/www.europesays.com\/no\/wp-content\/uploads\/2025\/11\/IMG_4235.jpeg\" alt=\"\" class=\"brick-c-cFOWSL\" style=\"--brick-image-ratio: 4032 \/ 3024;\"\/><\/p>\n<p>      Slik ser det ut i omr\u00e5det.<br \/>\n      Foto: Dennis Bergheim-Lien\n    <\/p>\n<p>Et annet vitne forteller at flammene oppsto veldig plutselig. Han synes det s\u00e5 ut som at flammene kom fra under bilder, og bestemte seg for \u00e5 l\u00f8pe fra stedet.<\/p>\n<p>Innsatsleder Gunnhild Finne Nilsen i politiet sier politiet mottok flere meldinger fra stedet om brannen.<\/p>\n<p>\u2013 Det ble observert h\u00f8ye flammer helt opp til taket p\u00e5 bensinstasjonen og kraftig r\u00f8ykutvikling.<\/p>\n<p>   <img decoding=\"async\" width=\"4032\" height=\"3024\" fetchpriority=\"low\"  loading=\"lazy\"  src=\"https:\/\/www.europesays.com\/no\/wp-content\/uploads\/2025\/11\/photo+-+2025-11-26T130453.280.jpg\" alt=\"\" class=\"brick-c-cFOWSL\" style=\"--brick-image-ratio: 4032 \/ 3024;\"\/><\/p>\n<p>      Gunnhild Finne Nilsen<br \/>\n      Foto: Henrik Skolt\/Avisa Oslo\n    <\/p>\n<p>Nilsen sier politiet er kjent med at bilen sto til lading da brannen oppsto.<\/p>\n<p>\u2013 Hovedhypotese er selvf\u00f8lgelig at brannen har noe med ladingen \u00e5 gj\u00f8re, sier hun.<\/p>\n<p><b>Ingen er skadet som f\u00f8lge av hendelsen.<\/b><\/p>\n<p>Skapte forsinkelser for bussene<\/p>\n<p>Brannen skapet trafikale utfordringer.<\/p>\n<p>\u2013 \u00d8stre Aker vei er forel\u00f8pig sperret i utg\u00e5ende retning p\u00e5 grunn av r\u00f8ykutvikling. Ulvenveien sperret mellom Persveien og \u00d8kern Torgvei.<\/p>\n<p>Men klokken 12.22 melder politiet at veiene er \u00e5pnet for trafikk, men at kollektivtrafikk vil fors\u00f8kes dirigert gjennom Ulvenveien.<\/p>\n<p>Fem busslinjer er p\u00e5virket av hendelsen: 23, 28, 60, 67 og 345.<\/p>\n<p>Linje 67 stopper ikke p\u00e5 \u00d8kern T eller Risl\u00f8kkall\u00e9en. Det er forsinkelser p\u00e5 \u00f8vrige linjer.<\/p>\n<p>Knut-Martin L\u00f8ken, pressekontakt i Ruter, sier til AO rundt klokken 12.50 at situasjonen er i ferd med \u00e5 normaliseres.<\/p>\n<p>\u2013 Men det blir noen delinnstillinger og f\u00f8lgeforsinkelser fremover, sier han.<\/p>\n<p>   <img decoding=\"async\" width=\"3024\" height=\"1701\" fetchpriority=\"low\"  loading=\"lazy\"  src=\"https:\/\/www.europesays.com\/no\/wp-content\/uploads\/2025\/11\/last+ned+(23)_1.png\" alt=\"\" class=\"brick-c-cFOWSL\" style=\"--brick-image-ratio: 3024 \/ 1701;\"\/><\/p>\n<p>      Det var \u00e5pne flammer p\u00e5 Circle K.<br \/>\n      Foto: Dennis Bergheim-Lien\n    <\/p>\n<p><b>LES OGS\u00c5:<\/b><\/p>\n<p>  <a href=\"https:\/\/www.ao.no\/5-128-1199508\" class=\"related-teaser has-image default-story-teaser article--c-eRUmMG article--c-eRUmMG-jKCPdD-design-default\" rel=\"nofollow noopener\" target=\"_blank\"><\/p>\n<p>    <img decoding=\"async\" loading=\"lazy\"  src=\"https:\/\/www.europesays.com\/no\/wp-content\/uploads\/2025\/11\/kgkgkre.jpg\" alt=\"\" class=\"brick-c-cFOWSL\" style=\"\"\/><\/p>\n<p>\n            Les ogs\u00e5<\/p>\n<p>              Kuppet etter to d\u00f8gn p\u00e5 markedet: \u2013 Skj\u00f8nner at man blir fristet\n        <\/p>\n<p>  <\/a><\/p>\n<p>  <a href=\"https:\/\/www.ao.no\/5-128-1199405\" class=\"related-teaser has-image default-story-teaser article--c-eRUmMG article--c-eRUmMG-jKCPdD-design-default\" rel=\"nofollow noopener\" target=\"_blank\"><\/p>\n<p>    <img decoding=\"async\" loading=\"lazy\"  src=\"https:\/\/www.europesays.com\/no\/wp-content\/uploads\/2025\/11\/Bildekollasjer+%283%29.jpg\" alt=\"\" class=\"brick-c-cFOWSL\" style=\"\"\/><\/p>\n<p>\n            Les ogs\u00e5<\/p>\n<p>              Hopper i fallskjerm fra bygget: \u2013 Sv\u00e6rt alvorlig\n        <\/p>\n<p>  <\/a><\/p>\n","protected":false},"excerpt":{"rendered":"N\u00f8detatene rykket ut til Circle K p\u00e5 \u00d8kern p\u00e5 grunn av brann i en elbil. If\u00f8lge operasjonsleder Anders&hellip;\n","protected":false},"author":2,"featured_media":4903,"comment_status":"","ping_status":"","sticky":false,"template":"","format":"standard","meta":{"footnotes":""},"categories":[10],"tags":[36,20,21,24,25,15,22,23,13,30,28,29,14,16,12515,468,1510,26,27,284],"class_list":{"0":"post-97216","1":"post","2":"type-post","3":"status-publish","4":"format-standard","5":"has-post-thumbnail","7":"category-norge","8":"tag-art","9":"tag-breaking-news","10":"tag-breakingnews","11":"tag-featured-news","12":"tag-featurednews","13":"tag-headlines","14":"tag-latest-news","15":"tag-latestnews","16":"tag-news","17":"tag-no","18":"tag-norge","19":"tag-norway","20":"tag-nyheter","21":"tag-overskrifter","22":"tag-okern","23":"tag-politiet","24":"tag-story","25":"tag-top-stories","26":"tag-topstories","27":"tag-trafikk-og-kollektiv"},"share_on_mastodon":{"url":"https:\/\/pubeurope.com\/@no\/115616156652055645","error":""},"_links":{"self":[{"href":"https:\/\/www.europesays.com\/no\/wp-json\/wp\/v2\/posts\/97216","targetHints":{"allow":["GET"]}}],"collection":[{"href":"https:\/\/www.europesays.com\/no\/wp-json\/wp\/v2\/posts"}],"about":[{"href":"https:\/\/www.europesays.com\/no\/wp-json\/wp\/v2\/types\/post"}],"author":[{"embeddable":true,"href":"https:\/\/www.europesays.com\/no\/wp-json\/wp\/v2\/users\/2"}],"replies":[{"embeddable":true,"href":"https:\/\/www.europesays.com\/no\/wp-json\/wp\/v2\/comments?post=97216"}],"version-history":[{"count":0,"href":"https:\/\/www.europesays.com\/no\/wp-json\/wp\/v2\/posts\/97216\/revisions"}],"wp:featuredmedia":[{"embeddable":true,"href":"https:\/\/www.europesays.com\/no\/wp-json\/wp\/v2\/media\/4903"}],"wp:attachment":[{"href":"https:\/\/www.europesays.com\/no\/wp-json\/wp\/v2\/media?parent=97216"}],"wp:term":[{"taxonomy":"category","embeddable":true,"href":"https:\/\/www.europesays.com\/no\/wp-json\/wp\/v2\/categories?post=97216"},{"taxonomy":"post_tag","embeddable":true,"href":"https:\/\/www.europesays.com\/no\/wp-json\/wp\/v2\/tags?post=97216"}],"curies":[{"name":"wp","href":"https:\/\/api.w.org\/{rel}","templated":true}]}}