{"id":97217,"date":"2025-11-26T13:08:07","date_gmt":"2025-11-26T13:08:07","guid":{"rendered":"https:\/\/www.europesays.com\/no\/97217\/"},"modified":"2025-11-26T13:08:07","modified_gmt":"2025-11-26T13:08:07","slug":"viking-utestenger-supporter-i-35-kamper","status":"publish","type":"post","link":"https:\/\/www.europesays.com\/no\/97217\/","title":{"rendered":"Viking utestenger supporter i 35 kamper"},"content":{"rendered":"<p>Viking Fotball har tydelige retningslinjer som skal gj\u00f8re at alle skal trives p\u00e5 v\u00e5re kamper &#8211; p\u00e5 hjemmebane og bortebane &#8211; og som skal sikre at spillere supportere, frivillige, ansatte og alle andre f\u00f8ler seg trygge p\u00e5 stadion.<\/p>\n<p>Klubben har naturligvis nulltoleranse for diskriminering og hets p\u00e5 bakgrunn av hudfarge, etnisitet, religion, seksuell legning og andre hatefulle ytringer. Klubbens retningslinjer markerer tydelig Viking Fotball sitt syn p\u00e5 u\u00f8nsket adferd p\u00e5 tribunene.<\/p>\n<p>I ukene etter hendelsen har Viking Fotball gjort omfattende unders\u00f8kelser, og har identifisert \u00e9n person som vil f\u00e5 sanksjon i henhold til klubbens reaksjonsreglement. Vedkommende blir utestengt i 35 kamper og m\u00e5 gjennomg\u00e5 et holdningsendringsprogram f\u00f8r vedkommende eventuelt f\u00e5r tilgang til v\u00e5re kamper igjen. Vedtaket er fattet av klubbens Reaksjonsutvalg.<\/p>\n<p>For \u00e5 unng\u00e5 slike hendelser i framtiden vil klubben fortsette \u00e5 h\u00e5ndheve klubbens reaksjonsreglement, samtidig som vi vil i samarbeid med alle v\u00e5re supportere fortsette v\u00e5rt holdningsskapende arbeid.<\/p>\n<p>Vi \u00f8nsker ogs\u00e5 \u00e5 ber\u00f8mme Mehnert for \u00e5 gi beskjed, for kun p\u00e5 den m\u00e5ten kan vi f\u00e5 rettet oppmerksomhet mot en s\u00e5 viktig sak i norsk fotball.<\/p>\n","protected":false},"excerpt":{"rendered":"Viking Fotball har tydelige retningslinjer som skal gj\u00f8re at alle skal trives p\u00e5 v\u00e5re kamper &#8211; p\u00e5 hjemmebane&hellip;\n","protected":false},"author":2,"featured_media":97218,"comment_status":"","ping_status":"","sticky":false,"template":"","format":"standard","meta":{"footnotes":""},"categories":[5],"tags":[20,21,24,25,15,19,22,23,17,18,13,30,28,29,14,16,26,27],"class_list":{"0":"post-97217","1":"post","2":"type-post","3":"status-publish","4":"format-standard","5":"has-post-thumbnail","7":"category-overskrifter","8":"tag-breaking-news","9":"tag-breakingnews","10":"tag-featured-news","11":"tag-featurednews","12":"tag-headlines","13":"tag-hovedoppslag","14":"tag-latest-news","15":"tag-latestnews","16":"tag-main-news","17":"tag-mainnews","18":"tag-news","19":"tag-no","20":"tag-norge","21":"tag-norway","22":"tag-nyheter","23":"tag-overskrifter","24":"tag-top-stories","25":"tag-topstories"},"share_on_mastodon":{"url":"https:\/\/pubeurope.com\/@no\/115616160447305451","error":""},"_links":{"self":[{"href":"https:\/\/www.europesays.com\/no\/wp-json\/wp\/v2\/posts\/97217","targetHints":{"allow":["GET"]}}],"collection":[{"href":"https:\/\/www.europesays.com\/no\/wp-json\/wp\/v2\/posts"}],"about":[{"href":"https:\/\/www.europesays.com\/no\/wp-json\/wp\/v2\/types\/post"}],"author":[{"embeddable":true,"href":"https:\/\/www.europesays.com\/no\/wp-json\/wp\/v2\/users\/2"}],"replies":[{"embeddable":true,"href":"https:\/\/www.europesays.com\/no\/wp-json\/wp\/v2\/comments?post=97217"}],"version-history":[{"count":0,"href":"https:\/\/www.europesays.com\/no\/wp-json\/wp\/v2\/posts\/97217\/revisions"}],"wp:featuredmedia":[{"embeddable":true,"href":"https:\/\/www.europesays.com\/no\/wp-json\/wp\/v2\/media\/97218"}],"wp:attachment":[{"href":"https:\/\/www.europesays.com\/no\/wp-json\/wp\/v2\/media?parent=97217"}],"wp:term":[{"taxonomy":"category","embeddable":true,"href":"https:\/\/www.europesays.com\/no\/wp-json\/wp\/v2\/categories?post=97217"},{"taxonomy":"post_tag","embeddable":true,"href":"https:\/\/www.europesays.com\/no\/wp-json\/wp\/v2\/tags?post=97217"}],"curies":[{"name":"wp","href":"https:\/\/api.w.org\/{rel}","templated":true}]}}