{"id":97225,"date":"2025-11-26T13:17:14","date_gmt":"2025-11-26T13:17:14","guid":{"rendered":"https:\/\/www.europesays.com\/no\/97225\/"},"modified":"2025-11-26T13:17:14","modified_gmt":"2025-11-26T13:17:14","slug":"kine-asper-vistnes-lo-leder-merethe-solberg-har-saksokt-fellesforbundet-kine-asper-vistnes-ma-vitne","status":"publish","type":"post","link":"https:\/\/www.europesays.com\/no\/97225\/","title":{"rendered":"Kine Asper Vistnes, LO-leder | Merethe Solberg har saks\u00f8kt Fellesforbundet: Kine Asper Vistnes m\u00e5 vitne"},"content":{"rendered":"\n<p>OSLO TINGRETT (Nettavisen): Det var i slutten av januar i \u00e5r at Solberg mistet jobben som tillitsvalgt og valgt leder i .<\/p>\n<p>Forbundsstyret med dav\u00e6rende forbundsleder J\u00f8rn Eggum vedtok \u00e5 sette avdelingen hun ledet under administrasjon. 42-\u00e5ringen m\u00e5tte g\u00e5 p\u00e5 dagen uten rettigheter p\u00e5 annen jobb eller etterl\u00f8nn i forbundet.<\/p>\n<p><b>Les ogs\u00e5:<\/b> <a href=\"https:\/\/www.nettavisen.no\/nyheter\/merethe-solberg-moter-fellesforbundet-i-oslo-tingrett\/s\/5-95-2745749\" rel=\"Follow nofollow noopener\" target=\"_blank\">\u2013 Folk jeg har stolt p\u00e5 har snudd meg ryggen<\/a><\/p>\n<p>Solberg mener at hun ble usaklig oppsagt og krever ogs\u00e5 erstatning, og i forklaringen sin tirsdag nevnte Solberg at Vistnes var involvert i m\u00f8ter da hun \u00f8nsket hjelp til \u00e5 l\u00f8se konflikter i Avdeling 10 i 2023.<\/p>\n<p><b>Les ogs\u00e5:<\/b> <a href=\"https:\/\/www.nettavisen.no\/norsk-debatt\/full-farse-i-fellesforbundet\/o\/5-95-2746957\" rel=\"Follow nofollow noopener\" target=\"_blank\">Full farse i Fellesforbundet<\/a><\/p>\n<p>Solberg forklarte at den n\u00e5v\u00e6rende LO-lederen ikke st\u00f8ttet henne og styrets avgj\u00f8relse om \u00e5 si opp en ansatt og suspendere en annen, fordi hun heller \u00f8nsket \u00e5 \u00abnullstille\u00bb situasjonen.<\/p>\n<p>   <img decoding=\"async\" width=\"7856\" height=\"5240\" fetchpriority=\"low\"  loading=\"lazy\"  src=\"https:\/\/www.europesays.com\/no\/wp-content\/uploads\/2025\/11\/NTB_DpJ3tjJfIL8+%281%29.jpg\" alt=\"Oslo 20251125. &#10;Merete Solberg, tidligere leder i Fellesforbundets avdeling 10, har saks\u00f8kt Fellesforbundet og krever \u00e5 f\u00e5 tilbake sin tidligere stilling. Partene m\u00f8tes i Oslo tingrett til forhandlinger denne uken.&#10;Foto: Fredrik Varfjell \/ NTB\" class=\"brick-c-cFOWSL\" style=\"--brick-image-ratio: 7856 \/ 5240;\"\/><\/p>\n<p>      ARBEIDSKONFLIKT: Merethe Solberg har g\u00e5tt til s\u00f8ksm\u00e5l mot Fellesforbundet.<br \/>\n      Foto: Fredrik Varfjell (NTB)\n    <\/p>\n<p>\u2013 Jeg opplever det som problematisk at Vistnes ikke hadde nok kunnskap om situasjonen da vi satt i m\u00f8ter, sa Solberg i retten.<\/p>\n<p>Advokaten til Solberg, Merete Furesund, hadde derfor kalt inn Vistnes som vitne i rettsaken.<\/p>\n<p>\u00abHun vil kunne forklare seg om r\u00e5d hun har gitt fra Fellesforbundet til Solberg i personalsakene i avdeling 10. Videre vil hun kunne forklare seg om m\u00f8ter hun har hatt med ansatte om arbeidsmilj\u00f8problemene i avdeling 10. Vitnet er i dag leder av LO\u00bb, skriver Furesund i .<\/p>\n<p>Vistnes om Avdeling 10-avgj\u00f8relsen<\/p>\n<p>Furesund spurte Vistnes om et m\u00f8te med Solberg, hvor Vistnes skal ha sagt at partene m\u00e5 \u00abnullstille\u00bb seg.<\/p>\n<p>\u2013 Jeg er usikker p\u00e5 hvilket m\u00f8te du sp\u00f8r om, svarte LO-lederen.<\/p>\n<p>If\u00f8lge Vistnes var alt pr\u00f8vd og det var ikke noe alternativ utenom \u00e5 sette avdelingen under adminstrasjonen.<\/p>\n<p>\u2013 Vi hadde sett p\u00e5 alt og dette var siste utvei, selv om vi visste at dette er det mest inngripende du kan gj\u00f8re overfor en avdeling, fortalte Vistnes.<\/p>\n<p><b>Les ogs\u00e5:<\/b> <a rel=\"Follow nofollow noopener\" href=\"https:\/\/www.nettavisen.no\/nyheter\/foreldrene-til-merethe-solberg-bruker-sparepengene-i-rettsaken-mot-fellesforbundet\/s\/5-95-2747210\" target=\"_blank\">Ofrer alt i kampen mot Fellesforbundet: \u2013 Sparepengene v\u00e5re<\/a><\/p>\n<p>Hun fikk sp\u00f8rsm\u00e5l fra advokat Furesund om \u00e5 utdype mer om avgj\u00f8relsen, og da svarte Vistnes f\u00f8lgende i retten:<\/p>\n<p>\u2013 Vi hadde diskusjoner i ledelsen. Vi hadde grundige vurderinger av tingenes tilstand. Vi hadde ogs\u00e5 iverksatt tiltak som det ikke ble levert p\u00e5. Det var mangel p\u00e5 ledelse i avdelingen. Man klarte ikke \u00e5 lede avdelingen p\u00e5 den m\u00e5ten at det var greit p\u00e5 jobb, og det er det lederen av avdelingen som har ansvar for. Alt var ikke feil, men totalen viste at det var n\u00f8dvendig \u00e5 gripe inn, sa den dav\u00e6rende nestlederen i Fellesforbundet.<\/p>\n<p>\u2013 Dere hadde snudd alle steiner f\u00f8r du dere tok avgj\u00f8relsen, sa du i retten. Hva var feil?<\/p>\n<p>\u2013 Vi gjorde en helhetsvurdering og av de tiltakene vi hadde satt inn, s\u00e5 var det ingenting som f\u00f8rte fram, slik at vi fikk l\u00f8st de problemene som l\u00e5 der. Da s\u00e5 vi ingen utvei enn \u00e5 g\u00e5 til den beslutningen, sier LO-lederen til Nettavisen.<\/p>\n<p>LO-lederen om ukene f\u00f8r januar<\/p>\n<p>I retten spurte advokat Furesund hva Vistnes hadde av informasjon i slutten av 2024, da Solberg hadde sagt opp en ansatt.<\/p>\n<p>\u2013 Var du kjent med at en ansatt var sagt opp like f\u00f8r?, spurte Furesund i retten.<\/p>\n<p>\u2013 Det husker jeg ikke, sa Vistnes.<\/p>\n<p><b>Les ogs\u00e5:<\/b> <a rel=\"Follow nofollow noopener\" href=\"https:\/\/www.nettavisen.no\/nyheter\/elin-orjasater-han-burde-aldri-involvert-seg-med-dama\/s\/5-95-2408577\" target=\"_blank\">\u2013 Han burde aldri involvert seg med dama<\/a><\/p>\n<p>Solbergs advokat ville vite hva forbundsledelsen hadde gjort av forarbeider f\u00f8r de satte avdelingen under administrasjon.<\/p>\n<p>\u2013 Vi hadde diskusjoner med flere og fikk innspill, fortalte LO-lederen.<\/p>\n<p>\u2013 Men rapporten til Fellesforbundet kritiserer dere for mangelfull innhenting og muligheten til kontradiksjon, kontret Furesund tilbake.<\/p>\n<p>\u2013 Jeg kan ikke kommentere hva som st\u00e5r i rapporten, sa hun.<\/p>\n<p>Har ikke fulgt opp Solberg<\/p>\n<p>Furesund ville ogs\u00e5 vite n\u00e5r Vistnes fikk vite om forholdet mellom dav\u00e6rende forbundsleder J\u00f8rn Eggum og Merethe Solberg.<\/p>\n<p>\u2013 Det var dagen f\u00f8r saken kom opp i TV 2, og jeg st\u00f8ttet J\u00f8rns avgj\u00f8relse i etterkant, sa LO-lederen.<\/p>\n<p>I slutten av april fortalte Solberg til TV 2 at hun og forbundsleder J\u00f8rn Eggum hadde hatt et seksuelt forhold over flere \u00e5r. Dette hadde ikke Eggum orientert om i forbundsstyret f\u00f8r han selv behandlet sluttavtalen hennes.<\/p>\n<p>Eggum trakk seg som leder i forbundet etter avsl\u00f8ringene og trakk ogs\u00e5 sitt kandidatur til valget som LO-leder, hvor det endte opp med at Vistnes ble ny leder.<\/p>\n<p>    Vil du se neste video?<\/p>\n<p>    <a href=\"https:\/\/www.nettavisen.no\/nyheter\/turist-startet-brann-ved-tempel-i-kina\/v\/5-95-2739470\" class=\"recommend-poster\" data-adp-clicklabel=\"video-recommend\" data-adp-clickvalue=\"poster\" rel=\"nofollow noopener\" target=\"_blank\"><br \/>\n      <img decoding=\"async\" width=\"200\" height=\"200\" loading=\"lazy\" src=\"https:\/\/www.europesays.com\/no\/wp-content\/uploads\/2025\/11\/BRANN+KINDA+BREDDE.jpg\" alt=\"\" class=\"brick-c-cFOWSL\" style=\"--brick-image-ratio: 200 \/ 200;\"\/><\/p>\n<p>Turist startet brann0:34<\/p>\n<p>    <\/a><\/p>\n<p>\u2013 Ble det diskutert \u00e5 f\u00f8lge opp Solberg?<\/p>\n<p>\u2013 Ikke fra min side. Hun var ikke under mitt ansvarsomr\u00e5de da.<\/p>\n<p>\u2013 Har du lest rapporten fra Fellesforbundet?, ville Furesund vite mer om.<\/p>\n<p>\u2013 Jeg har g\u00e5tt raskt gjennom den, men ikke noe mer enn det. Det er ikke mitt anliggende, sa LO-lederen.<\/p>\n<p>\u2013 Solberg har ingen jobb, ingen l\u00f8nn og ingen som f\u00f8lger henne opp. Er dette en del av \u00e5 v\u00e6re tillitsvalgt?, sa advokaten til Vistnes.<\/p>\n<p>\u2013 Det er s\u00e5nn det er, dessverre. Dette er en del av generell problemstilling, hva slags sikkerhetsnett en tillitsvalgt har, var LO-lederens svar tilbake.<\/p>\n","protected":false},"excerpt":{"rendered":"OSLO TINGRETT (Nettavisen): Det var i slutten av januar i \u00e5r at Solberg mistet jobben som tillitsvalgt og&hellip;\n","protected":false},"author":2,"featured_media":97226,"comment_status":"","ping_status":"","sticky":false,"template":"","format":"standard","meta":{"footnotes":""},"categories":[10],"tags":[20,21,24,25,15,22,23,13,30,28,29,14,16,26,27],"class_list":{"0":"post-97225","1":"post","2":"type-post","3":"status-publish","4":"format-standard","5":"has-post-thumbnail","7":"category-norge","8":"tag-breaking-news","9":"tag-breakingnews","10":"tag-featured-news","11":"tag-featurednews","12":"tag-headlines","13":"tag-latest-news","14":"tag-latestnews","15":"tag-news","16":"tag-no","17":"tag-norge","18":"tag-norway","19":"tag-nyheter","20":"tag-overskrifter","21":"tag-top-stories","22":"tag-topstories"},"share_on_mastodon":{"url":"https:\/\/pubeurope.com\/@no\/115616195871437034","error":""},"_links":{"self":[{"href":"https:\/\/www.europesays.com\/no\/wp-json\/wp\/v2\/posts\/97225","targetHints":{"allow":["GET"]}}],"collection":[{"href":"https:\/\/www.europesays.com\/no\/wp-json\/wp\/v2\/posts"}],"about":[{"href":"https:\/\/www.europesays.com\/no\/wp-json\/wp\/v2\/types\/post"}],"author":[{"embeddable":true,"href":"https:\/\/www.europesays.com\/no\/wp-json\/wp\/v2\/users\/2"}],"replies":[{"embeddable":true,"href":"https:\/\/www.europesays.com\/no\/wp-json\/wp\/v2\/comments?post=97225"}],"version-history":[{"count":0,"href":"https:\/\/www.europesays.com\/no\/wp-json\/wp\/v2\/posts\/97225\/revisions"}],"wp:featuredmedia":[{"embeddable":true,"href":"https:\/\/www.europesays.com\/no\/wp-json\/wp\/v2\/media\/97226"}],"wp:attachment":[{"href":"https:\/\/www.europesays.com\/no\/wp-json\/wp\/v2\/media?parent=97225"}],"wp:term":[{"taxonomy":"category","embeddable":true,"href":"https:\/\/www.europesays.com\/no\/wp-json\/wp\/v2\/categories?post=97225"},{"taxonomy":"post_tag","embeddable":true,"href":"https:\/\/www.europesays.com\/no\/wp-json\/wp\/v2\/tags?post=97225"}],"curies":[{"name":"wp","href":"https:\/\/api.w.org\/{rel}","templated":true}]}}