{"id":97246,"date":"2025-11-26T13:42:12","date_gmt":"2025-11-26T13:42:12","guid":{"rendered":"https:\/\/www.europesays.com\/no\/97246\/"},"modified":"2025-11-26T13:42:12","modified_gmt":"2025-11-26T13:42:12","slug":"viking-utestenger-supporter-i-35-kamper-etter-krenkende-ytringer-mot-stromsgodset-spiller-2","status":"publish","type":"post","link":"https:\/\/www.europesays.com\/no\/97246\/","title":{"rendered":"Viking utestenger supporter i 35 kamper etter krenkende ytringer mot Str\u00f8msgodset-spiller"},"content":{"rendered":"<p class=\"extendedContent hyperion-css-eyn926\" data-test-tag=\"lead-text\">Viking reagerer sterkt mot en tilskuer som framsatte krenkende ytringer fra bortefeltet p\u00e5 Marienlyst stadion mot Str\u00f8msgodset-spiller Marcus Mehnert nylig.<\/p>\n<p><img decoding=\"async\" class=\"image-asset hyperion-css-u06ts1\" data-test-tag=\"image-asset\" src=\"https:\/\/www.europesays.com\/no\/wp-content\/uploads\/2025\/11\/6e2b475c-2c5e-498b-aff3-d5e3a2bb7790\"  alt=\"Str\u00f8msgodsets Marcus Mehnert fikk krenkende ytringer rettet mot seg. \"  loading=\"eager\" fetchpriority=\"high\" style=\"aspect-ratio:2048 \/ 1368\"\/>Str\u00f8msgodsets Marcus Mehnert fikk krenkende ytringer rettet mot seg. Foto: Svein Ove Ekornesv\u00e5g \/ NTB<\/p>\n<p class=\"paywall hyperion-css-1j42uic\">Det opplyser klubben i sine kanaler.<\/p>\n<p class=\"paywall hyperion-css-1j42uic\">\u2013 I ukene etter hendelsen har Viking Fotball gjort omfattende unders\u00f8kelser, og har identifisert \u00e9n person som vil f\u00e5 sanksjon i henhold til klubbens reaksjonsreglement, skriver klubben.<\/p>\n<p class=\"paywall hyperion-css-1j42uic\">Personen blir utestengt i 35 kamper og m\u00e5 i tillegg gjennomg\u00e5 et holdningsendringsprogram f\u00f8r vedkommende eventuelt f\u00e5r tilgang til klubbens kamper igjen.<\/p>\n<p class=\"paywall hyperion-css-1j42uic\">Mehnert reagerte sterkt p\u00e5 episoden i den aktuelle kampen 2. november.<\/p>\n<p class=\"paywall hyperion-css-1j42uic\">\u2013 Det er greit at Viking er gode og at supporterne skal v\u00e6re stolte av det, men \u00e5 kalle folk for homo, kan de holde seg for gode for \u00e5 gj\u00f8re, sa han til TV 2.<\/p>\n<p class=\"paywall hyperion-css-1j42uic\">Godset-spilleren fikk meldingen slengt etter seg da han var nede ved d\u00f8dlinjen for \u00e5 drikke vann.<\/p>\n<p class=\"paywall hyperion-css-1j42uic\">N\u00e5 har alts\u00e5 Viking tatt t\u00f8ffe grep.<\/p>\n<p class=\"paywall hyperion-css-1j42uic\">Stavanger-klubben er tydelig p\u00e5 at den har nulltoleranse for diskriminering og hets p\u00e5 bakgrunn av hudfarge, etnisitet, religion, seksuell legning og andre hatefulle ytringer.<\/p>\n<p class=\"paywall hyperion-css-1j42uic\">\u00abViking Fotball har tydelige retningslinjer som skal gj\u00f8re at alle skal trives p\u00e5 v\u00e5re kamper \u2013 p\u00e5 hjemmebane og bortebane \u2013 og som skal sikre at spillere supportere, frivillige, ansatte og alle andre f\u00f8ler seg trygge p\u00e5 stadion\u00bb, skriver Viking.<\/p>\n<p class=\"paywall hyperion-css-1j42uic\">\u00abFor \u00e5 unng\u00e5 slike hendelser i framtiden vil klubben fortsette \u00e5 h\u00e5ndheve klubbens reaksjonsreglement, samtidig som vi vil i samarbeid med alle v\u00e5re supportere fortsette v\u00e5rt holdningsskapende arbeid\u00bb, heter det videre i onsdagens pressemelding.<\/p>\n<p class=\"paywall hyperion-css-1j42uic\">Klubben ber\u00f8mmer Marcus Mehnert for \u00e5 ha gitt beskjed.<\/p>\n","protected":false},"excerpt":{"rendered":"Viking reagerer sterkt mot en tilskuer som framsatte krenkende ytringer fra bortefeltet p\u00e5 Marienlyst stadion mot Str\u00f8msgodset-spiller Marcus&hellip;\n","protected":false},"author":2,"featured_media":97247,"comment_status":"","ping_status":"","sticky":false,"template":"","format":"standard","meta":{"footnotes":""},"categories":[59],"tags":[30,28,29,83,82],"class_list":{"0":"post-97246","1":"post","2":"type-post","3":"status-publish","4":"format-standard","5":"has-post-thumbnail","7":"category-sport","8":"tag-no","9":"tag-norge","10":"tag-norway","11":"tag-sport","12":"tag-sports"},"share_on_mastodon":{"url":"https:\/\/pubeurope.com\/@no\/115616294255224214","error":""},"_links":{"self":[{"href":"https:\/\/www.europesays.com\/no\/wp-json\/wp\/v2\/posts\/97246","targetHints":{"allow":["GET"]}}],"collection":[{"href":"https:\/\/www.europesays.com\/no\/wp-json\/wp\/v2\/posts"}],"about":[{"href":"https:\/\/www.europesays.com\/no\/wp-json\/wp\/v2\/types\/post"}],"author":[{"embeddable":true,"href":"https:\/\/www.europesays.com\/no\/wp-json\/wp\/v2\/users\/2"}],"replies":[{"embeddable":true,"href":"https:\/\/www.europesays.com\/no\/wp-json\/wp\/v2\/comments?post=97246"}],"version-history":[{"count":0,"href":"https:\/\/www.europesays.com\/no\/wp-json\/wp\/v2\/posts\/97246\/revisions"}],"wp:featuredmedia":[{"embeddable":true,"href":"https:\/\/www.europesays.com\/no\/wp-json\/wp\/v2\/media\/97247"}],"wp:attachment":[{"href":"https:\/\/www.europesays.com\/no\/wp-json\/wp\/v2\/media?parent=97246"}],"wp:term":[{"taxonomy":"category","embeddable":true,"href":"https:\/\/www.europesays.com\/no\/wp-json\/wp\/v2\/categories?post=97246"},{"taxonomy":"post_tag","embeddable":true,"href":"https:\/\/www.europesays.com\/no\/wp-json\/wp\/v2\/tags?post=97246"}],"curies":[{"name":"wp","href":"https:\/\/api.w.org\/{rel}","templated":true}]}}