{"id":97260,"date":"2025-11-26T14:03:09","date_gmt":"2025-11-26T14:03:09","guid":{"rendered":"https:\/\/www.europesays.com\/no\/97260\/"},"modified":"2025-11-26T14:03:09","modified_gmt":"2025-11-26T14:03:09","slug":"truls-daehli-far-nokkelrolle-i-vm-planleggingen","status":"publish","type":"post","link":"https:\/\/www.europesays.com\/no\/97260\/","title":{"rendered":"Truls D\u00e6hli f\u00e5r n\u00f8kkelrolle i VM-planleggingen"},"content":{"rendered":"\n<p class=\"_lead_o9xde_2 _lead_xtcu6_50 layout-component text-serif-m layout-normal text-serif-l layout-component layout-wide layout-padded _wide_17hqh_1 layout-padded\">Truls D\u00e6hli blir prosjektleder for Norge frem mot VM. <\/p>\n<p><img alt=\" Foto: Lise \u00c5serud \/ NTB\" class=\"_image_qp4xg_65 layout-component layout-wide\" data-fullscreen- data-track-element-type=\"Article image fullscreen\" data-track-name=\"ImageFullscreen\" fetchpriority=\"high\" decoding=\"sync\" loading=\"eager\" height=\"2513\" itemprop=\"image\"  src=\"https:\/\/www.europesays.com\/no\/wp-content\/uploads\/2025\/11\/950138f7-a06a-44cb-9395-835bde443192\"  style=\"object-position:0% 0%\" width=\"2728\"\/> Foto: Lise \u00c5serud \/ NTB<\/p>\n<ul aria-hidden=\"true\" class=\"_images_18f0k_111\">\n<li><a class=\"_link_18f0k_116\" href=\"https:\/\/www.vg.no\/forfatter\/steffen-stenersen\" style=\"z-index:1\" title=\"Steffen Stenersen\" rel=\"nofollow noopener\" target=\"_blank\"><img alt=\"Bilde av Steffen Stenersen\" class=\"_image_18f0k_93\" fetchpriority=\"low\" loading=\"lazy\" decoding=\"async\" itemprop=\"image\"  src=\"https:\/\/www.europesays.com\/no\/wp-content\/uploads\/2025\/11\/1764165789_167_53060b84-6e6f-4eee-9b23-952f524bbbf0\"  width=\"480\"\/><\/a><\/li>\n<\/ul>\n<p> Oppdatert onsdag 26. november kl. 14:55     <\/p>\n<p class=\"_paragraph_o9xde_4 _paragraph_xtcu6_10 layout-component text-serif-m layout-normal text-serif-m layout-padded\">Truls D\u00e6hli vender tilbake til Norges Fotballforbund i en ny rolle. Han blir sportslig prosjektleder for VM 2026, melder\u00a0<a href=\"https:\/\/www.fotball.no\/landslag\/norge-a-herrer\/2025\/truls-dahli-blir-prosjektleder-i-vm\/\" class=\"_link_o9xde_39\" rel=\"nofollow noopener\" target=\"_blank\">NFF i en pressemelding<\/a>.<\/p>\n<p class=\"_paragraph_o9xde_4 _paragraph_xtcu6_10 layout-component text-serif-m layout-normal text-serif-m layout-padded\">Engasjementet er midlertidig og skal sikre at Norge f\u00e5r best mulige forberedelser til mesterskapet.<\/p>\n<p class=\"_paragraph_o9xde_4 _paragraph_xtcu6_10 layout-component text-serif-m layout-normal text-serif-m layout-padded\">\u2013 V\u00e5r deltagelse i herre-VM krever naturlig nok styrket koordinering og dedikert ledelse av alle sportslige forberedelser, sier generalsekret\u00e6r Karl-Petter L\u00f8ken.<\/p>\n<p class=\"_paragraph_o9xde_4 _paragraph_xtcu6_10 layout-component text-serif-m layout-normal text-serif-m layout-padded\">D\u00e6hli skal s\u00f8rge for helhetlig planlegging og god informasjonsflyt mellom alle parter. <\/p>\n<p><img alt=\"Truls D\u00e6hli jobbet mange \u00e5r i VG Sporten. Her er han i samtale med dav\u00e6rende landslagssjef Egil Drillo Olsen i 1998.   Foto: Bj\u00f8rn S. Delebekk\" class=\"_image_qp4xg_65 layout-component layout-normal\" data-fullscreen- data-track-element-type=\"Article image fullscreen\" data-track-name=\"ImageFullscreen\" decoding=\"async\" loading=\"lazy\" height=\"1600\" itemprop=\"image\"  src=\"https:\/\/www.europesays.com\/no\/wp-content\/uploads\/2025\/11\/277facf1-5aa5-497a-a364-f246bd7b1ff4\"  style=\"object-position:0% 0%\" width=\"2418\"\/>Truls D\u00e6hli jobbet mange \u00e5r i VG Sporten. Her er han i samtale med dav\u00e6rende landslagssjef Egil Drillo Olsen i 1998.   Foto: Bj\u00f8rn S. Delebekk<\/p>\n<p class=\"_paragraph_o9xde_4 _paragraph_xtcu6_10 layout-component text-serif-m layout-normal text-serif-m layout-padded\">Landslagssjef St\u00e5le Solbakken \u00f8nsket spesielt D\u00e6hli i stillingen.<\/p>\n<p class=\"_paragraph_o9xde_4 _paragraph_xtcu6_10 layout-component text-serif-m layout-normal text-serif-m layout-padded\">\u2013 Truls var sterkt \u00f8nsket av St\u00e5le i denne stillingen. Vi er glade for at Truls har takket ja til dette engasjementet, fortsetter L\u00f8ken.<\/p>\n<p class=\"_paragraph_o9xde_4 _paragraph_xtcu6_10 layout-component text-serif-m layout-normal text-serif-m layout-padded\">Han er tidligere sportskommentator i VG, men begynte i NFF i 2015. I mars 2021 pensjonerte D\u00e6hli seg etter \u00e5 ha v\u00e6rt fungerende direkt\u00f8r for toppfotball og landslag for Lise Klaveness da hun var i foreldrepermisjon. Da Klaveness ble fotballpresident i 2022, ble han hentet tilbake i stillingen, som i f\u00f8rste omgang skulle bli forlenget i fire m\u00e5neder. H\u00f8sten 2023 gikk D\u00e6hli p\u00e5 nytt inn i pensjonistenes rekker.<\/p>\n<p class=\"_paragraph_o9xde_4 _paragraph_xtcu6_10 layout-component text-serif-m layout-normal text-serif-m layout-padded\">Han er far til Molde-spiller Mats M\u00f8ller D\u00e6hli. <\/p>\n","protected":false},"excerpt":{"rendered":"Truls D\u00e6hli blir prosjektleder for Norge frem mot VM. Foto: Lise \u00c5serud \/ NTB Oppdatert onsdag 26. november&hellip;\n","protected":false},"author":2,"featured_media":97261,"comment_status":"","ping_status":"","sticky":false,"template":"","format":"standard","meta":{"footnotes":""},"categories":[59],"tags":[30,28,29,83,82],"class_list":{"0":"post-97260","1":"post","2":"type-post","3":"status-publish","4":"format-standard","5":"has-post-thumbnail","7":"category-sport","8":"tag-no","9":"tag-norge","10":"tag-norway","11":"tag-sport","12":"tag-sports"},"share_on_mastodon":{"url":"https:\/\/pubeurope.com\/@no\/115616376636761405","error":""},"_links":{"self":[{"href":"https:\/\/www.europesays.com\/no\/wp-json\/wp\/v2\/posts\/97260","targetHints":{"allow":["GET"]}}],"collection":[{"href":"https:\/\/www.europesays.com\/no\/wp-json\/wp\/v2\/posts"}],"about":[{"href":"https:\/\/www.europesays.com\/no\/wp-json\/wp\/v2\/types\/post"}],"author":[{"embeddable":true,"href":"https:\/\/www.europesays.com\/no\/wp-json\/wp\/v2\/users\/2"}],"replies":[{"embeddable":true,"href":"https:\/\/www.europesays.com\/no\/wp-json\/wp\/v2\/comments?post=97260"}],"version-history":[{"count":0,"href":"https:\/\/www.europesays.com\/no\/wp-json\/wp\/v2\/posts\/97260\/revisions"}],"wp:featuredmedia":[{"embeddable":true,"href":"https:\/\/www.europesays.com\/no\/wp-json\/wp\/v2\/media\/97261"}],"wp:attachment":[{"href":"https:\/\/www.europesays.com\/no\/wp-json\/wp\/v2\/media?parent=97260"}],"wp:term":[{"taxonomy":"category","embeddable":true,"href":"https:\/\/www.europesays.com\/no\/wp-json\/wp\/v2\/categories?post=97260"},{"taxonomy":"post_tag","embeddable":true,"href":"https:\/\/www.europesays.com\/no\/wp-json\/wp\/v2\/tags?post=97260"}],"curies":[{"name":"wp","href":"https:\/\/api.w.org\/{rel}","templated":true}]}}