{"id":97324,"date":"2025-11-26T15:34:01","date_gmt":"2025-11-26T15:34:01","guid":{"rendered":"https:\/\/www.europesays.com\/no\/97324\/"},"modified":"2025-11-26T15:34:01","modified_gmt":"2025-11-26T15:34:01","slug":"hydro-naeringsliv-hydro-foreslar-a-stenge-fem-fabrikker-i-europa","status":"publish","type":"post","link":"https:\/\/www.europesays.com\/no\/97324\/","title":{"rendered":"Hydro, N\u00e6ringsliv | Hydro foresl\u00e5r \u00e5 stenge fem fabrikker i Europa"},"content":{"rendered":"\n<p>Det skriver <a href=\"https:\/\/e24.no\/norsk-oekonomi\/i\/M7wW0K\/hydro-vil-stenge-fem-anlegg-i-europa\" rel=\"nofollow noopener\" target=\"_blank\">E24<\/a>.<\/p>\n<p>\u2013 Dette er ikke en enkel beslutning, men det er n\u00f8dvendig \u00e5 tilpasse fotavtrykket og produksjonskapasiteten til markedssituasjonen i Europa, sier konsernsjef Eivind Kallevik i en uttalelse.<\/p>\n<p>Det er produksjonsanleggene i Cheltenham og Bedwas i Storbritannia, L\u00fcdenscheid i Tyskland, Feltre i Italia og Drunen i Nederland som rammes. Etter planen skal de stenges i l\u00f8pet av 2026.<\/p>\n<p>\u2013 Avgj\u00f8relsen om \u00e5 optimalisere portef\u00f8ljen i Europa er basert p\u00e5 en detaljert gjennomgang og analyse av driftsresultater og markedssituasjon. M\u00e5let er \u00e5 styrke den langsiktige konkurranseevnen til Hydro Extrusions\u2019 virksomhet i Europa, <a href=\"https:\/\/www.hydro.com\/no\/global\/media\/news\/2025\/hydro-to-close-five-european-extrusion-plants\/\" rel=\"Follow nofollow noopener\" target=\"_blank\">skriver Hydro i en pressemelding onsdag<\/a>.<\/p>\n<p>Den foresl\u00e5tte nedleggelsen av de fem anleggene ber\u00f8rer 730 ansatte. Fabrikkene har til sammen \u00e5tte ekstruderingspresser, ulike prosesser for videre bearbeiding og tre resirkuleringsanlegg.<\/p>\n<p>\u2013 Vi vil fortsatt ha en sterk tilstedev\u00e6relse i det europeiske markedet, og vi skal levere produkter og tjenester til v\u00e5re kunder med samme kvalitet og service som f\u00f8r, sier Kallevik.<\/p>\n<p>Etter de foresl\u00e5tte endringene vil Hydro ha 28 ekstruderingsanlegg og fem resirkuleringsanlegg i forretningsenheten Hydro Extrusion Europe, med totalt 7 000 ansatte.<\/p>\n<p>Hydro skriver at hvis beslutningen blir endelig bekreftet, kommer kunder fra de rammede fabrikkene til \u00e5 f\u00e5 produkter fra andre anlegg.<\/p>\n","protected":false},"excerpt":{"rendered":"Det skriver E24. \u2013 Dette er ikke en enkel beslutning, men det er n\u00f8dvendig \u00e5 tilpasse fotavtrykket og&hellip;\n","protected":false},"author":2,"featured_media":97325,"comment_status":"","ping_status":"","sticky":false,"template":"","format":"standard","meta":{"footnotes":""},"categories":[56],"tags":[36,60,61,4958,537,62,30,28,29,1510],"class_list":{"0":"post-97324","1":"post","2":"type-post","3":"status-publish","4":"format-standard","5":"has-post-thumbnail","7":"category-naeringsliv","8":"tag-art","9":"tag-business","10":"tag-economy","11":"tag-hydro","12":"tag-industri","13":"tag-naeringsliv","14":"tag-no","15":"tag-norge","16":"tag-norway","17":"tag-story"},"share_on_mastodon":{"url":"https:\/\/pubeurope.com\/@no\/115616734554075099","error":""},"_links":{"self":[{"href":"https:\/\/www.europesays.com\/no\/wp-json\/wp\/v2\/posts\/97324","targetHints":{"allow":["GET"]}}],"collection":[{"href":"https:\/\/www.europesays.com\/no\/wp-json\/wp\/v2\/posts"}],"about":[{"href":"https:\/\/www.europesays.com\/no\/wp-json\/wp\/v2\/types\/post"}],"author":[{"embeddable":true,"href":"https:\/\/www.europesays.com\/no\/wp-json\/wp\/v2\/users\/2"}],"replies":[{"embeddable":true,"href":"https:\/\/www.europesays.com\/no\/wp-json\/wp\/v2\/comments?post=97324"}],"version-history":[{"count":0,"href":"https:\/\/www.europesays.com\/no\/wp-json\/wp\/v2\/posts\/97324\/revisions"}],"wp:featuredmedia":[{"embeddable":true,"href":"https:\/\/www.europesays.com\/no\/wp-json\/wp\/v2\/media\/97325"}],"wp:attachment":[{"href":"https:\/\/www.europesays.com\/no\/wp-json\/wp\/v2\/media?parent=97324"}],"wp:term":[{"taxonomy":"category","embeddable":true,"href":"https:\/\/www.europesays.com\/no\/wp-json\/wp\/v2\/categories?post=97324"},{"taxonomy":"post_tag","embeddable":true,"href":"https:\/\/www.europesays.com\/no\/wp-json\/wp\/v2\/tags?post=97324"}],"curies":[{"name":"wp","href":"https:\/\/api.w.org\/{rel}","templated":true}]}}