{"id":97330,"date":"2025-11-26T15:38:18","date_gmt":"2025-11-26T15:38:18","guid":{"rendered":"https:\/\/www.europesays.com\/no\/97330\/"},"modified":"2025-11-26T15:38:18","modified_gmt":"2025-11-26T15:38:18","slug":"norges-to-mest-kjente-lopestjerner-har-tjent-over-95-mill-pa-tre-ar","status":"publish","type":"post","link":"https:\/\/www.europesays.com\/no\/97330\/","title":{"rendered":"Norges to mest kjente l\u00f8pestjerner har tjent over 95 mill. p\u00e5 tre \u00e5r"},"content":{"rendered":"<p class=\"lead\">To av Norges mest profilerte friidrettsstjerner, Jakob Ingebrigtsen (25) og Karsten Warholm (29), har de tre siste \u00e5rene tjent til sammen 95 millioner kroner. Den som hadde den h\u00f8yeste skattelignede inntekten av de to i fjor, var Ingebrigtsen.<\/p>\n<p><img alt=\"Jakob Ingebrigtsen (25) feirer i Polen i august i fjor etter \u00e5 ha senket verdensrekorden med over tre sekunder p\u00e5 3000 meter.\" loading=\"eager\" src=\"https:\/\/www.europesays.com\/no\/wp-content\/uploads\/2025\/11\/eyJ3IjoxMDAwLCJmIjoid2VicCIsImsiOiJkMjEwMTQxMTMzOTdkMTQ1MjgxMjk3ZTQ5MjY5OTBkOCIsImZwIjpbMC41MjA1MjEs.webp\" fetchpriority=\"high\" decoding=\"async\"\/>Jakob Ingebrigtsen (25) feirer i Polen i august i fjor etter \u00e5 ha senket verdensrekorden med over tre sekunder p\u00e5 3000 meter.Foto: Reuters<\/p>\n","protected":false},"excerpt":{"rendered":"To av Norges mest profilerte friidrettsstjerner, Jakob Ingebrigtsen (25) og Karsten Warholm (29), har de tre siste \u00e5rene&hellip;\n","protected":false},"author":2,"featured_media":97331,"comment_status":"","ping_status":"","sticky":false,"template":"","format":"standard","meta":{"footnotes":""},"categories":[59],"tags":[30,28,29,83,82],"class_list":{"0":"post-97330","1":"post","2":"type-post","3":"status-publish","4":"format-standard","5":"has-post-thumbnail","7":"category-sport","8":"tag-no","9":"tag-norge","10":"tag-norway","11":"tag-sport","12":"tag-sports"},"share_on_mastodon":{"url":"https:\/\/pubeurope.com\/@no\/115616750357416999","error":""},"_links":{"self":[{"href":"https:\/\/www.europesays.com\/no\/wp-json\/wp\/v2\/posts\/97330","targetHints":{"allow":["GET"]}}],"collection":[{"href":"https:\/\/www.europesays.com\/no\/wp-json\/wp\/v2\/posts"}],"about":[{"href":"https:\/\/www.europesays.com\/no\/wp-json\/wp\/v2\/types\/post"}],"author":[{"embeddable":true,"href":"https:\/\/www.europesays.com\/no\/wp-json\/wp\/v2\/users\/2"}],"replies":[{"embeddable":true,"href":"https:\/\/www.europesays.com\/no\/wp-json\/wp\/v2\/comments?post=97330"}],"version-history":[{"count":0,"href":"https:\/\/www.europesays.com\/no\/wp-json\/wp\/v2\/posts\/97330\/revisions"}],"wp:featuredmedia":[{"embeddable":true,"href":"https:\/\/www.europesays.com\/no\/wp-json\/wp\/v2\/media\/97331"}],"wp:attachment":[{"href":"https:\/\/www.europesays.com\/no\/wp-json\/wp\/v2\/media?parent=97330"}],"wp:term":[{"taxonomy":"category","embeddable":true,"href":"https:\/\/www.europesays.com\/no\/wp-json\/wp\/v2\/categories?post=97330"},{"taxonomy":"post_tag","embeddable":true,"href":"https:\/\/www.europesays.com\/no\/wp-json\/wp\/v2\/tags?post=97330"}],"curies":[{"name":"wp","href":"https:\/\/api.w.org\/{rel}","templated":true}]}}