{"id":97344,"date":"2025-11-26T15:46:12","date_gmt":"2025-11-26T15:46:12","guid":{"rendered":"https:\/\/www.europesays.com\/no\/97344\/"},"modified":"2025-11-26T15:46:12","modified_gmt":"2025-11-26T15:46:12","slug":"kultur-trondheim-rocks-har-sluppet-lineupen-for-neste-ars-festival","status":"publish","type":"post","link":"https:\/\/www.europesays.com\/no\/97344\/","title":{"rendered":"Kultur, Trondheim Rocks | Har sluppet lineupen for neste \u00e5rs festival"},"content":{"rendered":"\n<p>Trondheim Rocks flytter inn p\u00e5 Ladesletta fra og med sommeren 2026 og festivalen har n\u00e5 sluppet lineupen for den kommende festivalen.<\/p>\n<p>Danske Volbeat er hovedtrekkplaster og pryder plakaten for sammen med svenske Avatar, skottene i Bleed From Within, Dum Dum Boys, Epica fra Nederland, Raga Rockers, britiske Tailgunner og Turbonegro.<\/p>\n<p>\u2013 Et nytt kapittel for rockefestivalen i Trondheim, skriver arrang\u00f8r Trondheim Stage i pressemeldinga.<\/p>\n<p>Festivalen har de siste fem \u00e5rene holdt til p\u00e5 E.C. Dahls Arena.<\/p>\n<p>\u2013 Her f\u00e5r vi st\u00f8rre kapasitet, bedre fasiliteter og langt flere muligheter til \u00e5 utvikle festivalomr\u00e5det med nye konsepter, soner og opplevelser for publikum. Vi gleder oss til \u00e5 \u00f8nske velkommen s\u00f8ndag 7. juni, n\u00e5r Trondheim Rocks g\u00e5r av stabelen i ny drakt \u2013 st\u00f8rre, tyngre og mer innholdsrik enn noensinne, skriver Trondheim Stage videre.<\/p>\n","protected":false},"excerpt":{"rendered":"Trondheim Rocks flytter inn p\u00e5 Ladesletta fra og med sommeren 2026 og festivalen har n\u00e5 sluppet lineupen for&hellip;\n","protected":false},"author":2,"featured_media":97345,"comment_status":"","ping_status":"","sticky":false,"template":"","format":"standard","meta":{"footnotes":""},"categories":[58],"tags":[36,71,410,12523,30,28,29,1510,12522,72],"class_list":{"0":"post-97344","1":"post","2":"type-post","3":"status-publish","4":"format-standard","5":"has-post-thumbnail","7":"category-underholdning","8":"tag-art","9":"tag-entertainment","10":"tag-kultur","11":"tag-ladesletta","12":"tag-no","13":"tag-norge","14":"tag-norway","15":"tag-story","16":"tag-trondheim-rocks","17":"tag-underholdning"},"share_on_mastodon":{"url":"https:\/\/pubeurope.com\/@no\/115616781669491197","error":""},"_links":{"self":[{"href":"https:\/\/www.europesays.com\/no\/wp-json\/wp\/v2\/posts\/97344","targetHints":{"allow":["GET"]}}],"collection":[{"href":"https:\/\/www.europesays.com\/no\/wp-json\/wp\/v2\/posts"}],"about":[{"href":"https:\/\/www.europesays.com\/no\/wp-json\/wp\/v2\/types\/post"}],"author":[{"embeddable":true,"href":"https:\/\/www.europesays.com\/no\/wp-json\/wp\/v2\/users\/2"}],"replies":[{"embeddable":true,"href":"https:\/\/www.europesays.com\/no\/wp-json\/wp\/v2\/comments?post=97344"}],"version-history":[{"count":0,"href":"https:\/\/www.europesays.com\/no\/wp-json\/wp\/v2\/posts\/97344\/revisions"}],"wp:featuredmedia":[{"embeddable":true,"href":"https:\/\/www.europesays.com\/no\/wp-json\/wp\/v2\/media\/97345"}],"wp:attachment":[{"href":"https:\/\/www.europesays.com\/no\/wp-json\/wp\/v2\/media?parent=97344"}],"wp:term":[{"taxonomy":"category","embeddable":true,"href":"https:\/\/www.europesays.com\/no\/wp-json\/wp\/v2\/categories?post=97344"},{"taxonomy":"post_tag","embeddable":true,"href":"https:\/\/www.europesays.com\/no\/wp-json\/wp\/v2\/tags?post=97344"}],"curies":[{"name":"wp","href":"https:\/\/api.w.org\/{rel}","templated":true}]}}