{"id":97350,"date":"2025-11-26T15:52:14","date_gmt":"2025-11-26T15:52:14","guid":{"rendered":"https:\/\/www.europesays.com\/no\/97350\/"},"modified":"2025-11-26T15:52:14","modified_gmt":"2025-11-26T15:52:14","slug":"legger-ned-kjendisrestaurant","status":"publish","type":"post","link":"https:\/\/www.europesays.com\/no\/97350\/","title":{"rendered":"Legger ned kjendisrestaurant"},"content":{"rendered":"<p>Jan Henrik Syversen, bedre kjent som \u00abGladkokken\u00bb stenger d\u00f8rene til Gladkokken restaurant for godt. Det melder han selv p\u00e5 <a href=\"https:\/\/www.instagram.com\/p\/DRg_oIrDRiV\/?utm_source=ig_embed\" rel=\"nofollow noopener\" target=\"_blank\">Instagram<\/a>.<\/p>\n<p>Restauranten \u00e5pnet i april i fjor p\u00e5 \u00d8stbanehallen i Oslo.<\/p>\n<p> \u00abPlanen har hele tiden v\u00e6rt at leieavtalen utl\u00f8per i 2025, og vi har valgt \u00e5 ikke fornye den med Bane NOR fra 2026, uten at det er noe dramatikk knyttet til det\u00bb, understreker Syversen p\u00e5 Instagram.<\/p>\n<p>        <img class=\"image__img lazyload\" itemprop=\"image\" title=\"Foto: Ditlev Eidsmo \/ TV 2\" alt=\"LEGGER NED: Snart er Gladkokken restaurant stengt. Foto: Ditlev Eidsmo \/ TV 2\" width=\"675\" height=\"453\" bad-src=\"https:\/\/www.europesays.com\/no\/wp-content\/uploads\/2025\/11\/18324678.webp\" fetchpriority=\"auto\" \/><\/p>\n<p>      LEGGER NED: Snart er Gladkokken restaurant stengt.<br \/>\n         Foto: Ditlev Eidsmo \/ TV 2<\/p>\n<p>Det var <a href=\"https:\/\/www.nettavisen.no\/kjendis\/gladkokken-stenger-restauranten-i-oslo-for-godt-veldig-uheldige\/s\/5-95-2748640\" style=\"letter-spacing: 0.01em;\" rel=\"nofollow noopener\" target=\"_blank\">Nettavisen <\/a>som f\u00f8rst omtalte saken.<\/p>\n<p>Videre p\u00e5 Instagram forklarer kokken at restauranten har slitt med en st\u00f8rre vannlekkasje, som gj\u00f8r at d\u00f8rene stenger tidligere enn planlagt.<\/p>\n<p> \u00abDet har v\u00e6rt spennende, l\u00e6rerikt og g\u00f8y \u00e5 f\u00e5 drive en egen restaurant. Kanskje gir det mersmak nok til at jeg en gang i fremtiden gj\u00f8r noe liknende igjen\u00bb. <\/p>\n<p>I tillegg til \u00e5 drive restaurant, har \u00abGladkokken\u00bb v\u00e6rt \u00e5 se i suksessprogrammet \u00abFarmen Kjendis\u00bb.<\/p>\n<p><script async src=\"\/\/www.instagram.com\/embed.js\"><\/script><\/p>\n","protected":false},"excerpt":{"rendered":"Jan Henrik Syversen, bedre kjent som \u00abGladkokken\u00bb stenger d\u00f8rene til Gladkokken restaurant for godt. Det melder han selv&hellip;\n","protected":false},"author":2,"featured_media":97351,"comment_status":"","ping_status":"","sticky":false,"template":"","format":"standard","meta":{"footnotes":""},"categories":[5],"tags":[20,21,24,25,15,19,22,23,17,18,13,30,28,29,14,16,26,27],"class_list":{"0":"post-97350","1":"post","2":"type-post","3":"status-publish","4":"format-standard","5":"has-post-thumbnail","7":"category-overskrifter","8":"tag-breaking-news","9":"tag-breakingnews","10":"tag-featured-news","11":"tag-featurednews","12":"tag-headlines","13":"tag-hovedoppslag","14":"tag-latest-news","15":"tag-latestnews","16":"tag-main-news","17":"tag-mainnews","18":"tag-news","19":"tag-no","20":"tag-norge","21":"tag-norway","22":"tag-nyheter","23":"tag-overskrifter","24":"tag-top-stories","25":"tag-topstories"},"share_on_mastodon":{"url":"https:\/\/pubeurope.com\/@no\/115616805192040272","error":""},"_links":{"self":[{"href":"https:\/\/www.europesays.com\/no\/wp-json\/wp\/v2\/posts\/97350","targetHints":{"allow":["GET"]}}],"collection":[{"href":"https:\/\/www.europesays.com\/no\/wp-json\/wp\/v2\/posts"}],"about":[{"href":"https:\/\/www.europesays.com\/no\/wp-json\/wp\/v2\/types\/post"}],"author":[{"embeddable":true,"href":"https:\/\/www.europesays.com\/no\/wp-json\/wp\/v2\/users\/2"}],"replies":[{"embeddable":true,"href":"https:\/\/www.europesays.com\/no\/wp-json\/wp\/v2\/comments?post=97350"}],"version-history":[{"count":0,"href":"https:\/\/www.europesays.com\/no\/wp-json\/wp\/v2\/posts\/97350\/revisions"}],"wp:featuredmedia":[{"embeddable":true,"href":"https:\/\/www.europesays.com\/no\/wp-json\/wp\/v2\/media\/97351"}],"wp:attachment":[{"href":"https:\/\/www.europesays.com\/no\/wp-json\/wp\/v2\/media?parent=97350"}],"wp:term":[{"taxonomy":"category","embeddable":true,"href":"https:\/\/www.europesays.com\/no\/wp-json\/wp\/v2\/categories?post=97350"},{"taxonomy":"post_tag","embeddable":true,"href":"https:\/\/www.europesays.com\/no\/wp-json\/wp\/v2\/tags?post=97350"}],"curies":[{"name":"wp","href":"https:\/\/api.w.org\/{rel}","templated":true}]}}