{"id":97415,"date":"2025-11-26T17:07:13","date_gmt":"2025-11-26T17:07:13","guid":{"rendered":"https:\/\/www.europesays.com\/no\/97415\/"},"modified":"2025-11-26T17:07:13","modified_gmt":"2025-11-26T17:07:13","slug":"begynner-a-tvile-pa-planen","status":"publish","type":"post","link":"https:\/\/www.europesays.com\/no\/97415\/","title":{"rendered":"\u2013 Begynner \u00e5 tvile p\u00e5 planen"},"content":{"rendered":"\n<p class=\"_lead_o9xde_2 _lead_xtcu6_50 layout-component text-serif-m layout-normal text-serif-l layout-component layout-wide layout-padded _wide_17hqh_1 layout-padded\">Benjamin \u00d8stvold var langt nede etter \u00e5 ha g\u00e5tt glipp av finaleomgangen for annen dag p\u00e5 rad i Falun. Kristoffer Eriksen Sundal ble beste nordmann p\u00e5 13.-plass.<\/p>\n<ul class=\"_gallery_1qa3s_23\" tabindex=\"0\">\n<li class=\"_item_1qa3s_37\" data-index=\"0\"><img fetchpriority=\"high\" decoding=\"async\" class=\"_image_foru8_23 _introGallery_foru8_43\" data-fullscreen- width=\"5120\" height=\"3416\" itemprop=\"image\" loading=\"eager\"  src=\"https:\/\/www.europesays.com\/no\/wp-content\/uploads\/2025\/11\/782c07d6-ed9d-4e2c-89fd-807c41bbcddf\"  style=\"object-position:50% 50%;aspect-ratio:var(--gallery-aspect-ratio, 16 \/ 9)\"\/>Benjamin \u00d8stvold har slitt i sesonginnledningen.  Foto: Fredrik Sandberg \/ TT News Agency via AP \/ NTB<\/li>\n<li class=\"_item_1qa3s_37\" data-index=\"1\"><img decoding=\"async\" class=\"_image_foru8_23 _introGallery_foru8_43\" data-fullscreen- width=\"4046\" height=\"2692\" itemprop=\"image\" loading=\"lazy\"  src=\"https:\/\/www.europesays.com\/no\/wp-content\/uploads\/2025\/11\/468c7f83-d8a9-478e-938e-e607c010f583\"  style=\"object-position:50% 50%;aspect-ratio:var(--gallery-aspect-ratio, 16 \/ 9)\"\/>Kristoffer Eriksen Sundal var beste nordmann onsdag. Her under et renn p\u00e5 Lillehammer.<br \/>\nFoto: Geir Olsen \/ NTB<\/li>\n<\/ul>\n<p>Benjamin \u00d8stvold har slitt i sesonginnledningen.  Foto: Fredrik Sandberg \/ TT News Agency via AP \/ NTB<\/p>\n<ul aria-hidden=\"true\" class=\"_images_18f0k_111\">\n<li><a class=\"_link_18f0k_116\" href=\"https:\/\/www.vg.no\/forfatter\/ntb\" style=\"z-index:1\" title=\"NTB\" rel=\"nofollow noopener\" target=\"_blank\"><img alt=\"Bilde av NTB\" class=\"_image_18f0k_93\" fetchpriority=\"low\" loading=\"lazy\" decoding=\"async\" itemprop=\"image\"  src=\"https:\/\/www.europesays.com\/no\/wp-content\/uploads\/2025\/11\/1764176833_468_c33980b0-5d07-4027-84a1-813f90a7c8d6\"  width=\"480\"\/><\/a><\/li>\n<\/ul>\n<p> Oppdatert onsdag 26. november kl. 17:01     <\/p>\n<p class=\"_paragraph_o9xde_4 _paragraph_xtcu6_10 layout-component text-serif-m layout-normal text-serif-m layout-padded\">Sundal leverte to svev p\u00e5 124,5 meter og klatret flere plasser i finaleomgangen. Han var nummer 17 etter den f\u00f8rste. Sundal slo tilbake etter at han tirsdag fikk glidel\u00e5sen \u00f8delagt p\u00e5 dressen i forkant av kvalifiseringen. Dermed fikk han ikke delta.<\/p>\n<p class=\"_paragraph_o9xde_4 _paragraph_xtcu6_10 layout-component text-serif-m layout-normal text-serif-m layout-padded\">Marius Lindvik var nummer tolv etter 1. omgang i storbakken med 125,5 meter. I finalen fikk R\u00e6lingen-hopperen opp 122 meter, og han falt ned til 18.-plass.<\/p>\n<p class=\"_paragraph_o9xde_4 _paragraph_xtcu6_10 layout-component text-serif-m layout-normal text-serif-m layout-padded\"><a href=\"https:\/\/www.vg.no\/tag\/johann-andre-forfang?utm_source=vg-article&amp;utm_medium=auto-tagger&amp;utm_campaign=K8BXP4\" class=\"_link_o9xde_39\" rel=\"nofollow noopener\" target=\"_blank\">Johann Andr\u00e9 Forfang<\/a> hoppet 121 og 121,5 meter og ble nummer 20. Troms\u00f8hopperen hadde litt d\u00e5rlige forhold i sitt f\u00f8rste fors\u00f8k og var forn\u00f8yd.<\/p>\n<p class=\"_paragraph_o9xde_4 _paragraph_xtcu6_10 layout-component text-serif-m layout-normal text-serif-m layout-padded\">\u2013 Det kjennes bedre ut, det gj\u00f8r det, sa Forfang til Viaplay.<\/p>\n<p class=\"_paragraph_o9xde_4 _paragraph_xtcu6_10 layout-component text-serif-m layout-normal text-serif-m layout-padded\">Benjamin \u00d8stvold endte p\u00e5 46.-plass av de 50 som hoppet 1. omgang. Han var langt unna en plass i finalen med svevet p\u00e5 112,5 meter.<\/p>\n<p class=\"_paragraph_o9xde_4 _paragraph_xtcu6_10 layout-component text-serif-m layout-normal text-serif-m layout-padded\">\u00d8stvold kom seg heller ikke til finaleomgangen i tirsdagens renn.<\/p>\n<p class=\"_paragraph_o9xde_4 _paragraph_xtcu6_10 layout-component text-serif-m layout-normal text-serif-m layout-padded\">\u2013 N\u00e5 er jeg bare forbannet. Det er j\u00e6vlig irriterende \u00e5 hoppe d\u00e5rlig. Jeg vil litt mye, og s\u00e5 gj\u00f8r jeg bare litt enkle feil. Det burde jeg ikke gj\u00f8re. Man begynner \u00e5 tvile litt p\u00e5 den planen man har, sa \u00d8stvold onsdag.<\/p>\n<p class=\"_paragraph_o9xde_4 _paragraph_xtcu6_10 layout-component text-serif-m layout-normal text-serif-m layout-padded\">\u00d8stvold ble nummer 27 i rennet p\u00e5 Lillehammer sist helg.<\/p>\n<p class=\"_paragraph_o9xde_4 _paragraph_xtcu6_10 layout-component text-serif-m layout-normal text-serif-m layout-padded\">Heller ikke Halvor Egner Granerud kom seg finaleomgangen onsdag med et svev p\u00e5 117,5 meter. Det holdt til 34.-plass. <\/p>\n<p class=\"_paragraph_o9xde_4 _paragraph_xtcu6_10 layout-component text-serif-m layout-normal text-serif-m layout-padded\">Slovenske Anze Lanisek vant onsdagens renn i Falun. Stefan Kraft ledet etter 1. omgang, men bommet stort i finaleomgangen og ble nummer ni.<\/p>\n","protected":false},"excerpt":{"rendered":"Benjamin \u00d8stvold var langt nede etter \u00e5 ha g\u00e5tt glipp av finaleomgangen for annen dag p\u00e5 rad i&hellip;\n","protected":false},"author":2,"featured_media":97416,"comment_status":"","ping_status":"","sticky":false,"template":"","format":"standard","meta":{"footnotes":""},"categories":[59],"tags":[12126,770,1489,1129,899,30,28,29,900,83,82],"class_list":{"0":"post-97415","1":"post","2":"type-post","3":"status-publish","4":"format-standard","5":"has-post-thumbnail","7":"category-sport","8":"tag-halvor-egner-granerud","9":"tag-hopp","10":"tag-johann-andre-forfang","11":"tag-kristoffer-eriksen-sundal","12":"tag-marius-lindvik","13":"tag-no","14":"tag-norge","15":"tag-norway","16":"tag-skihopping","17":"tag-sport","18":"tag-sports"},"share_on_mastodon":{"url":"https:\/\/pubeurope.com\/@no\/115617100301037983","error":""},"_links":{"self":[{"href":"https:\/\/www.europesays.com\/no\/wp-json\/wp\/v2\/posts\/97415","targetHints":{"allow":["GET"]}}],"collection":[{"href":"https:\/\/www.europesays.com\/no\/wp-json\/wp\/v2\/posts"}],"about":[{"href":"https:\/\/www.europesays.com\/no\/wp-json\/wp\/v2\/types\/post"}],"author":[{"embeddable":true,"href":"https:\/\/www.europesays.com\/no\/wp-json\/wp\/v2\/users\/2"}],"replies":[{"embeddable":true,"href":"https:\/\/www.europesays.com\/no\/wp-json\/wp\/v2\/comments?post=97415"}],"version-history":[{"count":0,"href":"https:\/\/www.europesays.com\/no\/wp-json\/wp\/v2\/posts\/97415\/revisions"}],"wp:featuredmedia":[{"embeddable":true,"href":"https:\/\/www.europesays.com\/no\/wp-json\/wp\/v2\/media\/97416"}],"wp:attachment":[{"href":"https:\/\/www.europesays.com\/no\/wp-json\/wp\/v2\/media?parent=97415"}],"wp:term":[{"taxonomy":"category","embeddable":true,"href":"https:\/\/www.europesays.com\/no\/wp-json\/wp\/v2\/categories?post=97415"},{"taxonomy":"post_tag","embeddable":true,"href":"https:\/\/www.europesays.com\/no\/wp-json\/wp\/v2\/tags?post=97415"}],"curies":[{"name":"wp","href":"https:\/\/api.w.org\/{rel}","templated":true}]}}