{"id":97421,"date":"2025-11-26T17:19:11","date_gmt":"2025-11-26T17:19:11","guid":{"rendered":"https:\/\/www.europesays.com\/no\/97421\/"},"modified":"2025-11-26T17:19:11","modified_gmt":"2025-11-26T17:19:11","slug":"helse-nord-marit-lind-helse-nord-sjef-mart-lind-med-over-100-000-i-lonnsokning","status":"publish","type":"post","link":"https:\/\/www.europesays.com\/no\/97421\/","title":{"rendered":"Helse Nord, Marit Lind | Helse Nord-sjef Mart Lind med over 100.000 i l\u00f8nns\u00f8kning"},"content":{"rendered":"\n<p><a href=\"https:\/\/www.nettavisen.no\/nyheter\/helse-nord-sjef-mart-lind-med-over-100-000-i-lonnsokning\/s\/an.no\" rel=\"Follow nofollow noopener\" target=\"_blank\">Avisa Nordland: <\/a>Onsdag skulle styret i Helse Nord saken om administrerende direkt\u00f8r Marit Linds l\u00f8nnsjustering. Som AN tidligere har omtalt, ble saken unntatt offentlighet av hensyn til personvernet.<\/p>\n<p>\u2013 Vi er klar over oppmerksomheten og den offentlige interessen rundt saken, men styret vil dr\u00f8fte administrerende direkt\u00f8rs m\u00e5loppn\u00e5else og ledelse, og eventuelt sider ved hennes person som gj\u00f8r det naturlig i l\u00f8nnsfastsettelsesprosessen. Det er informasjon som faller inn under personvernet. Av hensyn til personvernet behandles saken for lukkede d\u00f8rer, framla styreleder Renate Larsen under m\u00f8tet f\u00f8r styret gikk med p\u00e5 \u00e5 behandle saken deretter.<\/p>\n<p><b>Les mer: <\/b><\/p>\n<p>  <a href=\"https:\/\/www.nettavisen.no\/5-95-2673811\" class=\"related-teaser has-image nettavisen-story-teaser article--c-eRUmMG article--c-eRUmMG-fZoQSp-design-nettavisen article--c-eRUmMG-eTlODu-cv\" rel=\"nofollow noopener\" target=\"_blank\"><\/p>\n<p>    <img decoding=\"async\" loading=\"lazy\"  src=\"https:\/\/www.europesays.com\/no\/wp-content\/uploads\/2025\/11\/Marit+Lind+%289%29.JPG\" alt=\"\" class=\"brick-c-cFOWSL\" style=\"\"\/><\/p>\n<p>\n            Les ogs\u00e5<\/p>\n<p>              Grillet av Solvang : \u2013 Urimelig\n        <\/p>\n<p>  <\/a><\/p>\n<p>Lind hadde f\u00f8r l\u00f8nnsjusteringen en fastl\u00f8nn p\u00e5 2.450.000 kroner, samt pensjonsavtale og dekning av pendlerkostnader for pendling fra Troms\u00f8 til Bod\u00f8.<\/p>\n<p><b>Les ogs\u00e5:<\/b> <a class=\"simple-relation related-teaser article--c-eRUmMG article--c-eRUmMG-fZoQSp-design-nettavisen article--c-eRUmMG-gwthdJ-cv\" href=\"https:\/\/www.nettavisen.no\/helse-nord-sjefen-hetses-etter-nrk-debatt-jeg-blir-kvalm-nar-jeg-ser-dere\/s\/5-95-2687349\" rel=\"nofollow noopener\" target=\"_blank\">Helse Nord-sjefen hetses etter NRK-debatt: \u00abJeg blir kvalm n\u00e5r jeg ser dere\u00bb<\/a><\/p>\n<p>\u00abHelse Nord RHF endte med et samlet resultat p\u00e5 4,33 % etter \u00e5rets l\u00f8nnsoppgj\u00f8r. Ledergruppen i Helse Nord RHF endte med et resultat p\u00e5 omtrent 4,2 % etter oppgj\u00f8ret for 2025.&raquo;, skrev styreleder Renate Larsen i styredokumentet.<\/p>\n<p><b>If\u00f8lge <a rel=\"Follow nofollow noopener\" href=\"https:\/\/www.nrk.no\/nordland\/nyhetssenter-nordland-1.15898380#1.17668656.1.17668656\" target=\"_blank\">NRK<\/a> vedtok styret enstemmig \u00e5 gi henne l\u00f8nns\u00f8kning p\u00e5 4,2 prosent.<\/b><\/p>\n<p>Det vil if\u00f8lge rikskringkasteren tilsvare en \u00f8kning i fastl\u00f8nn p\u00e5 108.000 kroner i \u00e5ret. Totalt vil Lind motta rundt 3,3 millioner kroner totalt i godtgj\u00f8relser.<\/p>\n<p>   <img decoding=\"async\" width=\"1203\" height=\"673\" fetchpriority=\"low\"  loading=\"lazy\"  src=\"https:\/\/www.europesays.com\/no\/wp-content\/uploads\/2025\/11\/Skjermbilde+2025-11-26+154548.png\" alt=\"\" class=\"brick-c-cFOWSL\" style=\"--brick-image-ratio: 1203 \/ 673;\"\/><\/p>\n<p>      Styreleder Renate Larsen og Marit Lind rett f\u00f8rer saken om sistnevntes l\u00f8nnsjustering gikk for lukkede d\u00f8rer.<br \/>\n      Foto: Skjermbilde: Helse Nord\n    <\/p>\n<p><b>Les ogs\u00e5: <\/b><\/p>\n<p>    Vil du se neste video?<\/p>\n<p>    <a href=\"https:\/\/www.nettavisen.no\/nyheter\/helse-nord-sjef-marit-lind-angrer-umiddelbart-etter-a-ha-sagt-dette-i-debatten-pa-nrk\/v\/5-95-2688656\" class=\"recommend-poster\" data-adp-clicklabel=\"video-recommend\" data-adp-clickvalue=\"poster\" rel=\"nofollow noopener\" target=\"_blank\"><br \/>\n      <img decoding=\"async\" width=\"200\" height=\"200\" loading=\"lazy\" src=\"https:\/\/www.europesays.com\/no\/wp-content\/uploads\/2025\/11\/nrk_debatten_marit_lind.jpg\" alt=\"\" class=\"brick-c-cFOWSL\" style=\"--brick-image-ratio: 200 \/ 200;\"\/><\/p>\n<p>Angrer umiddelbart etter dette: \u2013 Ikke smart sagt1:19<\/p>\n<p>    <\/a><\/p>\n","protected":false},"excerpt":{"rendered":"Avisa Nordland: Onsdag skulle styret i Helse Nord saken om administrerende direkt\u00f8r Marit Linds l\u00f8nnsjustering. Som AN tidligere&hellip;\n","protected":false},"author":2,"featured_media":97422,"comment_status":"","ping_status":"","sticky":false,"template":"","format":"standard","meta":{"footnotes":""},"categories":[10],"tags":[20,21,24,25,15,22,23,13,30,28,29,14,16,26,27],"class_list":{"0":"post-97421","1":"post","2":"type-post","3":"status-publish","4":"format-standard","5":"has-post-thumbnail","7":"category-norge","8":"tag-breaking-news","9":"tag-breakingnews","10":"tag-featured-news","11":"tag-featurednews","12":"tag-headlines","13":"tag-latest-news","14":"tag-latestnews","15":"tag-news","16":"tag-no","17":"tag-norge","18":"tag-norway","19":"tag-nyheter","20":"tag-overskrifter","21":"tag-top-stories","22":"tag-topstories"},"share_on_mastodon":{"url":"https:\/\/pubeurope.com\/@no\/115617147567411878","error":""},"_links":{"self":[{"href":"https:\/\/www.europesays.com\/no\/wp-json\/wp\/v2\/posts\/97421","targetHints":{"allow":["GET"]}}],"collection":[{"href":"https:\/\/www.europesays.com\/no\/wp-json\/wp\/v2\/posts"}],"about":[{"href":"https:\/\/www.europesays.com\/no\/wp-json\/wp\/v2\/types\/post"}],"author":[{"embeddable":true,"href":"https:\/\/www.europesays.com\/no\/wp-json\/wp\/v2\/users\/2"}],"replies":[{"embeddable":true,"href":"https:\/\/www.europesays.com\/no\/wp-json\/wp\/v2\/comments?post=97421"}],"version-history":[{"count":0,"href":"https:\/\/www.europesays.com\/no\/wp-json\/wp\/v2\/posts\/97421\/revisions"}],"wp:featuredmedia":[{"embeddable":true,"href":"https:\/\/www.europesays.com\/no\/wp-json\/wp\/v2\/media\/97422"}],"wp:attachment":[{"href":"https:\/\/www.europesays.com\/no\/wp-json\/wp\/v2\/media?parent=97421"}],"wp:term":[{"taxonomy":"category","embeddable":true,"href":"https:\/\/www.europesays.com\/no\/wp-json\/wp\/v2\/categories?post=97421"},{"taxonomy":"post_tag","embeddable":true,"href":"https:\/\/www.europesays.com\/no\/wp-json\/wp\/v2\/tags?post=97421"}],"curies":[{"name":"wp","href":"https:\/\/api.w.org\/{rel}","templated":true}]}}