{"id":97427,"date":"2025-11-26T17:26:09","date_gmt":"2025-11-26T17:26:09","guid":{"rendered":"https:\/\/www.europesays.com\/no\/97427\/"},"modified":"2025-11-26T17:26:09","modified_gmt":"2025-11-26T17:26:09","slug":"siktede-i-lyngen-drapet-varetektsfengsles-i-fire-uker-nrk-troms-og-finnmark","status":"publish","type":"post","link":"https:\/\/www.europesays.com\/no\/97427\/","title":{"rendered":"Siktede i Lyngen-drapet varetektsfengsles i fire uker \u2013 NRK Troms og Finnmark"},"content":{"rendered":"<p>\u2013 Det kan jeg bekrefte, sier mannens forsvarer, Ken Olav Warth.<\/p>\n<p>\u2013 Det er nylig avsagt en kjennelse i Nord-Troms og Senja tingrett hvor p\u00e5talemyndighetens begj\u00e6ring er tatt til f\u00f8lge og siktede samtykket jo ogs\u00e5 i fengsling, som begj\u00e6rt, sier Warth til NRK.<\/p>\n<p>Forsvareren opplyser at mannen i 50-\u00e5rene har v\u00e6rt i f\u00f8rste avh\u00f8r i dag. <\/p>\n<p><strong>Han har forel\u00f8pig ikke erkjent straffskyld.<\/strong><\/p>\n<p>\u2013 Han har ikke blitt spurt om det heller i dag, det var mer et innledende avh\u00f8r for \u00e5 plassere siktede p\u00e5 gjerningsstedet, opplyser forsvareren.<\/p>\n<p><img decoding=\"async\"   src=\"data:image\/gif;base64,R0lGODlhAQABAIAAAAAAAP\/\/\/yH5BAEAAAAALAAAAAABAAEAAAIBRAA7\" loading=\"eager\" alt=\"en mann i dress\" title=\"Foto: Kari Anne Skoglund \/ NRK\"\/><\/p>\n<p class=\"\">Ken Olav Warth er forsvarer til den siktede.<\/p>\n<p>Foto: Kari Anne Skoglund \/ NRK<\/p>\n<p>Tidligere har Warth sagt at mannen knytter seg til stedet og en ugjerning som er beg\u00e5tt. <\/p>\n<p>\u2013 Som siktede ogs\u00e5 sier, det kan jo ikke v\u00e6re noen andre enn han, men samtidig blir det litt \u00abut av seg selv-opplevelse\u00bb hvor da han kommer til seg selv senere og forst\u00e5r at det er skjedd noe alvorlig, sier Warth. <\/p>\n<p><strong>Forsvareren sier at klienten hans er sv\u00e6rt preget etter det som har skjedd. <\/strong><\/p>\n<p>\u2013 Han er gr\u00e5tkvalt og skj\u00f8nner at det har skjedd noe alvorlig og bedt meg \u00e5 formidle en sterk beklagelse b\u00e5de til etterlatte av avd\u00f8de og de som er rammet, alts\u00e5 ansatte p\u00e5 helsehuset og ikke minst sin familie.<\/p>\n<p>Publisert<\/p>\n<p>26.11.2025, kl. 15.45<\/p>\n<p>Oppdatert<\/p>\n<p>26.11.2025, kl. 16.02<\/p>\n","protected":false},"excerpt":{"rendered":"\u2013 Det kan jeg bekrefte, sier mannens forsvarer, Ken Olav Warth. \u2013 Det er nylig avsagt en kjennelse&hellip;\n","protected":false},"author":2,"featured_media":97428,"comment_status":"","ping_status":"","sticky":false,"template":"","format":"standard","meta":{"footnotes":""},"categories":[10],"tags":[20,21,24,25,15,22,23,13,30,28,29,14,16,26,27],"class_list":{"0":"post-97427","1":"post","2":"type-post","3":"status-publish","4":"format-standard","5":"has-post-thumbnail","7":"category-norge","8":"tag-breaking-news","9":"tag-breakingnews","10":"tag-featured-news","11":"tag-featurednews","12":"tag-headlines","13":"tag-latest-news","14":"tag-latestnews","15":"tag-news","16":"tag-no","17":"tag-norge","18":"tag-norway","19":"tag-nyheter","20":"tag-overskrifter","21":"tag-top-stories","22":"tag-topstories"},"share_on_mastodon":{"url":"https:\/\/pubeurope.com\/@no\/115617175318965433","error":""},"_links":{"self":[{"href":"https:\/\/www.europesays.com\/no\/wp-json\/wp\/v2\/posts\/97427","targetHints":{"allow":["GET"]}}],"collection":[{"href":"https:\/\/www.europesays.com\/no\/wp-json\/wp\/v2\/posts"}],"about":[{"href":"https:\/\/www.europesays.com\/no\/wp-json\/wp\/v2\/types\/post"}],"author":[{"embeddable":true,"href":"https:\/\/www.europesays.com\/no\/wp-json\/wp\/v2\/users\/2"}],"replies":[{"embeddable":true,"href":"https:\/\/www.europesays.com\/no\/wp-json\/wp\/v2\/comments?post=97427"}],"version-history":[{"count":0,"href":"https:\/\/www.europesays.com\/no\/wp-json\/wp\/v2\/posts\/97427\/revisions"}],"wp:featuredmedia":[{"embeddable":true,"href":"https:\/\/www.europesays.com\/no\/wp-json\/wp\/v2\/media\/97428"}],"wp:attachment":[{"href":"https:\/\/www.europesays.com\/no\/wp-json\/wp\/v2\/media?parent=97427"}],"wp:term":[{"taxonomy":"category","embeddable":true,"href":"https:\/\/www.europesays.com\/no\/wp-json\/wp\/v2\/categories?post=97427"},{"taxonomy":"post_tag","embeddable":true,"href":"https:\/\/www.europesays.com\/no\/wp-json\/wp\/v2\/tags?post=97427"}],"curies":[{"name":"wp","href":"https:\/\/api.w.org\/{rel}","templated":true}]}}