{"id":97475,"date":"2025-11-26T18:45:08","date_gmt":"2025-11-26T18:45:08","guid":{"rendered":"https:\/\/www.europesays.com\/no\/97475\/"},"modified":"2025-11-26T18:45:08","modified_gmt":"2025-11-26T18:45:08","slug":"storbrann-i-hongkong-minst-13-personer-dode","status":"publish","type":"post","link":"https:\/\/www.europesays.com\/no\/97475\/","title":{"rendered":"Storbrann i Hongkong: Minst 13 personer d\u00f8de"},"content":{"rendered":"<p class=\"extendedContent hyperion-css-eyn926\" data-test-tag=\"lead-text\">Brannvesenet kjemper fortsatt mot flammene som har spredt seg til sju boligblokker i Hongkong. Minst 36 mennesker har mistet livet og 279 er meldt savnet.<\/p>\n<p>Brannvesenet kjemper mot flammene i boligkomplekset Wang FUK Court i Hongkong.<\/p>\n<p>1 av 10Foto: Chan Long Hei \/ AP \/ NTB<\/p>\n<p class=\"paywall hyperion-css-1j42uic\">Det var Hongkongs leder John Lee som kom med en oppdatering om antall omkomne natt til torsdag. 29 personer er innlagt p\u00e5 sykehuset, mens 279 personer ikke har v\u00e6rt mulig \u00e5 f\u00e5 kontakt med og er meldt savnet, opplyser han.<\/p>\n<p class=\"paywall hyperion-css-1j42uic\">Han legger til at brannvesenet er i ferd med \u00e5 f\u00e5 kontroll over brannen.<\/p>\n<p class=\"paywall hyperion-css-1j42uic\">Wang Fuk Court best\u00e5r av til sammen rundt 2000 boliger med rundt 4800 beboere, blant dem mange eldre mennesker. Rundt 700 personer er evakuert til midlertidige husly.<\/p>\n<p class=\"paywall hyperion-css-1j42uic\">Brannvesenet har f\u00e5tt en rekke oppringninger fra folk som trenger hjelp, og onsdag kveld var flere innbyggere fortsatt fanget. H\u00f8ye temperaturer gj\u00f8r det vanskelig for mannskapene \u00e5 sette i gang redningsoperasjoner, if\u00f8lge brannledelsen. <\/p>\n<p>Spredte seg raskt<\/p>\n<p class=\"paywall hyperion-css-1j42uic\">Brannvesenet fikk melding om brannen i komplekset Wang Fuk Court i Tai Po-distriktet like f\u00f8r klokka 15, lokal tid. Det tilsvarer klokka 8 i Norge. <\/p>\n<p class=\"paywall hyperion-css-1j42uic\">Det er uklart hva som for\u00e5rsaket brannen, som spredte seg raskt i bambusstillaser og konstruksjonsnetting som var satt opp rundt byggenes fasade.<\/p>\n<p>31 etasjer<\/p>\n<p class=\"paywall hyperion-css-1j42uic\">Komplekset best\u00e5r av \u00e5tte h\u00f8yhus p\u00e5 31 etasjer som st\u00e5r tett sammen, og brannen har spredt seg til sju av dem. Bilder fra stedet viser brannmannskaper som bruker vannkanoner til \u00e5 pr\u00f8ve \u00e5 slukke brannen. <\/p>\n<p class=\"paywall hyperion-css-1j42uic\">Blant de omkomne er en 37 \u00e5r gammel brannkonstabel, opplyser brannvesenet.<\/p>\n<p class=\"paywall hyperion-css-1j42uic\">Folk samlet seg p\u00e5 en forh\u00f8yet gangvei i n\u00e6rheten der de fulgte forferdet med mens r\u00f8yken steg opp fra bygningene. <\/p>\n<p class=\"paywall hyperion-css-1j42uic\">Det er vanlig med bambusstillaser i forbindelse bygging og renovering i Hongkong, men myndighetene kunngjorde tidligere i \u00e5r at det skal fases ut fra offentlige prosjekter av sikkerhetshensyn. <\/p>\n","protected":false},"excerpt":{"rendered":"Brannvesenet kjemper fortsatt mot flammene som har spredt seg til sju boligblokker i Hongkong. Minst 36 mennesker har&hellip;\n","protected":false},"author":2,"featured_media":97476,"comment_status":"","ping_status":"","sticky":false,"template":"","format":"standard","meta":{"footnotes":""},"categories":[10],"tags":[20,21,24,25,15,22,23,13,30,28,29,14,16,26,27],"class_list":{"0":"post-97475","1":"post","2":"type-post","3":"status-publish","4":"format-standard","5":"has-post-thumbnail","7":"category-norge","8":"tag-breaking-news","9":"tag-breakingnews","10":"tag-featured-news","11":"tag-featurednews","12":"tag-headlines","13":"tag-latest-news","14":"tag-latestnews","15":"tag-news","16":"tag-no","17":"tag-norge","18":"tag-norway","19":"tag-nyheter","20":"tag-overskrifter","21":"tag-top-stories","22":"tag-topstories"},"share_on_mastodon":{"url":"https:\/\/pubeurope.com\/@no\/115617485688056365","error":""},"_links":{"self":[{"href":"https:\/\/www.europesays.com\/no\/wp-json\/wp\/v2\/posts\/97475","targetHints":{"allow":["GET"]}}],"collection":[{"href":"https:\/\/www.europesays.com\/no\/wp-json\/wp\/v2\/posts"}],"about":[{"href":"https:\/\/www.europesays.com\/no\/wp-json\/wp\/v2\/types\/post"}],"author":[{"embeddable":true,"href":"https:\/\/www.europesays.com\/no\/wp-json\/wp\/v2\/users\/2"}],"replies":[{"embeddable":true,"href":"https:\/\/www.europesays.com\/no\/wp-json\/wp\/v2\/comments?post=97475"}],"version-history":[{"count":0,"href":"https:\/\/www.europesays.com\/no\/wp-json\/wp\/v2\/posts\/97475\/revisions"}],"wp:featuredmedia":[{"embeddable":true,"href":"https:\/\/www.europesays.com\/no\/wp-json\/wp\/v2\/media\/97476"}],"wp:attachment":[{"href":"https:\/\/www.europesays.com\/no\/wp-json\/wp\/v2\/media?parent=97475"}],"wp:term":[{"taxonomy":"category","embeddable":true,"href":"https:\/\/www.europesays.com\/no\/wp-json\/wp\/v2\/categories?post=97475"},{"taxonomy":"post_tag","embeddable":true,"href":"https:\/\/www.europesays.com\/no\/wp-json\/wp\/v2\/tags?post=97475"}],"curies":[{"name":"wp","href":"https:\/\/api.w.org\/{rel}","templated":true}]}}