{"id":97551,"date":"2025-11-26T20:31:15","date_gmt":"2025-11-26T20:31:15","guid":{"rendered":"https:\/\/www.europesays.com\/no\/97551\/"},"modified":"2025-11-26T20:31:15","modified_gmt":"2025-11-26T20:31:15","slug":"priskutt-pa-over-17-millioner-e24","status":"publish","type":"post","link":"https:\/\/www.europesays.com\/no\/97551\/","title":{"rendered":"Priskutt p\u00e5 over 17 millioner \u2013 E24"},"content":{"rendered":"<p class=\"fullWidthDesktop hyperion-css-71ztg2\" data-test-tag=\"lead-text\">Mens utviklerne holder p\u00e5 lommeboken, fors\u00f8ker eiendomsmegler Terje Tinholt \u00e5 gj\u00f8re Oslo-villaen spiselig for privatmarkedet.<\/p>\n<p><img decoding=\"async\" class=\"image-asset hyperion-css-1oslu9j\" data-test-tag=\"image-asset\" src=\"https:\/\/www.europesays.com\/no\/wp-content\/uploads\/2025\/11\/91d12e3d-4c0b-4b1c-9a29-cb14916841b3\"  alt=\"Villaen i Dagaliveien ligger p\u00e5 en stor, skr\u00e5nende tomt med vid utsikt over Oslofjorden. \"  loading=\"eager\" fetchpriority=\"high\" style=\"aspect-ratio:1177 \/ 720\"\/>Villaen i Dagaliveien ligger p\u00e5 en stor, skr\u00e5nende tomt med vid utsikt over Oslofjorden. Foto: Tinholt EiendomsmeglingPublisert: Publisert: <\/p>\n<p>I dag 17:50<\/p>\n<p>Kortversjonen<\/p>\n<ul class=\"hyperion-css-pkq1ci\" data-test-tag=\"list\">\n<li class=\"hyperion-css-12h2ush\">Eiendomsmegler Terje Tinholt har kuttet prisen p\u00e5 en villa ovenfor Slemdal, Oslo med totalt 17 millioner kroner etter over ett \u00e5r p\u00e5 markedet.<\/li>\n<li class=\"hyperion-css-12h2ush\">Den n\u00e5v\u00e6rende prisantydningen er 31,9 millioner kroner, ned fra opprinnelige 49 millioner.<\/li>\n<li class=\"hyperion-css-12h2ush\">Boligen har store r\u00e5teskader og trenger omfattende rehabilitering.<\/li>\n<li class=\"hyperion-css-12h2ush\">Tross priskutt er betalingsviljen begrenset, men eiendomsmegleren tror dagens niv\u00e5 vil f\u00e5 privatkj\u00f8perne p\u00e5 banen.<\/li>\n<\/ul>\n<p class=\"hyperion-css-10lbhat\">Oppsummeringen er laget av AI-verkt\u00f8yet ChatGPT og kvalitetssikret av E24s journalister<\/p>\n<p>Vis mer <\/p>\n<ul class=\"hyperion-css-pte5x0\">\n<li aria-label=\"link\" class=\"narrow-button hyperion-css-1sz7d3n\">Kopier lenke<\/li>\n<li aria-label=\"link\" class=\"wide-button hyperion-css-1sz7d3n\">Kopier lenke<\/li>\n<li aria-label=\"facebook\" class=\"narrow-button hyperion-css-1sz7d3n\">Del p\u00e5 Facebook<\/li>\n<li aria-label=\"facebook\" class=\"wide-button hyperion-css-1sz7d3n\">Del p\u00e5 Facebook<\/li>\n<li aria-label=\"email\" class=\"narrow-button hyperion-css-1sz7d3n\">Del med e-post<\/li>\n<li aria-label=\"email\" class=\"wide-button hyperion-css-1sz7d3n\">Del med e-post<\/li>\n<\/ul>\n<p class=\"hyperion-css-1lemvax\">En sliten villa p\u00e5 n\u00e6r 400 kvadratmeter p\u00e5 Slemdal i Oslo st\u00e5r fortsatt usolgt etter over ett \u00e5r i markedet. <\/p>\n<p class=\"hyperion-css-1lemvax\">N\u00e5 kutter eiendomsmegler Terje Tinholt prisen med nye 8 millioner kroner.<\/p>\n<p><a data-test-tag=\"teaser-small:link-internal\" href=\"https:\/\/e24.no\/i\/Rjbl6W\/disse-bankaksjene-gir-best-utbytte\" class=\"imagePosition-top inline hyperion-css-6238vu\" rel=\"nofollow noopener\" target=\"\" aria-label=\"Disse bankaksjene gir best utbytte\"><\/p>\n<p>Les ogs\u00e5<\/p>\n<p>Disse bankaksjene gir best utbytte<\/p>\n<p><\/a><\/p>\n<p class=\"hyperion-css-1lemvax\">Han bekrefter prisreduksjonen overfor E24.<\/p>\n<p class=\"hyperion-css-1lemvax\">\u2013 Vi gj\u00f8r en markedstilpasning, og ser at det har v\u00e6rt litt i det \u00f8vre laget for privatmarkedet, sier Tinholt.<\/p>\n<p><img decoding=\"async\" class=\"image-asset hyperion-css-n6kkq1\" data-test-tag=\"image-asset\" src=\"https:\/\/www.europesays.com\/no\/wp-content\/uploads\/2025\/11\/8529eb81-152a-4eae-b7a6-7a89f9d0f019\"  alt=\"\"  fetchpriority=\"auto\" style=\"aspect-ratio:415 \/ 581\"\/>Terje Tinholt<\/p>\n<p class=\"hyperion-css-1lemvax\">Gr\u00fcnder og eiendomsmegler, Tinholt Eiendomsmegling. <\/p>\n<p>Prisras<\/p>\n<p class=\"hyperion-css-1lemvax\">Den rundt fem m\u00e5l store eiendommen ble i august i fjor lagt ut med en prislapp p\u00e5 49 millioner kroner. <\/p>\n<p class=\"hyperion-css-1lemvax\">To m\u00e5neder senere ble prisen justert til 48 millioner kroner, f\u00f8r den deretter fikk et priskutt p\u00e5 over 8 millioner kroner i april, og n\u00e5 igjen, denne uken, if\u00f8lge Solgt.no.<\/p>\n<p class=\"hyperion-css-1lemvax\">Til sammen er priskuttet p\u00e5 over 17 millioner kroner \u2013 omkring 35 prosent \u2013 fra utgangspunktet, og til dagens prisantydning p\u00e5 31,9 millioner kroner.<\/p>\n<p><a data-test-tag=\"teaser-small:link-internal\" href=\"https:\/\/e24.no\/privatoekonomi\/i\/y51v7e\/solgte-bolig-off-market-tjente-56-mill-paa-to-aar\" class=\"imagePosition-top inline hyperion-css-6238vu\" rel=\"nofollow noopener\" target=\"\" aria-label=\"Solgte bolig \u00aboff market\u00bb \u2013 tjente 5,6 mill. p\u00e5 to \u00e5r\"><\/p>\n<p>Les ogs\u00e5<\/p>\n<p>Solgte bolig \u00aboff market\u00bb \u2013 tjente 5,6 mill. p\u00e5 to \u00e5r<\/p>\n<p><\/a>\u2013 M\u00e5 ned<\/p>\n<p class=\"hyperion-css-1lemvax\">Mens boligens eksteri\u00f8r, tomt og utsikt er beh\u00f8rig fotografert, er det ingen innvendige bilder i <a aria-label=\"annonsen\" class=\"default hyperion-css-1rezu2g\" href=\"https:\/\/www.finn.no\/realestate\/homes\/ad.html?finnkode=364403559&amp;ci=10\" rel=\"noopener nofollow noreferrer\" data-test-tag=\"external-link\" target=\"_blank\">annonsen<\/a>.<\/p>\n<p class=\"hyperion-css-1lemvax\">Av salgsoppgaven fremg\u00e5r det at den vel 50 \u00e5r gamle boligen har store r\u00e5teskader og at yttertaket m\u00e5 skiftes samt at badene m\u00e5 totalrehabiliteres.<\/p>\n<p class=\"hyperion-css-1lemvax\">\u2013 Det huset m\u00e5 ned. Jeg priser ikke huset. Jeg priser fotavtrykket til huset. Jeg skriver at dette er oppussingsobjekt, men det viktigste her er \u00e5 f\u00e5 det totale bildet, sa Tinholt til <a aria-label=\"Avisa Oslo\" class=\"default hyperion-css-1rezu2g\" href=\"https:\/\/www.ao.no\/selger-villa-med-store-rateskader-til-50-millioner-mye-ma-gjores\/s\/5-128-858846\" rel=\"noopener nofollow noreferrer\" data-test-tag=\"external-link\" target=\"_blank\">Avisa Oslo<\/a> i fjor, da prisen var 49 millioner kroner.<\/p>\n<p><a data-test-tag=\"teaser-small:link-internal\" href=\"https:\/\/e24.no\/naeringsliv\/i\/KMdn05\/boligprosjekt-veltet-av-20-prosent-rente-og-prisvekst\" class=\"imagePosition-top inline hyperion-css-6238vu\" rel=\"nofollow noopener\" target=\"\" aria-label=\"Boligprosjekt veltet av 20 prosent rente og prisvekst\"><\/p>\n<p>Les ogs\u00e5<\/p>\n<p>Boligprosjekt veltet av 20 prosent rente og prisvekst<\/p>\n<p><\/a>\u2013 Ganske klare<\/p>\n<p class=\"hyperion-css-1lemvax\">Han st\u00e5r i dag inne for den opprinnelige prisantydningen, slik markedet var da.<\/p>\n<p class=\"hyperion-css-1lemvax\">Samtidig har det blitt t\u00f8ffere for utviklerne, p\u00e5peker eiendomsmegleren overfor E24. <\/p>\n<p class=\"hyperion-css-1lemvax\">\u2013 De seri\u00f8se akt\u00f8rene st\u00e5r igjen, og de er egentlig ganske klare til \u00e5 kj\u00f8pe, hvis de f\u00e5r en ordning som ikke belaster budsjettet for mye i starten, som delbetaling frem til rammetillatelse, sier Tinholt.<\/p>\n<p><a data-test-tag=\"teaser-small:link-internal\" href=\"https:\/\/e24.no\/naeringsliv\/i\/rPBEq0\/hoeye-byggekostnader-velter-boligutvikler-gevinsten-ble-spist-opp\" class=\"imagePosition-top inline hyperion-css-6238vu\" rel=\"nofollow noopener\" target=\"\" aria-label=\"H\u00f8ye byggekostnader velter boligutvikler: \u2013 Gevinsten ble spist opp\"><\/p>\n<p>Les ogs\u00e5<\/p>\n<p>H\u00f8ye byggekostnader velter boligutvikler: \u2013 Gevinsten ble spist opp<\/p>\n<p><\/a>\u2013 Rart<\/p>\n<p class=\"hyperion-css-1lemvax\">Selv om profesjonelle har vist interesse, har betalingsviljen v\u00e6rt begrenset, if\u00f8lge ham.<\/p>\n<p class=\"hyperion-css-1lemvax\">\u2013 Det er rart med det, mange kommer ikke p\u00e5 banen f\u00f8r andre kommer p\u00e5 banen, og da ender man ofte opp n\u00e6r der man var f\u00f8r priskutt og var i dialog, sier Tinholt.<\/p>\n<p>forrige<\/p>\n<ul class=\"carousel-container-viewport\" style=\"transform:translate3d(0%, 0, 0)\">\n<li class=\"carousel-slide\" style=\"z-index:1;filter:none(1);padding-bottom:69.76744%\"><img decoding=\"async\" class=\"image-asset hyperion-css-u06ts1\" data-test-tag=\"image-asset\" src=\"https:\/\/www.europesays.com\/no\/wp-content\/uploads\/2025\/11\/7b2b6dcd-58fd-4eae-b924-2d41653cd3a2\"  alt=\"\"  loading=\"lazy\" fetchpriority=\"auto\" style=\"aspect-ratio:1032 \/ 720\"\/><\/li>\n<li class=\"carousel-slide\" style=\"filter:none(0.3);padding-bottom:69.76744%\"><img decoding=\"async\" class=\"image-asset hyperion-css-u06ts1\" data-test-tag=\"image-asset\" src=\"https:\/\/www.europesays.com\/no\/wp-content\/uploads\/2025\/11\/4b4eb161-ae9a-410e-8cf3-5c35da10f5d2\"  alt=\"\"  loading=\"lazy\" fetchpriority=\"auto\" style=\"aspect-ratio:1105 \/ 720\"\/><\/li>\n<\/ul>\n<p>fullskjermneste<\/p>\n<p>1 av 2Foto: Tinholt Eiendomsmegling<\/p>\n<p class=\"hyperion-css-1lemvax\">Han tror likevel at eiendommen havner p\u00e5 private hender.<\/p>\n<p class=\"hyperion-css-1lemvax\">\u2013 Det er en solid grunnstamme i huset, og kj\u00f8perne vil nok renske ut alt og bygge opp p\u00e5 nytt. Grunnflaten og husets beliggenhet ellers er sv\u00e6rt bra, sier eiendomsmegleren.<\/p>\n<p class=\"hyperion-css-1lemvax\">Selv om han mener at det kun er et tidssp\u00f8rsm\u00e5l for n\u00e5r eiendommen blir solgt, erkjenner han at kj\u00f8perne er prisbevisste. <\/p>\n<p class=\"hyperion-css-1lemvax\">\u2013 Markedet har utviklet seg litt tregere enn antatt, og mange private har blitt flinkere til \u00e5 regne p\u00e5 hva det koster \u00e5 pusse opp, sier Tinholt.<\/p>\n<p>Ikke unikt<\/p>\n<p class=\"hyperion-css-1lemvax\">Det er ikke f\u00f8rste gang denne h\u00f8sten at Tinholt barberer prisen for dyre eiendommer p\u00e5 Oslo vest. <\/p>\n<p class=\"hyperion-css-1lemvax\">Nylig reduserte han ogs\u00e5 prisen p\u00e5 en <a data-test-tag=\"internal-link\" href=\"https:\/\/e24.no\/naeringsliv\/i\/xmxbgR\/kutter-prisen-med-6-millioner-her-maa-det-jobbes\" class=\"hyperion-css-1rezu2g\" rel=\"nofollow noopener\" target=\"\" aria-label=\"gigantvilla i Ullern\u00e5sen i Oslo med 6 millioner kroner\">gigantvilla i Ullern\u00e5sen i Oslo med 6 millioner kroner<\/a>, til 69 millioner kroner.<\/p>\n<p class=\"hyperion-css-1lemvax\">Boligen er fortsatt til salgs. <\/p>\n<p class=\"hyperion-css-1lemvax\">\u2013 Der er vi i dialog, sier eiendomsmegleren. <\/p>\n<p><a data-test-tag=\"teaser-small:link-internal\" href=\"https:\/\/e24.no\/naeringsliv\/i\/43jOqE\/bygger-gigantvilla-til-200-mill\" class=\"imagePosition-top inline hyperion-css-6238vu\" rel=\"nofollow noopener\" target=\"\" aria-label=\"Bygger gigantvilla til 200 mill.\"><\/p>\n<p>Les ogs\u00e5<\/p>\n<p>Bygger gigantvilla til 200 mill.<\/p>\n<p><\/a><a data-test-tag=\"teaser-small:link-internal\" href=\"https:\/\/e24.no\/naeringsliv\/i\/rrplpw\/betaler-over-150000-kroner-kvadratmeteren-i-hemsedal\" class=\"imagePosition-top inline hyperion-css-6238vu\" rel=\"nofollow noopener\" target=\"\" aria-label=\"Betaler over 150.000 kroner kvadratmeteren i Hemsedal\"><\/p>\n<p>Les ogs\u00e5<\/p>\n<p>Betaler over 150.000 kroner kvadratmeteren i Hemsedal<\/p>\n<p><\/a><a data-test-tag=\"teaser-small:link-internal\" href=\"https:\/\/e24.no\/naeringsliv\/i\/8pl6B2\/selger-bolig-uten-megler-vil-faa-det-solgt-foer-jeg-er-70\" class=\"imagePosition-top inline hyperion-css-6238vu\" rel=\"nofollow noopener\" target=\"\" aria-label=\"Selger bolig uten megler: \u2013 Vil f\u00e5 det solgt f\u00f8r jeg er 70\"><\/p>\n<p>Les ogs\u00e5<\/p>\n<p>Selger bolig uten megler: \u2013 Vil f\u00e5 det solgt f\u00f8r jeg er 70<\/p>\n<p><\/a><a data-test-tag=\"teaser-small:link-internal\" href=\"https:\/\/e24.no\/naeringsliv\/i\/0Vw672\/spetalen-selger-luksusprosjekt-gjoer-firegangen-paa-tennisbane\" class=\"imagePosition-top inline hyperion-css-6238vu\" rel=\"nofollow noopener\" target=\"\" aria-label=\"Spetalen selger luksusprosjekt: Gj\u00f8r firgangen p\u00e5 tennisbane\"><\/p>\n<p>Les ogs\u00e5<\/p>\n<p>Spetalen selger luksusprosjekt: Gj\u00f8r firgangen p\u00e5 tennisbane<\/p>\n<p><\/a><a data-test-tag=\"teaser-small:link-internal\" href=\"https:\/\/e24.no\/naeringsliv\/i\/wgyRdo\/solgt-31-mill-over-prisantydning-jeg-var-forberedt-paa-budkrig\" class=\"imagePosition-top inline hyperion-css-6238vu\" rel=\"nofollow noopener\" target=\"\" aria-label=\"Solgt 3,1 mill. over prisantydning: \u2013 Jeg var forberedt p\u00e5 budkrig\"><\/p>\n<p>Les ogs\u00e5<\/p>\n<p>Solgt 3,1 mill. over prisantydning: \u2013 Jeg var forberedt p\u00e5 budkrig<\/p>\n<p><\/a><a data-test-tag=\"teaser-small:link-internal\" href=\"https:\/\/e24.no\/naeringsliv\/i\/zARadr\/baerumsgaard-solgt-for-72-mill\" class=\"imagePosition-top inline hyperion-css-6238vu\" rel=\"nofollow noopener\" target=\"\" aria-label=\"B\u00e6rumsg\u00e5rd solgt for 72 mill. \"><\/p>\n<p>Les ogs\u00e5<\/p>\n<p>B\u00e6rumsg\u00e5rd solgt for 72 mill. <\/p>\n<p><\/a><\/p>\n","protected":false},"excerpt":{"rendered":"Mens utviklerne holder p\u00e5 lommeboken, fors\u00f8ker eiendomsmegler Terje Tinholt \u00e5 gj\u00f8re Oslo-villaen spiselig for privatmarkedet. Villaen i Dagaliveien&hellip;\n","protected":false},"author":2,"featured_media":97552,"comment_status":"","ping_status":"","sticky":false,"template":"","format":"standard","meta":{"footnotes":""},"categories":[5],"tags":[20,21,24,25,15,19,22,23,17,18,13,30,28,29,14,16,26,27],"class_list":{"0":"post-97551","1":"post","2":"type-post","3":"status-publish","4":"format-standard","5":"has-post-thumbnail","7":"category-overskrifter","8":"tag-breaking-news","9":"tag-breakingnews","10":"tag-featured-news","11":"tag-featurednews","12":"tag-headlines","13":"tag-hovedoppslag","14":"tag-latest-news","15":"tag-latestnews","16":"tag-main-news","17":"tag-mainnews","18":"tag-news","19":"tag-no","20":"tag-norge","21":"tag-norway","22":"tag-nyheter","23":"tag-overskrifter","24":"tag-top-stories","25":"tag-topstories"},"share_on_mastodon":{"url":"https:\/\/pubeurope.com\/@no\/115617902456279038","error":""},"_links":{"self":[{"href":"https:\/\/www.europesays.com\/no\/wp-json\/wp\/v2\/posts\/97551","targetHints":{"allow":["GET"]}}],"collection":[{"href":"https:\/\/www.europesays.com\/no\/wp-json\/wp\/v2\/posts"}],"about":[{"href":"https:\/\/www.europesays.com\/no\/wp-json\/wp\/v2\/types\/post"}],"author":[{"embeddable":true,"href":"https:\/\/www.europesays.com\/no\/wp-json\/wp\/v2\/users\/2"}],"replies":[{"embeddable":true,"href":"https:\/\/www.europesays.com\/no\/wp-json\/wp\/v2\/comments?post=97551"}],"version-history":[{"count":0,"href":"https:\/\/www.europesays.com\/no\/wp-json\/wp\/v2\/posts\/97551\/revisions"}],"wp:featuredmedia":[{"embeddable":true,"href":"https:\/\/www.europesays.com\/no\/wp-json\/wp\/v2\/media\/97552"}],"wp:attachment":[{"href":"https:\/\/www.europesays.com\/no\/wp-json\/wp\/v2\/media?parent=97551"}],"wp:term":[{"taxonomy":"category","embeddable":true,"href":"https:\/\/www.europesays.com\/no\/wp-json\/wp\/v2\/categories?post=97551"},{"taxonomy":"post_tag","embeddable":true,"href":"https:\/\/www.europesays.com\/no\/wp-json\/wp\/v2\/tags?post=97551"}],"curies":[{"name":"wp","href":"https:\/\/api.w.org\/{rel}","templated":true}]}}