{"id":97636,"date":"2025-11-26T22:19:38","date_gmt":"2025-11-26T22:19:38","guid":{"rendered":"https:\/\/www.europesays.com\/no\/97636\/"},"modified":"2025-11-26T22:19:38","modified_gmt":"2025-11-26T22:19:38","slug":"monica-det-har-vaert-kampen-for-tilvaerelsen","status":"publish","type":"post","link":"https:\/\/www.europesays.com\/no\/97636\/","title":{"rendered":"Monica: &#8211; Det har v\u00e6rt kampen for tilv\u00e6relsen"},"content":{"rendered":"<p>Mange har fulgt TV2 programmet \u00abJakten p\u00e5 kj\u00e6rligheten\u00bb denne h\u00f8sten &#8211; og sett forelskelsen vokse fram mellom alenemoren Monica Gundersen (37) fra Kristiansand og l\u00e6reren Kristian Niklas Johansson (36) i Brekkebakkane i Valdres, der ingen skulle tru at nokon kunne bu.<\/p>\n<p>\u00abDette g\u00e5r jo ikke\u00bb tenkte Monica for seg selv da hun sendte frierbrevet til Kristian i februar &#8211; men som hele Norge har bevitnet &#8211; det gikk hele veien inn.\u00a0<\/p>\n<p>          <img loading=\"lazy\" decoding=\"async\" src=\"https:\/\/www.europesays.com\/no\/wp-content\/uploads\/2025\/11\/1764195553_691_83862155.webp\" width=\"686\" height=\"460\" title=\"JAKTEN P\u00c5 KJ\u00c6RLIGHETEN: \u00abDette g\u00e5r ikke\u00bb tenkte Monica Gundersen da hun sendte et kort frierbrev til \u00abJakten-bonden\u00bb Kristian Niklas Johansson i mai - som heldigvis tok helt feil. I november flyttet hun og s\u00f8nnen inn p\u00e5 husmannsplassen i Valdres. Foto: Espen Solli\" alt=\"\" class=\"\" style=\"--aspect-ratio-image: 1.49; \"\/><\/p>\n<p>\n          JAKTEN P\u00c5 KJ\u00c6RLIGHETEN: \u00abDette g\u00e5r ikke\u00bb tenkte Monica Gundersen da hun sendte et kort frierbrev til \u00abJakten-bonden\u00bb Kristian Niklas Johansson i mai &#8211; som heldigvis tok helt feil. I november flyttet hun og s\u00f8nnen inn p\u00e5 husmannsplassen i Valdres. Foto: Espen Solli\n      <\/p>\n<p>Nylig flyttet hun og hennes fjorten \u00e5r gamle s\u00f8nn inn hos Kristian &#8211; og med d\u00e9t starter et helt nytt kapittel for alenemoren &#8211; som i mange \u00e5r har dr\u00f8mt om \u00e5 f\u00e5 sin egen familie.\u00a0<\/p>\n<p>&#8211; Jeg har v\u00e6rt alene med Sander hele tiden, og det har v\u00e6rt t\u00f8ft til tider, forteller Monica \u00e5penhjertig, direkte inne fra sitt nye liv p\u00e5 den gamle husmannsplassen i Brekkebakkane i Valdres.<\/p>\n<p>    <a itemprop=\"url\" href=\"https:\/\/www.kk.no\/samliv\/har-du-sporsmal-om-dating-spor-var-psykolog-og-datingekspert\/80742629\" rel=\"nofollow noopener\" target=\"_blank\"><\/p>\n<p>      <img loading=\"lazy\" decoding=\"async\" src=\"https:\/\/www.europesays.com\/no\/wp-content\/uploads\/2025\/11\/80658818.webp\" width=\"980\" height=\"441\" title=\"Har du sp\u00f8rsm\u00e5l om dating? Sp\u00f8r v\u00e5r psykolog og datingekspert\" alt=\"\" class=\"lazyload\" style=\"--aspect-ratio-image: 2.22; \"\/><\/p>\n<p>        Har du sp\u00f8rsm\u00e5l om dating? Sp\u00f8r v\u00e5r psykolog og datingekspert<\/p>\n<p>    <\/a><\/p>\n<p>&#8211; En tung oppvekst med mange nedturer\t<\/p>\n<p>Hun er f\u00f8dt og oppvokst i Kristiansand, der moren hennes er fra, men sju \u00e5r gammel flyttet hun og familien til Trondheim, farens hjemsted.<\/p>\n<p>Det var der Monica skulle oppleve sitt livs store sorg.<\/p>\n<p>Bare fjorten \u00e5r gammel hun mistet moren i livmorkreft.<\/p>\n<p>&#8211; Det ble veldig t\u00f8ft etterp\u00e5. Jeg hadde en lilles\u00f8ster jeg m\u00e5tte ta en morsrolle for. Vi hadde en tung oppvekst med mange nedturer. Vi hadde ikke s\u00e5 mye st\u00f8tte rundt oss.<\/p>\n<p class=\"italic m-italic\" data-lab-italic=\"italic\">&#8211; Hvordan har det preget deg \u00e5 miste moren din i s\u00e5 ung alder?<\/p>\n<p>&#8211; Jeg ble tidlig voksen, samtidig som jeg m\u00e5tte h\u00e5ndtere min egen sorg. Det har preget meg mye gjennom oppveksten. Det var Sander som reddet meg, forteller Monica med et stille alvor.<\/p>\n<p>    <a itemprop=\"url\" href=\"https:\/\/www.kk.no\/livet\/jakten-monica-her-har-du-sett-henne-for\/83876505\" rel=\"nofollow noopener\" target=\"_blank\"><\/p>\n<p>      <img loading=\"lazy\" decoding=\"async\" src=\"https:\/\/www.europesays.com\/no\/wp-content\/uploads\/2025\/11\/1764195557_820_83862155.webp\" width=\"980\" height=\"441\" title=\"\u00abJakten\u00bb-Monica: Her har du sett henne f\u00f8r\" alt=\"\" class=\"lazyload\" style=\"--aspect-ratio-image: 2.22; \"\/><\/p>\n<p>        \u00abJakten\u00bb-Monica: Her har du sett henne f\u00f8r<\/p>\n<p>    <\/a><\/p>\n<p>Pleide \u00e5 grue seg til h\u00f8ytidene\t<\/p>\n<p>Det var f\u00f8rst da hun fikk s\u00f8nnen som 23-\u00e5ring, at gleden kom tilbake i livet hennes.<\/p>\n<p>&#8211; Han har gitt meg s\u00e5 mye kj\u00e6rlighet. Jeg vet ikke hvor jeg hadde v\u00e6rt uten ham. Det har v\u00e6rt mye sorg og tunge tider.<\/p>\n<p>Spesielt h\u00f8ytidene i \u00e5rene etter morens d\u00f8d var krevende.<\/p>\n<p>&#8211; Som ved juletider der alle har en familie de gj\u00f8r noe hyggelig sammen med. \u00c5 h\u00f8re hvor flott alle andre har det, har gjort vondt.<\/p>\n<p>&#8211; Jeg pleide \u00e5 grue meg til b\u00e5de jul og 17. mai og alle h\u00f8ytider. Da jeg fikk Sander ble det snudd til glede. Da begynte jeg \u00e5 glede meg til jul, for da var det oss to sammen.<\/p>\n<p>    <a itemprop=\"url\" href=\"https:\/\/www.kk.no\/underholdning\/midt-i-nyforelskelsen-kom-sorgen\/83862545\" rel=\"nofollow noopener\" target=\"_blank\"><\/p>\n<p>      <img loading=\"lazy\" decoding=\"async\" src=\"https:\/\/www.europesays.com\/no\/wp-content\/uploads\/2025\/11\/1764195558_741_83862659.webp\" width=\"980\" height=\"441\" title=\"Midt i nyforelskelsen, kom sorgen\" alt=\"\" class=\"lazyload\" style=\"--aspect-ratio-image: 2.22; \"\/><\/p>\n<p>        Midt i nyforelskelsen, kom sorgen<\/p>\n<p>    <\/a><\/p>\n<p>Tatt imot med \u00e5pne armer\t<\/p>\n<p>Etter at Sander kom til, ble livet lysere ogs\u00e5 av en annen grunn.<\/p>\n<p>I \u00c5fjord p\u00e5 Fosenhalv\u00f8ya i Tr\u00f8ndelag, der Monica bodde og jobbet som avl\u00f8ser den gangen, fikk hun og s\u00f8nnen en bonusfamilie.<\/p>\n<p>&#8211; Randi og Jostein, og s\u00f8nnen deres Johan, tok meg imot meg med \u00e5pne armer. Da Sander ble f\u00f8dt, kalte de seg \u00abbestemor og bestefar\u00bb med en gang, og siden den dagen har de v\u00e6rt det.<\/p>\n<p>          <img loading=\"lazy\" decoding=\"async\" src=\"https:\/\/www.europesays.com\/no\/wp-content\/uploads\/2025\/11\/83903967.webp\" width=\"980\" height=\"559\" title=\"REN BONUS: Monicas s\u00f8nn Sander med bonus-bestemor Randi. Foto: Privat\" alt=\"\" class=\"\" style=\"--aspect-ratio-image: 1.75; \"\/><\/p>\n<p>\n          REN BONUS: Monicas s\u00f8nn Sander med bonus-bestemor Randi. Foto: Privat\n      <\/p>\n<p>&#8211; De har v\u00e6rt en fantastisk st\u00f8tte gjennom alle disse \u00e5rene, og betyr fortsatt mye for oss. At vi har v\u00e6rt s\u00e5 heldige \u00e5 f\u00e5 bonusbesteforeldre n\u00e5r vi egentlig ikke hadde noen, er helt utrolig, forteller Monica.<\/p>\n<p>    <a itemprop=\"url\" href=\"https:\/\/www.kk.no\/underholdning\/jeg-kunne-faket-det\/83883232\" rel=\"nofollow noopener\" target=\"_blank\"><\/p>\n<p>      <img loading=\"lazy\" decoding=\"async\" src=\"https:\/\/www.europesays.com\/no\/wp-content\/uploads\/2025\/11\/83894324.webp\" width=\"980\" height=\"441\" title=\"- Jeg kunne \u00abfaket\u00bb det\" alt=\"\" class=\"lazyload\" style=\"--aspect-ratio-image: 2.22; \"\/><\/p>\n<p>        &#8211; Jeg kunne \u00abfaket\u00bb det<\/p>\n<p>    <\/a><\/p>\n<p>Startet p\u00e5 nytt i Kristiansand\t<\/p>\n<p>Med \u00e5rene vokste imidlertid savnet etter hennes egen storfamilie av onkler, tanter og s\u00f8skenbarn i Kristiansand.\u00a0<\/p>\n<p>Da s\u00f8nnen Sander var sju \u00e5r, tok den ene onkelen hennes valget for henne.<\/p>\n<p>\u00abMonica &#8211; n\u00e5 pakker du sammen sakene og kommer hit. Jeg betaler og ordner flyttebil til deg!\u00bb<\/p>\n<p>&#8211; Han stod klar da vi kom. Det var s\u00e5 utrolig fint gjort. Det vil jeg alltid v\u00e6re takknemlig for. At vi var \u00f8nsket der av storfamilien betydde mye. De har virkelig stilt opp for oss.<\/p>\n<p>Da hun fikk en liten stilling som dyrepasser i Kristiansand dyrepark i 2018, fikk hun og s\u00f8nnen enda en ny familie.<\/p>\n<p>          <img loading=\"lazy\" decoding=\"async\" src=\"https:\/\/www.europesays.com\/no\/wp-content\/uploads\/2025\/11\/83903961.webp\" width=\"686\" height=\"392\" title=\"EKSTRA-FAMILIE: Monica med to av sine gode venner fra Dyreparken. Foto: Privat\" alt=\"\" class=\"\" style=\"--aspect-ratio-image: 1.75; \"\/><\/p>\n<p>\n          EKSTRA-FAMILIE: Monica med to av sine gode venner fra Dyreparken. Foto: Privat\n      <\/p>\n<p>&#8211; N\u00e5r du jobber i dyreparken blir det som en familie nummer to. Det er et helt spesielt samhold blant dyrepasserne som jobber der. Jeg har f\u00e5tt to av mine aller beste venninner der, Amina og Kristin, som Sander kaller tanter. De har v\u00e6rt en stor st\u00f8tte for meg.<\/p>\n<p>    <a itemprop=\"url\" href=\"https:\/\/www.kk.no\/underholdning\/jeg-fikk-hore-at-jeg-var-naiv\/83853133\" rel=\"nofollow noopener\" target=\"_blank\"><\/p>\n<p>      <img loading=\"lazy\" decoding=\"async\" src=\"https:\/\/www.europesays.com\/no\/wp-content\/uploads\/2025\/11\/1764195565_289_83853140.webp\" width=\"980\" height=\"441\" title=\"- Jeg fikk h\u00f8re at jeg var naiv\" alt=\"\" class=\"lazyload\" style=\"--aspect-ratio-image: 2.22; \"\/><\/p>\n<p>        &#8211; Jeg fikk h\u00f8re at jeg var naiv<\/p>\n<p>    <\/a><\/p>\n<p>Skadet i rideulykke\t<\/p>\n<p>\u00c5 b\u00e6re \u00f8konomien som alenemamma har ogs\u00e5 v\u00e6rt t\u00f8ft.<\/p>\n<p>&#8211; Det har v\u00e6rt kampen for tilv\u00e6relsen, forteller hun.<\/p>\n<p>I tillegg til 30 prosent stilling som dyrepasser, hadde Monica ogs\u00e5 fulltidsjobb hos Storcash i Kristiansand, der hun raskt fikk en del ekstra ansvar.<\/p>\n<p>          <img loading=\"lazy\" decoding=\"async\" src=\"https:\/\/www.europesays.com\/no\/wp-content\/uploads\/2025\/11\/83903965.webp\" width=\"980\" height=\"559\" title=\"DYREPASSER: Monica elsker alle slags dyr - her med eselet Tussi i Kristiansand dyrepark. Foto: Privat\" alt=\"\" class=\"\" style=\"--aspect-ratio-image: 1.75; \"\/><\/p>\n<p>\n          DYREPASSER: Monica elsker alle slags dyr &#8211; her med eselet Tussi i Kristiansand dyrepark. Foto: Privat\n      <\/p>\n<p>De siste to \u00e5rene har hun v\u00e6rt sykmeldt i lengre perioder. P\u00e5 en ridetur for to \u00e5r siden gikk det nemlig helt galt.<\/p>\n<p>&#8211; Jeg havnet i en steinr\u00f8ys og knakk ankelen. P\u00e5 legevakten viste det seg at jeg hadde f\u00e5tt et utrolig stygt brudd, ankelen var delt i to.<\/p>\n<p>I et halvt \u00e5r m\u00e5tte hun g\u00e5 med gips p\u00e5 foten, s\u00e5 fulgte et halvt \u00e5r med opptrening. Etter en operasjon der det ble satt inn skruer i ankelen, har Monica slitt med mye smerter. N\u00e5 er skruene fjernet for \u00e5 se om det kan gj\u00f8re det bedre.<\/p>\n<p>    <a itemprop=\"url\" href=\"https:\/\/www.kk.no\/underholdning\/jeg-vet-ikke-hvordan-jeg-hadde-taklet-en-slik-beskjed-selv\/83848055\" rel=\"nofollow noopener\" target=\"_blank\"><\/p>\n<p>      <img loading=\"lazy\" decoding=\"async\" src=\"https:\/\/www.europesays.com\/no\/wp-content\/uploads\/2025\/11\/1764195568_859_83848069.webp\" width=\"980\" height=\"441\" title=\"- Jeg vet ikke hvordan jeg hadde taklet en slik beskjed selv\" alt=\"\" class=\"lazyload\" style=\"--aspect-ratio-image: 2.22; \"\/><\/p>\n<p>        &#8211; Jeg vet ikke hvordan jeg hadde taklet en slik beskjed selv<\/p>\n<p>    <\/a><\/p>\n<p>Trodde ikke kj\u00e6rligheten skulle vises s\u00e5 godt\t<\/p>\n<p>Og kanskje var det en mening med den stygge rideulykken, har hun lurt p\u00e5 flere ganger det siste halve \u00e5ret.<\/p>\n<p>Det var nettopp i en av sykmeldingsperiodene, der hun visste at hun m\u00e5tte omskolere seg og finne p\u00e5 noe annet, Monica satt hjemme en kveld og oppdaget TV2 artikkelen som presenterte Kristian som en av de nye b\u00f8ndene i \u00abJakten p\u00e5 kj\u00e6rligheten\u00bb &#8211; og som s\u00f8kte etter friere til programmet.<\/p>\n<p>Resten er p\u00e5 sett og vis tv-historie. Kj\u00e6rligheten de to har vist hverandre i \u00abJakten p\u00e5 kj\u00e6rligheten\u00bb har r\u00f8rt mange seere denne h\u00f8sten.<\/p>\n<p>          <img loading=\"lazy\" decoding=\"async\" src=\"https:\/\/www.europesays.com\/no\/wp-content\/uploads\/2025\/11\/1764195570_163_83862659.webp\" width=\"686\" height=\"392\" title=\"NYTT KAPITTEL: - Jeg har v\u00e6rt alene s\u00e5 \u00e5 si siden Sander ble f\u00f8dt, og har l\u00e6rt meg \u00e5 trives veldig godt i eget selskap. Det har nesten v\u00e6rt slitsomt \u00e5 ha noen ved seg over lengre tid - men det har jeg aldri f\u00f8lt med Kristian, forteller Monica. Foto: Privat\" alt=\"\" class=\"\" style=\"--aspect-ratio-image: 1.75; \"\/><\/p>\n<p>\n          NYTT KAPITTEL: &#8211; Jeg har v\u00e6rt alene s\u00e5 \u00e5 si siden Sander ble f\u00f8dt, og har l\u00e6rt meg \u00e5 trives veldig godt i eget selskap. Det har nesten v\u00e6rt slitsomt \u00e5 ha noen ved seg over lengre tid &#8211; men det har jeg aldri f\u00f8lt med Kristian, forteller Monica. Foto: Privat\n      <\/p>\n<p class=\"italic m-italic\" data-lab-italic=\"italic\">&#8211; N\u00e5r forstod du at du var forelsket?<\/p>\n<p>&#8211; Det skjedde under fjellturen vi hadde med Kristian. Da fikk vi noen timer alene etter at resten av jentene hadde g\u00e5tt i teltene. De hadde mulighet til \u00e5 bli med, men gjorde det ikke. Vi fikk snakket om alt og ingenting, og etter dette vokste Kristian veldig p\u00e5 meg.<\/p>\n<p>          <img loading=\"lazy\" decoding=\"async\" src=\"https:\/\/www.europesays.com\/no\/wp-content\/uploads\/2025\/11\/1764195572_621_83807175.webp\" width=\"980\" height=\"559\" title=\"JAKTEN: Kristian Niklas Johansson med alle sine friere. Foto: Espen Solli\" alt=\"\" class=\"\" style=\"--aspect-ratio-image: 1.75; \"\/><\/p>\n<p>\n          JAKTEN: Kristian Niklas Johansson med alle sine friere. Foto: Espen Solli\n      <\/p>\n<p>    <a itemprop=\"url\" href=\"https:\/\/www.kk.no\/mamma\/da-stine-motte-per-matte-hun-utfordre-sin-aller-storste-frykt\/83868814\" rel=\"nofollow noopener\" target=\"_blank\"><\/p>\n<p>      <img loading=\"lazy\" decoding=\"async\" src=\"https:\/\/www.europesays.com\/no\/wp-content\/uploads\/2025\/11\/83868953.webp\" width=\"980\" height=\"441\" title=\"Da Stine m\u00f8tte Per, m\u00e5tte hun utfordre sin aller st\u00f8rste frykt\" alt=\"\" class=\"lazyload\" style=\"--aspect-ratio-image: 2.22; \"\/><\/p>\n<p>        Da Stine m\u00f8tte Per, m\u00e5tte hun utfordre sin aller st\u00f8rste frykt<\/p>\n<p>    <\/a><\/p>\n<p>&#8211; Noe av det mest magiske jeg har opplevd\t<\/p>\n<p>Helt fram til det siste var det stor spenning knyttet til hvem av frierne Kristian kom til \u00e5 velge. Han fikk nemlig tidlig f\u00f8lelser for Christine &#8211; men det var Monica som til slutt stjal hjertet hans.<\/p>\n<p>Det forstod hun f\u00f8rst den dagen Kristian m\u00e5tte ta det endelige valget mellom de to.\u00a0<\/p>\n<p>&#8211; Den dagen kommer jeg alltid til \u00e5 huske. Det var s\u00e5 mye n\u00e6rv\u00e6r, og jeg var s\u00e5 nerv\u00f8s. Men da jeg s\u00e5 ham sitte p\u00e5 benken, og jeg kom g\u00e5ende opp og m\u00f8tte blikket hans, var det helt spesielt.<\/p>\n<p>&#8211; Da han begynte \u00e5 prate og sa de utrolige tingene han sa &#8211; som jeg ogs\u00e5 kjente p\u00e5 &#8211; var det noe av det mest magiske jeg har opplevd. Da ble alle kameraene glemt, og det f\u00f8ltes som om det bare var oss to der.<\/p>\n<p>Etter innspillingen ble Monica v\u00e6rende igjen noen dager i Valdres, der det endelig bare var henne og Kristian.<\/p>\n<p>&#8211; Da f\u00f8ltes alt helt riktig. Jeg hadde funnet mannen i mitt liv. Jeg fant ikke bare dr\u00f8mmemannen, men ogs\u00e5 min beste venn, forteller Monica.<\/p>\n<p>    <a itemprop=\"url\" href=\"https:\/\/www.kk.no\/underholdning\/jeg-tenkte-dette-er-meant-to-be\/83807077\" rel=\"nofollow noopener\" target=\"_blank\"><\/p>\n<p>      <img loading=\"lazy\" decoding=\"async\" src=\"https:\/\/www.europesays.com\/no\/wp-content\/uploads\/2025\/11\/1764195575_599_83807131.webp\" width=\"980\" height=\"441\" title=\"- Jeg tenkte \u00abdette er meant to be\u00bb\" alt=\"\" class=\"lazyload\" style=\"--aspect-ratio-image: 2.22; \"\/><\/p>\n<p>        &#8211; Jeg tenkte \u00abdette er meant to be\u00bb<\/p>\n<p>    <\/a><\/p>\n<p>Visste ikke at kj\u00e6rligheten skulle vises s\u00e5 godt p\u00e5 skjermen \t<\/p>\n<p>At kj\u00e6rligheten de to imellom har g\u00e5tt tvers gjennom tv-skjermen denne h\u00f8sten, er det liten tvil om.<\/p>\n<p>I kommentarfeltene under intervjuer med de to, har det flommet over av heiarop og lykke\u00f8nskninger.<\/p>\n<p class=\"italic m-italic\" data-lab-italic=\"italic\">&#8211; Hva tenker du om den store responsen dere har f\u00e5tt?<\/p>\n<p>&#8211; Jeg hadde ikke trodd at det skulle r\u00f8re s\u00e5 mange. Jeg visste ikke at kj\u00e6rligheten vi hadde, skulle vises s\u00e5 godt p\u00e5 skjermen. At mange \u00f8nsker \u00e5 f\u00f8lge oss videre, hadde vi aldri trodd. Jeg er veldig glad for det og har lyst til \u00e5 dele fra det nye livet, siden folk er s\u00e5 interesserte.<\/p>\n<p class=\"italic m-italic\" data-lab-italic=\"italic\">&#8211; Kanskje det blir en spinn-off-serie p\u00e5 TV2? Om livet i Brekkebakkane?<\/p>\n<p>&#8211; Det hadde v\u00e6rt veldig g\u00f8y, ler Monica.<\/p>\n<p>    <a itemprop=\"url\" href=\"https:\/\/www.kk.no\/samliv\/ny-datingtrend-ikke-usannsynlig-at-kvinner-kan-fa-det-de-har-lengtet-etter\/83616195\" rel=\"nofollow noopener\" target=\"_blank\"><\/p>\n<p>      <img loading=\"lazy\" decoding=\"async\" src=\"https:\/\/www.europesays.com\/no\/wp-content\/uploads\/2025\/11\/1764195576_576_83640268.webp\" width=\"980\" height=\"441\" title=\"\u00abNy\u00bb datingtrend: - Ikke usannsynlig at kvinner kan f\u00e5 det de har lengtet etter\" alt=\"\" class=\"lazyload\" style=\"--aspect-ratio-image: 2.22; \"\/><\/p>\n<p>        \u00abNy\u00bb datingtrend: &#8211; Ikke usannsynlig at kvinner kan f\u00e5 det de har lengtet etter<\/p>\n<p>    <\/a><\/p>\n<p>Gikk mange runder\t<\/p>\n<p>\u00c9n kommentar har imidlertid v\u00e6rt vond \u00e5 lese &#8211; at hun bare \u00f8nsker en farsfigur for Sander.<\/p>\n<p>&#8211; Det stemmer ikke. Som alenemor har jeg selvf\u00f8lgelig kjent p\u00e5 at det er vanskelig \u00e5 fylle begge rollene, men synes jeg har klart \u00e5 sjonglere det greit.<\/p>\n<p>&#8211; Da Kristian m\u00f8tte Sander, merket jeg med \u00e9n gang en kjemi mellom dem. Begge hadde stor forst\u00e5else og varme for hverandre. D\u00e9t er en dr\u00f8mmesituasjon &#8211; for det er ikke gitt at det skal klaffe p\u00e5 denne m\u00e5ten.\u00a0<\/p>\n<p>Hvorvidt de skulle flytte fra Kristiansand til Kristian i Valdres, om hun virkelig skulle bryte s\u00f8nnen opp fra alt det kjente, er noe hun likevel gikk mange runder p\u00e5, b\u00e5de med seg selv og s\u00f8nnen.<\/p>\n<p>&#8211; Det blir en stor omveltning, spesielt for Sander. Men f\u00f8rste gangen Kristian m\u00f8tte ham, tok han en s\u00e5 stor plass overfor ham. Den kj\u00e6rligheten han hadde vist til meg, viste han ogs\u00e5 til Sander. Det var ikke noe jeg trengte \u00e5 jobbe for at skulle skje. Da ble det tydelig for meg at dette var noe b\u00e5de jeg og Sander ville.<\/p>\n<p>Det var med heiarop i ryggen b\u00e5de fra de gode vennene i dyreparken og storfamilien, Monica pakket ned alt hun eide, og kj\u00f8rte flyttelasset til Valdres sammen med s\u00f8nnen, med hund og katt og det hele.\u00a0<\/p>\n<p>Underveis i det kjentes som en uendelig lang tur, punkterte de og m\u00e5tte slepes videre av en bergingsbil.<\/p>\n<p>Men da de endelig kom fram utp\u00e5 kvelden i novemberm\u00f8rket, kom \u00f8yeblikket der alt likevel kjentes helt rett.<\/p>\n<p>&#8211; Da jeg og Sander kom kj\u00f8rende opp den siste bakken og s\u00e5 Kristian st\u00e5 der med blomster og alle hundene hyle i kor, var \u00f8yeblikket jeg kjente at det er her vi h\u00f8rer hjemme.<\/p>\n<p>    <a itemprop=\"url\" href=\"https:\/\/www.kk.no\/underholdning\/hadde-ikke-gratt-pa-16-ar-1\/83787525\" rel=\"nofollow noopener\" target=\"_blank\"><\/p>\n<p>      <img loading=\"lazy\" decoding=\"async\" src=\"https:\/\/www.europesays.com\/no\/wp-content\/uploads\/2025\/11\/1764195578_446_83787600.webp\" width=\"980\" height=\"441\" title=\"- Hadde ikke gr\u00e5tt p\u00e5 16 \u00e5r\" alt=\"\" class=\"lazyload\" style=\"--aspect-ratio-image: 2.22; \"\/><\/p>\n<p>        &#8211; Hadde ikke gr\u00e5tt p\u00e5 16 \u00e5r<\/p>\n<p>    <\/a><\/p>\n<p>En stor flokk rundt seg\t<\/p>\n<p>I det nye livet p\u00e5 den gamle husmannsplassen, vil Monica pr\u00f8ve \u00e5 f\u00e5 seg jobb som avl\u00f8ser. Hun som er vant med mildere temperaturer p\u00e5 S\u00f8rlandet i vinterhalv\u00e5ret har merket seg at det er vesentlig kaldere i Valdres.<\/p>\n<p>Nylig m\u00e5tte de ut for \u00e5 hente vann da vannr\u00f8ret innend\u00f8rs fr\u00f8s. Rett som det er m\u00e5 de ogs\u00e5 ut for \u00e5 hente ved.<\/p>\n<p>&#8211; Men det er s\u00e5 koselig ogs\u00e5 &#8211; og vi gj\u00f8r det som en familie.<\/p>\n<p>Med Kristians familie har Monica og s\u00f8nnen n\u00e5 f\u00e5tt enda en god flokk rundt seg.\u00a0<\/p>\n<p>Ikke minst har Sander f\u00e5tt en r\u00e5kul oldemor, forteller Monica &#8211; som mange \u00abJakten\u00bb-seere trolig vil huske, var det Kristians bestemor Lillemor, som valgte ut Monica som sin favoritt av frierne som kom til Valdres.<\/p>\n<p>Kj\u00f8pepresset i f\u00f8rjulstida som hun en gang pleide \u00e5 kjenne s\u00e5 sterkt p\u00e5, som alenemor med d\u00e5rlig r\u00e5d, forsvant ellers som dugg for sola da hun og s\u00f8nnen landet hjemme i det gamle t\u00f8mmehuset til Kristian.<\/p>\n<p>&#8211; For vi har alt vi trenger her, sier Monica &#8211; og forteller om noe annet hun ogs\u00e5 merker at hun tenker helt annerledes rundt n\u00e5:<\/p>\n<p>&#8211; Jeg har aldri hatt et \u00f8nske om \u00e5 gifte meg eller om \u00e5 f\u00e5 et barn nummer to &#8211; men det har jeg n\u00e5.<\/p>\n<p>&#8211; Det \u00e5 kjenne at man elsker noen, det kan man si &#8211; men \u00e5 virkelig f\u00f8le det er noe helt annet. Det gj\u00f8r jeg med Kristian.<\/p>\n","protected":false},"excerpt":{"rendered":"Mange har fulgt TV2 programmet \u00abJakten p\u00e5 kj\u00e6rligheten\u00bb denne h\u00f8sten &#8211; og sett forelskelsen vokse fram mellom alenemoren&hellip;\n","protected":false},"author":2,"featured_media":97637,"comment_status":"","ping_status":"","sticky":false,"template":"","format":"standard","meta":{"footnotes":""},"categories":[58],"tags":[71,231,9649,4016,11802,30,28,29,72,1646],"class_list":{"0":"post-97636","1":"post","2":"type-post","3":"status-publish","4":"format-standard","5":"has-post-thumbnail","7":"category-underholdning","8":"tag-entertainment","9":"tag-jakten-pa-kjaerligheten","10":"tag-kristian-niklas-johansson","11":"tag-livet","12":"tag-monica-gundersen","13":"tag-no","14":"tag-norge","15":"tag-norway","16":"tag-underholdning","17":"tag-valdres"},"share_on_mastodon":{"url":"https:\/\/pubeurope.com\/@no\/115618327355628482","error":""},"_links":{"self":[{"href":"https:\/\/www.europesays.com\/no\/wp-json\/wp\/v2\/posts\/97636","targetHints":{"allow":["GET"]}}],"collection":[{"href":"https:\/\/www.europesays.com\/no\/wp-json\/wp\/v2\/posts"}],"about":[{"href":"https:\/\/www.europesays.com\/no\/wp-json\/wp\/v2\/types\/post"}],"author":[{"embeddable":true,"href":"https:\/\/www.europesays.com\/no\/wp-json\/wp\/v2\/users\/2"}],"replies":[{"embeddable":true,"href":"https:\/\/www.europesays.com\/no\/wp-json\/wp\/v2\/comments?post=97636"}],"version-history":[{"count":0,"href":"https:\/\/www.europesays.com\/no\/wp-json\/wp\/v2\/posts\/97636\/revisions"}],"wp:featuredmedia":[{"embeddable":true,"href":"https:\/\/www.europesays.com\/no\/wp-json\/wp\/v2\/media\/97637"}],"wp:attachment":[{"href":"https:\/\/www.europesays.com\/no\/wp-json\/wp\/v2\/media?parent=97636"}],"wp:term":[{"taxonomy":"category","embeddable":true,"href":"https:\/\/www.europesays.com\/no\/wp-json\/wp\/v2\/categories?post=97636"},{"taxonomy":"post_tag","embeddable":true,"href":"https:\/\/www.europesays.com\/no\/wp-json\/wp\/v2\/tags?post=97636"}],"curies":[{"name":"wp","href":"https:\/\/api.w.org\/{rel}","templated":true}]}}