{"id":97762,"date":"2025-11-27T05:09:11","date_gmt":"2025-11-27T05:09:11","guid":{"rendered":"https:\/\/www.europesays.com\/no\/97762\/"},"modified":"2025-11-27T05:09:11","modified_gmt":"2025-11-27T05:09:11","slug":"tinas-mor-forklarer-seg-til-hordaland-tingrett-nrk-vestland","status":"publish","type":"post","link":"https:\/\/www.europesays.com\/no\/97762\/","title":{"rendered":"Tinas mor forklarer seg til Hordaland tingrett \u2013 NRK Vestland"},"content":{"rendered":"<p>Saken oppsummert:<\/p>\n<ul>\n<li>Tobarnsmoren Tina Milena Solberg (33) ble drept 7. januar 2024.<\/li>\n<li>Hennes tidligere samboer, som ogs\u00e5 er far til hennes to barn, har erkjent drap og likskjending.<\/li>\n<li>Til retten forteller Tinas mor om sin bekymring for datteren og fortvilelsen over ikke \u00e5 ha forst\u00e5tt alvoret f\u00f8r drapet.<\/li>\n<li>Tinas mor ba den tiltalte mannen om ikke \u00e5 anke straffen han vil f\u00e5 fra Hordaland tingrett.<\/li>\n<li>Forsvarer J\u00f8rgen Riple sier p\u00e5 vegne av sin klient til tingretten at de ikke \u00f8nsker en runde to i rettssystemet.<\/li>\n<li>Til retten fortalte mor til den tiltalte mannen om en vanskelig oppvekst, og hennes fors\u00f8k p\u00e5 \u00e5 hjelpe til.<\/li>\n<\/ul>\n<p>Det er dag syv av rettssaken etter drapet p\u00e5 <a href=\"https:\/\/www.nrk.no\/vestland\/tina-milena-solberg-_33_-ble-drept_-ekssamboer-moter-i-hordaland-tingrett-mandag_-tiltalt-for-drapet-1.17653005\" ec-id=\"pp:article:1.17653005\" ec-name=\"Tina Milena Solberg (33)\" rel=\"nofollow noopener\" target=\"_blank\">Tina Milena Solberg (33)<\/a>.<\/p>\n<p>Levningene av tobarnsmoren ble funnet i en <a href=\"https:\/\/www.nrk.no\/vestland\/tobarnsmoren-tina-milena-solberg-_33_-ble-drept_-tiltalt-ekssamboer-forklarer-seg-i-tingretten-1.17657738\" ec-id=\"pp:article:1.17657738\" ec-name=\"utbrent bil i \u00d8ygarden\" rel=\"nofollow noopener\" target=\"_blank\">utbrent bil i \u00d8ygarden<\/a> 7. januar 2024.<\/p>\n<p>Hennes tidligere samboer og far til hennes to barn <a href=\"https:\/\/www.nrk.no\/vestland\/tobarnsmoren-tina-milena-solberg-_33_-ble-drept_-tiltalt-ekssamboer-forklarer-seg-i-tingretten-1.17657738\" ec-id=\"pp:article:1.17657738\" ec-name=\"har erkjent drap og likskjending\" rel=\"nofollow noopener\" target=\"_blank\">har erkjent drap og likskjending<\/a>, men nekter for \u00e5 ha mishandlet barna.<\/p>\n<p>I tilrettelagte avh\u00f8r har de to barna fortalt om en <a href=\"https:\/\/www.nrk.no\/vestland\/tina-milena-solberg-_33_-ble-drept-pa-et-av-barnas-rom_-barna-fortalte-om-en-oppvekst-preget-av-vold-1.17660481\" ec-id=\"pp:article:1.17660481\" ec-name=\"oppvekst preget av vold\" rel=\"nofollow noopener\" target=\"_blank\">oppvekst preget av vold<\/a>, og om hvordan de <a href=\"https:\/\/www.nrk.no\/vestland\/tobarnsmoren-tina-milena-solberg-_33_-ble-drept_-tiltalt-ekssamboer-forklarer-seg-i-tingretten-1.17657738\" ec-id=\"pp:article:1.17657738\" ec-name=\"var i huset da far drepte mor\" rel=\"nofollow noopener\" target=\"_blank\">var i huset da far drepte mor<\/a>.<\/p>\n<p>Tobarnsmoren ble <a href=\"https:\/\/www.nrk.no\/vestland\/tina-milena-solberg-_33_-ble-drept-i-oygarden_-aktor-viser-frem-bilder-av-barnerom-i-retten-1.17655189\" ec-id=\"pp:article:1.17655189\" ec-name=\"kvalt til d\u00f8de p\u00e5 et av barnas rom\" rel=\"nofollow noopener\" target=\"_blank\">kvalt til d\u00f8de p\u00e5 et av barnas rom<\/a>, noe den tiltalte mannen selv har fortalt i retten.<\/p>\n<p><img decoding=\"async\"   src=\"data:image\/gif;base64,R0lGODlhAQABAIAAAAAAAP\/\/\/yH5BAEAAAAALAAAAAABAAEAAAIBRAA7\" loading=\"eager\" alt=\"et rom med seng og nattbord\" title=\"Foto: Politiet\"\/><\/p>\n<p class=\"\">P\u00e5 dette rommet mener politiet at Tina Milena Solberg (33) ble drept.<\/p>\n<p>Foto: Politiet<\/p>\n<p>Kledd i sort inntar Tinas mor vitnevoksen i Hordaland tingrett onsdag.<\/p>\n<p>Tiltalte har n\u00e5 forlatt salen.<\/p>\n<p><strong>For Tinas mor er det viktig f\u00e5 frem hvor \u00f8nsket datteren var, og hvilken glede hun tilf\u00f8rte familien.<\/strong><\/p>\n<p>\u2013 Hun var lattermild, snill, god og et sjarmtroll.<\/p>\n<p><img decoding=\"async\"   src=\"data:image\/gif;base64,R0lGODlhAQABAIAAAAAAAP\/\/\/yH5BAEAAAAALAAAAAABAAEAAAIBRAA7\" loading=\"eager\" alt=\"Tina Milena Solberg\" title=\"Foto: Bilde publisert i samr\u00e5d med familien\"\/><\/p>\n<p class=\"\">Tina Milena Solberg (33) ble funnet drept 7. januar 2024.<\/p>\n<p>Foto: Bilde publisert i samr\u00e5d med familien<\/p>\n<p>Dagboken<\/p>\n<p>Retten f\u00e5r lese utdrag fra dagboken til Tinas mor, tilbake i \u00e5rene 2009\u20132012.<\/p>\n<p>Flere ganger skriver hun hvor bekymret hun er for datteren, og at det virker som om den nye kj\u00e6resten hennes har et stort kontrollbehov.<\/p>\n<p>Bekymringen starter kort tid etter Tina m\u00f8tte den n\u00e5 tiltalte mannen.<\/p>\n<p>I 2009 skriver Tinas mor:<\/p>\n<p>\u00abTina kom hjem med en pose skittent\u00f8y nok en gang. Denne gangen overnatter hun. Hun fikk lov av han. Som mor ser jeg faremomentene med ord som lov.\u00bb<\/p>\n<p>\u00c5rene g\u00e5r. Tinas mor opplever datterens forhold som turbulent, men sier at det er f\u00f8rst i ettertid hun har forst\u00e5tt alvoret og omfanget.<\/p>\n<p><strong>\u2013 Jeg har aldri tenkt p\u00e5 f\u00f8r hvorfor hun gikk s\u00e5 ofte med h\u00f8yhalset genser eller kjole. N\u00e5 har jeg skj\u00f8nt det.<\/strong><\/p>\n<p>I 2011 blir Tina gravid.<\/p>\n<p>30. desember 2011 skriver moren i dagboken:<\/p>\n<p><strong>\u00abTina kom hjem med bl\u00e5merker p\u00e5 armene, mens magen vokser.\u00bb<\/strong><\/p>\n<p>\u2013 Endelig kunne livet begynne<\/p>\n<p>Men h\u00f8sten 2021 fikk Tinas mor h\u00e5p, da datteren flyttet alene sammen med barna ut i \u00d8ygarden.<\/p>\n<p>\u2013 N\u00e5 kan livet starte uten han, tenkte jeg. Det er hun som leier og han kan ikke komme inn der.<\/p>\n<p><img decoding=\"async\"   src=\"data:image\/gif;base64,R0lGODlhAQABAIAAAAAAAP\/\/\/yH5BAEAAAAALAAAAAABAAEAAAIBRAA7\" loading=\"eager\" alt=\"Bistandsadvokat Cecilie Wallevik\" title=\"Foto: Therese Grimstad Pisani \/ NRK\"\/><\/p>\n<p class=\"\">Bistandsadvokat Cecilie Wallevik representerer de to barna, men ogs\u00e5 mor til Tina Milena Solberg. <\/p>\n<p>Foto: Therese Grimstad Pisani \/ NRK<\/p>\n<p>Men h\u00e5per svant fort. I perioder bodde den n\u00e5 tiltalte mannen i leiligheten og flere hendelser fulgte, forteller Tinas mor.<\/p>\n<p>Som mor var det vanskelig \u00e5 se datteren v\u00e6re sammen med en som gjorde henne s\u00e5 mye vondt.<\/p>\n<p>Hun forteller retten at det nok ogs\u00e5 er mye datteren har unnlatt \u00e5 fortelle. Ting hun n\u00e5 tenker at hun s\u00e5 gjerne skulle ha visst om.<\/p>\n<p>Til retten forteller hun at hun sitter igjen med mye d\u00e5rlig samvittighet.<\/p>\n<p>\u2013 Det har jeg angret p\u00e5 i ettertid, at jeg beskyttet meg selv i stedet for \u00e5 beskytte henne. Jeg burde ha reist mer til henne, men jeg orket ikke \u00e5 h\u00f8re og se han.<\/p>\n<p>\u2013 Kan jeg si en siste ting?<\/p>\n<p>Det blir mange t\u00e5rer i retten n\u00e5r Tinas mor forteller om den ekstra byrden av ikke \u00e5 kunne se datteren en siste gang, p\u00e5 grunn av tilstanden datteren ble funnet i.<\/p>\n<p>\u2013 Det er nesten ikke til \u00e5 holde ut. Jeg ble anbefalt \u00e5 ikke se henne. Det er det verste, han fratok oss muligheten til \u00e5 ta farvel med Tina. Han pr\u00f8vde \u00e5 slette henne totalt.<\/p>\n<p><img decoding=\"async\"   src=\"data:image\/gif;base64,R0lGODlhAQABAIAAAAAAAP\/\/\/yH5BAEAAAAALAAAAAABAAEAAAIBRAA7\" loading=\"eager\" alt=\"Bilen hvor levningene etter Tina Milena Solberg ble funnet drept\" title=\"Foto: Vest politidistrikt\"\/><\/p>\n<p class=\"\">Politiets bilde av den utbrente bilen, hvor levningene av Tina Milena Solberg ble funnet.<\/p>\n<p>Foto: Vest politidistrikt<\/p>\n<p>I det hun er i ferd \u00e5 med \u00e5 reise seg og g\u00e5 fra vitneboksen, stopper hun opp og sp\u00f8r om \u00e5 kunne si en siste ting.<\/p>\n<p>\u2013 Han har erkjent drap og mer til. Da h\u00e5per jeg han n\u00e5 viser seg som en voksen og tar den straffen han f\u00e5r, og da ikke anker.<\/p>\n<p>Hun sier at hun h\u00e5per tiltalte n\u00e5 h\u00f8rer henne.<\/p>\n<p><strong>\u2013 Vi har lidd nok og barna har lidd nok. N\u00e5 m\u00e5 vi f\u00e5 fred.<\/strong><\/p>\n<p><img decoding=\"async\"   src=\"data:image\/gif;base64,R0lGODlhAQABAIAAAAAAAP\/\/\/yH5BAEAAAAALAAAAAABAAEAAAIBRAA7\" loading=\"eager\" alt=\"Bistandsadvokat May Britt L\u00f8vik med far til Tina, Kurt Ove Solberg\" title=\"Foto: Erica Hvedding Kronheim \/ NRK\"\/><\/p>\n<p class=\"\">I retten er ogs\u00e5 Tinas far, Kurt Ove Solberg. Her fra rettens f\u00f8rste dag, sammen med bistandsadvokat May Britt L\u00f8vik. <\/p>\n<p>Foto: Erica Hvedding Kronheim \/ NRK<\/p>\n<p>Forsvarer J\u00f8rgen Riple kommenterer senere sp\u00f8rsm\u00e5let om anke, p\u00e5 vegne av sin klient.<\/p>\n<p><strong>\u2013 Vi h\u00e5per denne saken er ferdig her i tingretten. Vi er ikke interessert i en runde to, sier Riple til retten. <\/strong><\/p>\n<p><img decoding=\"async\"   src=\"data:image\/gif;base64,R0lGODlhAQABAIAAAAAAAP\/\/\/yH5BAEAAAAALAAAAAABAAEAAAIBRAA7\" loading=\"eager\" alt=\"Advokat J\u00f8rgen Riple\" title=\"Foto: Oskar Rennedal \/ NRK\"\/><\/p>\n<p class=\"\">Advokat J\u00f8rgen Riple er forsvarer for mannen, sammen med advokat Kristin Arnesen.<\/p>\n<p>Foto: Oskar Rennedal \/ NRK<\/p>\n<p>Mor til tiltalte: \u2013 Jeg har pr\u00f8vd alt<\/p>\n<p>Den tiltalte mannen er til stede n\u00e5r hans egen mor gir sin forklaring til retten, men sitter vendt bort fra henne.<\/p>\n<p>Fra vitneboksen forteller hun om en vanskelig oppvekst for s\u00f8nnen i Iran og Afghanistan, hvor han skal ha blitt utsatt for vold fra andre.<\/p>\n<p>Som firebarnsmor f\u00f8lte hun at hun ikke strakk til, heller ikke etter at familien kom som flyktninger til Norge.<\/p>\n<p>Hun forteller retten at hun visste at Tina og s\u00f8nnen hadde problemer, og at hun fors\u00f8kte \u00e5 hjelpe.<\/p>\n<p>\u2013 Jeg betalte inkassoregninger og bidro med penger til parterapi for dem. Jeg sa jeg h\u00e5pet at det ordnet seg. Jeg sa alltid ja til \u00e5 passe barna. Jeg har pr\u00f8vd alt mulig jeg kan.<\/p>\n<p>Forsvarer Kristin Arnesen vil vite hvordan hun ville ha beskrevet sin s\u00f8nn f\u00f8r drapet.<\/p>\n<p>\u2013 Han var snill og grei og kom ofte p\u00e5 bes\u00f8k. Men s\u00e5 skjedd dette, sier tiltaltes mor og legger til:<\/p>\n<p><strong>\u2013 Dette som skjedde var veldig d\u00e5rlig gjort. En mor liker ikke at hennes barn gj\u00f8r s\u00e5nt.<\/strong><\/p>\n<p>    Hei<\/p>\n<p>Takk for at du leste saken. Har du tanker eller tips til denne saken, eller om noe annet?\u00a0<\/p>\n<p>Send meg gjerne en e-post: erica.kronheim@nrk.no\u00a0<\/p>\n<p>Publisert<\/p>\n<p>26.11.2025, kl. 19.55<\/p>\n<p>Oppdatert<\/p>\n<p>26.11.2025, kl. 20.48<\/p>\n","protected":false},"excerpt":{"rendered":"Saken oppsummert: Tobarnsmoren Tina Milena Solberg (33) ble drept 7. januar 2024. Hennes tidligere samboer, som ogs\u00e5 er&hellip;\n","protected":false},"author":2,"featured_media":88690,"comment_status":"","ping_status":"","sticky":false,"template":"","format":"standard","meta":{"footnotes":""},"categories":[10],"tags":[20,21,24,25,15,22,23,13,30,28,29,14,16,26,27],"class_list":{"0":"post-97762","1":"post","2":"type-post","3":"status-publish","4":"format-standard","5":"has-post-thumbnail","7":"category-norge","8":"tag-breaking-news","9":"tag-breakingnews","10":"tag-featured-news","11":"tag-featurednews","12":"tag-headlines","13":"tag-latest-news","14":"tag-latestnews","15":"tag-news","16":"tag-no","17":"tag-norge","18":"tag-norway","19":"tag-nyheter","20":"tag-overskrifter","21":"tag-top-stories","22":"tag-topstories"},"share_on_mastodon":{"url":"https:\/\/pubeurope.com\/@no\/115619939316635413","error":""},"_links":{"self":[{"href":"https:\/\/www.europesays.com\/no\/wp-json\/wp\/v2\/posts\/97762","targetHints":{"allow":["GET"]}}],"collection":[{"href":"https:\/\/www.europesays.com\/no\/wp-json\/wp\/v2\/posts"}],"about":[{"href":"https:\/\/www.europesays.com\/no\/wp-json\/wp\/v2\/types\/post"}],"author":[{"embeddable":true,"href":"https:\/\/www.europesays.com\/no\/wp-json\/wp\/v2\/users\/2"}],"replies":[{"embeddable":true,"href":"https:\/\/www.europesays.com\/no\/wp-json\/wp\/v2\/comments?post=97762"}],"version-history":[{"count":0,"href":"https:\/\/www.europesays.com\/no\/wp-json\/wp\/v2\/posts\/97762\/revisions"}],"wp:featuredmedia":[{"embeddable":true,"href":"https:\/\/www.europesays.com\/no\/wp-json\/wp\/v2\/media\/88690"}],"wp:attachment":[{"href":"https:\/\/www.europesays.com\/no\/wp-json\/wp\/v2\/media?parent=97762"}],"wp:term":[{"taxonomy":"category","embeddable":true,"href":"https:\/\/www.europesays.com\/no\/wp-json\/wp\/v2\/categories?post=97762"},{"taxonomy":"post_tag","embeddable":true,"href":"https:\/\/www.europesays.com\/no\/wp-json\/wp\/v2\/tags?post=97762"}],"curies":[{"name":"wp","href":"https:\/\/api.w.org\/{rel}","templated":true}]}}