{"id":97781,"date":"2025-11-27T05:57:07","date_gmt":"2025-11-27T05:57:07","guid":{"rendered":"https:\/\/www.europesays.com\/no\/97781\/"},"modified":"2025-11-27T05:57:07","modified_gmt":"2025-11-27T05:57:07","slug":"endelig-kan-fredrik-og-per-kristian-puste-lettet-ut-far-frysninger-hver-gang-jeg-naermer-meg-ostlendingen","status":"publish","type":"post","link":"https:\/\/www.europesays.com\/no\/97781\/","title":{"rendered":"Endelig kan Fredrik og Per Kristian puste lettet ut: &#8211; F\u00e5r frysninger hver gang jeg n\u00e6rmer meg &#8211; \u00d8stlendingen"},"content":{"rendered":"<ol>\n<li><a href=\"https:\/\/news.google.com\/rss\/articles\/CBMimwFBVV95cUxQc2ZzU0ROTHhKMm85eXNUTVBPaVRiQ3FlX0dYSXFydjdCYW5PUFJsZ0ljanJCdkowbHZ3ampKdEZXY015T3ByZV9PM3VfQVBxZmw4T3hKak96WHJqTzhrcnJCTVh2cnNESUJabVkyR0oxX21KTlBhODJBWXNnOW1aRnZHUmJweGltVEo4VFFzdms0NXZmYzFJa05rYw?oc=5\" target=\"_blank\" rel=\"nofollow noopener\">Endelig kan Fredrik og Per Kristian puste lettet ut: &#8211; F\u00e5r frysninger hver gang jeg n\u00e6rmer meg<\/a>&nbsp;&nbsp;\u00d8stlendingen<\/li>\n<li><a href=\"https:\/\/news.google.com\/rss\/articles\/CBMiqgFBVV95cUxOeTdSSF8yWmR4OVNWVERzb0xaY25VYnptNzU5d1I1bVVYaFQzTjZEQnRnTnNibmpPUVhQUVl5dExGMzRSOEppWEVvbTl4VUxYZGl0QUkzTlVmTWRBcHAzY3hvRDVWTEttQ2lITTVVNkJXSU8zRzhnT3o5dzlBZ3JSZGViUHJtZVhqajNIUFMxS2s0TXNVMVY5Qm1qWW5UY29LTUp0VVBFRkQwQQ?oc=5\" target=\"_blank\" rel=\"nofollow noopener\">Fredrik Brun \u00e5pnet vegstrekning han selv var involvert i ulykke p\u00e5<\/a>&nbsp;&nbsp;NRK<\/li>\n<li><a href=\"https:\/\/news.google.com\/rss\/articles\/CBMixgFBVV95cUxNcDlXNlA0d3c4cFppLU52UVllREZvaXJPRlc0TmtWTE9nUDZScTJWMHNJTndNck9xeTZaSlVJXzlwcEVuRnRNTzEtNXNHR1NNb3BacWM5bDVfakRVQm5XQ1dpNThnM2xJY1pZd3NXczZqSmxPTUlNT2FEUTF2QWVVUTE0Ul9xLTV6NDh4RzhaczlJbXY0dEY2eDNpdi1ENExCdG9iSXFzXzhRWldoZkRHdDBCMkp6aFRaWHNBX1NKd3VRS1EzdUE?oc=5\" target=\"_blank\" rel=\"nofollow noopener\">Ulykkesoffer \u00e5pnet ny veg p\u00e5 Rv. 3 i \u00d8sterdalen<\/a>&nbsp;&nbsp;NTB Kommunikasjon<\/li>\n<li><a href=\"https:\/\/news.google.com\/rss\/articles\/CBMiekFVX3lxTE5NUmU2WUh3amJpNzFKaWtVeUtPMVFzQmN1b2pNRHhNNGkwWUc4dVRtT3N4dkh6bzdLMDljaXJrRGlJdTRPMGxQWHVNT0VCdUp4dnRfemtKeU85ZWZZMEdkc3U2Z3g3YzdNdlo4cktzWHpNSV9ncVZ4a0x3?oc=5\" target=\"_blank\" rel=\"nofollow noopener\">(+) \u2013 Har v\u00e6rt s\u00e6rlig ille om vinteren<\/a>&nbsp;&nbsp;at.no<\/li>\n<li><a href=\"https:\/\/news.google.com\/rss\/articles\/CBMipgFBVV95cUxQazBobDZUclBaWFZ2VVFyOWRuQ2dlRE11VnlCWUFiNU0xeU1DWnJWazdPOFAzNVczRE00eFBlbTRNaU52YmV5eER5dFIzcnJLX3V2X29UQUFKbFNDUHptc0Q5WjRlUjREZFVOcjRJZHlsSFVMTF8zM3NfdWtBX1lsekh2eWo0anBPQWR0V0JjSnhNNGs5RUtsZk5uQ19UVXN4QUNOWWp3?oc=5\" target=\"_blank\" rel=\"nofollow noopener\">Denne dagen har Arild gledet seg til: \u2013 Mye bedre<\/a>&nbsp;&nbsp;\u00d8stlendingen<\/li>\n<\/ol>\n","protected":false},"excerpt":{"rendered":"Endelig kan Fredrik og Per Kristian puste lettet ut: &#8211; F\u00e5r frysninger hver gang jeg n\u00e6rmer meg&nbsp;&nbsp;\u00d8stlendingen Fredrik&hellip;\n","protected":false},"author":2,"featured_media":97782,"comment_status":"","ping_status":"","sticky":false,"template":"","format":"standard","meta":{"footnotes":""},"categories":[10],"tags":[20,21,24,25,15,22,23,13,30,28,29,14,16,26,27],"class_list":{"0":"post-97781","1":"post","2":"type-post","3":"status-publish","4":"format-standard","5":"has-post-thumbnail","7":"category-norge","8":"tag-breaking-news","9":"tag-breakingnews","10":"tag-featured-news","11":"tag-featurednews","12":"tag-headlines","13":"tag-latest-news","14":"tag-latestnews","15":"tag-news","16":"tag-no","17":"tag-norge","18":"tag-norway","19":"tag-nyheter","20":"tag-overskrifter","21":"tag-top-stories","22":"tag-topstories"},"share_on_mastodon":{"url":"https:\/\/pubeurope.com\/@no\/115620127925179981","error":""},"_links":{"self":[{"href":"https:\/\/www.europesays.com\/no\/wp-json\/wp\/v2\/posts\/97781","targetHints":{"allow":["GET"]}}],"collection":[{"href":"https:\/\/www.europesays.com\/no\/wp-json\/wp\/v2\/posts"}],"about":[{"href":"https:\/\/www.europesays.com\/no\/wp-json\/wp\/v2\/types\/post"}],"author":[{"embeddable":true,"href":"https:\/\/www.europesays.com\/no\/wp-json\/wp\/v2\/users\/2"}],"replies":[{"embeddable":true,"href":"https:\/\/www.europesays.com\/no\/wp-json\/wp\/v2\/comments?post=97781"}],"version-history":[{"count":0,"href":"https:\/\/www.europesays.com\/no\/wp-json\/wp\/v2\/posts\/97781\/revisions"}],"wp:featuredmedia":[{"embeddable":true,"href":"https:\/\/www.europesays.com\/no\/wp-json\/wp\/v2\/media\/97782"}],"wp:attachment":[{"href":"https:\/\/www.europesays.com\/no\/wp-json\/wp\/v2\/media?parent=97781"}],"wp:term":[{"taxonomy":"category","embeddable":true,"href":"https:\/\/www.europesays.com\/no\/wp-json\/wp\/v2\/categories?post=97781"},{"taxonomy":"post_tag","embeddable":true,"href":"https:\/\/www.europesays.com\/no\/wp-json\/wp\/v2\/tags?post=97781"}],"curies":[{"name":"wp","href":"https:\/\/api.w.org\/{rel}","templated":true}]}}