{"id":97821,"date":"2025-11-27T07:09:18","date_gmt":"2025-11-27T07:09:18","guid":{"rendered":"https:\/\/www.europesays.com\/no\/97821\/"},"modified":"2025-11-27T07:09:18","modified_gmt":"2025-11-27T07:09:18","slug":"for-tidlig-a-snakke-om-fredsavtale-for-ukraina","status":"publish","type":"post","link":"https:\/\/www.europesays.com\/no\/97821\/","title":{"rendered":"For tidlig \u00e5 snakke om fredsavtale for Ukraina"},"content":{"rendered":"\n<p class=\"_lead_o9xde_2 _lead_xtcu6_50 layout-component text-serif-m layout-normal text-serif-l layout-component layout-wide layout-padded _wide_17hqh_1 layout-padded\">Dmitrij Peskov, talsperson for Kreml, mener at tiden enn\u00e5 ikke er inne for \u00e5 snakke om \u00e5 inng\u00e5 en fredsavtale i Ukraina. <\/p>\n<p><img alt=\"Russlands president Vladimir Putin i samtale med Dmitrij Peskov (t.h.).  Foto: GRIGORY SYSOEV \/SPUTNIK\/Kreml POOL \/ EPA \/ NTB\" class=\"_image_qp4xg_65 layout-component layout-wide\" data-fullscreen- data-track-element-type=\"Article image fullscreen\" data-track-name=\"ImageFullscreen\" fetchpriority=\"high\" decoding=\"sync\" loading=\"eager\" height=\"4783\" itemprop=\"image\"  src=\"https:\/\/www.europesays.com\/no\/wp-content\/uploads\/2025\/11\/1e5462b2-f078-49ff-a827-baf9fb7df3ff\"  style=\"object-position:0% 0%\" width=\"6990\"\/>Russlands president Vladimir Putin i samtale med Dmitrij Peskov (t.h.).  Foto: GRIGORY SYSOEV \/SPUTNIK\/Kreml POOL \/ EPA \/ NTB<\/p>\n<ul aria-hidden=\"true\" class=\"_images_18f0k_111\">\n<li><a class=\"_link_18f0k_116\" href=\"https:\/\/www.vg.no\/forfatter\/harpreet-kaur-nijjer\" style=\"z-index:1\" title=\"Harpreet Kaur Nijjer\" rel=\"nofollow noopener\" target=\"_blank\"><img alt=\"Bilde av Harpreet Kaur Nijjer\" class=\"_image_18f0k_93\" fetchpriority=\"low\" loading=\"lazy\" decoding=\"async\" itemprop=\"image\"  src=\"https:\/\/www.europesays.com\/no\/wp-content\/uploads\/2025\/11\/1764227356_804_9915841b-33cb-470f-8ab4-1d1650cff10e\"  width=\"480\"\/><\/a><\/li>\n<\/ul>\n<p> Oppdatert onsdag 26. november kl. 14:04     <\/p>\n<p class=\"_paragraph_o9xde_4 _paragraph_xtcu6_10 layout-component text-serif-m layout-normal text-serif-m layout-padded\">Det svarte Peskov da han ble spurt om en fredsavtale er n\u00e6rst\u00e5ende, if\u00f8lge Interfax. <\/p>\n<p class=\"_paragraph_o9xde_4 _paragraph_xtcu6_10 layout-component text-serif-m layout-normal text-serif-m layout-padded\">Ukraina har godkjent hovedpunktene i en revidert utgave av president Donald Trump sin 28-punkts fredsavtale som administrasjonen la fram i forrige uke.<\/p>\n<p class=\"_paragraph_o9xde_4 _paragraph_xtcu6_10 layout-component text-serif-m layout-normal text-serif-m layout-padded\">Den f\u00f8rste utgaven ble av Ukraina og landets allierte oppfattet som altfor russiskvennlig. Den nye er revidert etter forhandlinger mellom USA, Ukraina og europeiske land.<\/p>\n<p>Vil legge frem forslag om bruk av fryste russiske midler <\/p>\n<p class=\"_paragraph_o9xde_4 _paragraph_xtcu6_10 layout-component text-serif-m layout-normal text-serif-m layout-padded\">Kommisjonspresidenten i EU, Ursula von der Leyen, sier onsdag formiddag i en tale til EU-parlamentet, at fredsarbeidet fra Trump-administrasjonen er velkomment. <\/p>\n<p class=\"_paragraph_o9xde_4 _paragraph_xtcu6_10 layout-component text-serif-m layout-normal text-serif-m layout-padded\">Hun understreker at fredsavtalen m\u00e5 garantere sikkerheten for Ukraina og Europa. <\/p>\n<p><img alt=\"Kommisjonspresidenten i EU, Ursula von der Leyen.   Foto: Yves Herman \/ Reuters \/ NTB\" class=\"_image_qp4xg_65 layout-component layout-normal\" data-fullscreen- data-track-element-type=\"Article image fullscreen\" data-track-name=\"ImageFullscreen\" decoding=\"async\" loading=\"lazy\" height=\"2596\" itemprop=\"image\"  src=\"https:\/\/www.europesays.com\/no\/wp-content\/uploads\/2025\/11\/01408611-5c89-4cd6-aa3b-98e21e6d59e3\"  style=\"object-position:0% 0%\" width=\"3886\"\/>Kommisjonspresidenten i EU, Ursula von der Leyen.   Foto: Yves Herman \/ Reuters \/ NTB<\/p>\n<p class=\"_paragraph_o9xde_4 _paragraph_xtcu6_10 layout-component text-serif-m layout-normal text-serif-m layout-padded\">\u2013 Om vi i dag legitimerer og formaliserer at grenser undergraves, \u00e5pner vi d\u00f8rene for flere kriger i morgen. Vi kan ikke la dette skje, sa von der Leyen if\u00f8lge Reuters.<\/p>\n<p class=\"_paragraph_o9xde_4 _paragraph_xtcu6_10 layout-component text-serif-m layout-normal text-serif-m layout-padded\">Von der Leyen sa ogs\u00e5 at EU-kommisjonen er klar for \u00e5 legge frem et vedtak om bruk av fryste russiske midler.<\/p>\n<p class=\"_paragraph_o9xde_4 _paragraph_xtcu6_10 layout-component text-serif-m layout-normal layout-padded\"><strong class=\"_strong_o9xde_25\">Les ogs\u00e5:<\/strong> <a href=\"https:\/\/www.vg.no\/i\/RjbajJ\" data-track-element-type=\"Link\" data-track-id=\"link:RjbajJ\" class=\"_link_o9xde_39\" rel=\"nofollow noopener\" target=\"_blank\">Det hvite hus: Trump er optimistisk \u2013 kun uenighet p\u00e5 noen punkter<\/a><\/p>\n<p>    <img decoding=\"async\" alt=\"Tips oss illustrasjon\" src=\"https:\/\/www.europesays.com\/no\/wp-content\/uploads\/2025\/10\/pssst-small.webp.webp\"\/>    <\/p>\n<p class=\"title-serif-s\">Har du tips?<\/p>\n<p class=\"text-sans-m\">Send oss informasjon, bilder eller video.<\/p>\n<p>  <a href=\"https:\/\/www.vg.no\/tips-oss\" rel=\"nofollow noopener\" target=\"_blank\"> Tips oss <\/a>      <\/p>\n","protected":false},"excerpt":{"rendered":"Dmitrij Peskov, talsperson for Kreml, mener at tiden enn\u00e5 ikke er inne for \u00e5 snakke om \u00e5 inng\u00e5&hellip;\n","protected":false},"author":2,"featured_media":97822,"comment_status":"","ping_status":"","sticky":false,"template":"","format":"standard","meta":{"footnotes":""},"categories":[12],"tags":[31,20,21,24,25,15,22,23,13,30,28,29,14,16,26,27,42,43,44,45],"class_list":{"0":"post-97821","1":"post","2":"type-post","3":"status-publish","4":"format-standard","5":"has-post-thumbnail","7":"category-verden","8":"tag-breaking","9":"tag-breaking-news","10":"tag-breakingnews","11":"tag-featured-news","12":"tag-featurednews","13":"tag-headlines","14":"tag-latest-news","15":"tag-latestnews","16":"tag-news","17":"tag-no","18":"tag-norge","19":"tag-norway","20":"tag-nyheter","21":"tag-overskrifter","22":"tag-top-stories","23":"tag-topstories","24":"tag-verden","25":"tag-world","26":"tag-world-news","27":"tag-worldnews"},"share_on_mastodon":{"url":"https:\/\/pubeurope.com\/@no\/115620411247746783","error":""},"_links":{"self":[{"href":"https:\/\/www.europesays.com\/no\/wp-json\/wp\/v2\/posts\/97821","targetHints":{"allow":["GET"]}}],"collection":[{"href":"https:\/\/www.europesays.com\/no\/wp-json\/wp\/v2\/posts"}],"about":[{"href":"https:\/\/www.europesays.com\/no\/wp-json\/wp\/v2\/types\/post"}],"author":[{"embeddable":true,"href":"https:\/\/www.europesays.com\/no\/wp-json\/wp\/v2\/users\/2"}],"replies":[{"embeddable":true,"href":"https:\/\/www.europesays.com\/no\/wp-json\/wp\/v2\/comments?post=97821"}],"version-history":[{"count":0,"href":"https:\/\/www.europesays.com\/no\/wp-json\/wp\/v2\/posts\/97821\/revisions"}],"wp:featuredmedia":[{"embeddable":true,"href":"https:\/\/www.europesays.com\/no\/wp-json\/wp\/v2\/media\/97822"}],"wp:attachment":[{"href":"https:\/\/www.europesays.com\/no\/wp-json\/wp\/v2\/media?parent=97821"}],"wp:term":[{"taxonomy":"category","embeddable":true,"href":"https:\/\/www.europesays.com\/no\/wp-json\/wp\/v2\/categories?post=97821"},{"taxonomy":"post_tag","embeddable":true,"href":"https:\/\/www.europesays.com\/no\/wp-json\/wp\/v2\/tags?post=97821"}],"curies":[{"name":"wp","href":"https:\/\/api.w.org\/{rel}","templated":true}]}}