{"id":97861,"date":"2025-11-27T08:11:11","date_gmt":"2025-11-27T08:11:11","guid":{"rendered":"https:\/\/www.europesays.com\/no\/97861\/"},"modified":"2025-11-27T08:11:11","modified_gmt":"2025-11-27T08:11:11","slug":"gode-nyheter-for-iphone-brukere-teksiden-no","status":"publish","type":"post","link":"https:\/\/www.europesays.com\/no\/97861\/","title":{"rendered":"Gode nyheter for iPhone-brukere &#8211; Teksiden.no"},"content":{"rendered":"<p>Fokus p\u00e5 ytelse i stedet for nye funksjoner<\/p>\n<p>N\u00e5r Apple presenterer iOS 27 til sommeren, blir det etter alt \u00e5 d\u00f8mme en oppdatering som handler mer om kvalitet enn om nye visuelle endringer eller store funksjonstillegg. If\u00f8lge tidlige lekkasjer vil Apple bruke denne versjonen til \u00e5 rydde opp i systemet og forbedre farten og stabiliteten.<\/p>\n<p>Oppdateringen forventes lansert p\u00e5 Apples \u00e5rlige utviklerkonferanse i juni, og selv om det er en stund til, har de f\u00f8rste detaljene allerede begynt \u00e5 sirkulere.<\/p>\n<p><strong>Les ogs\u00e5: <\/strong><a href=\"https:\/\/teksiden.no\/nyheter\/black-week-fellen-eksperter-advarer-denne-uka-kan-odelegge-okonomien-din\/\" rel=\"nofollow noopener\" target=\"_blank\">Black Week-fellen: Eksperter advarer \u2013 denne uka kan \u00f8delegge \u00f8konomien din<\/a><\/p>\n<p>En oppdatering i stil med iOS 12 og Snow Leopard<\/p>\n<p>Ryktene peker p\u00e5 at iOS 27 blir en stabilitetsoppdatering snarere enn et funksjonshopp. Apple skal v\u00e6re i full gang med \u00e5 g\u00e5 gjennom koden, fjerne un\u00f8dvendige elementer, rette feil og polere ytelsen, i tr\u00e5d med oppdateringer som iOS 12 eller macOS Snow Leopard.<\/p>\n<p>iOS 26 introduserte blant annet Liquid Glass-design og mange andre nyheter. Slike store oppdateringer f\u00f8rer ofte til klager p\u00e5 batteritid, varme og treghet. If\u00f8lge ryktene har iOS 26 v\u00e6rt spesielt krevende for enkelte modeller, og det kan v\u00e6re en av grunnene til at Apple n\u00e5 vil prioritere optimalisering.<\/p>\n<p>Forbereder systemet for ny maskinvare<\/p>\n<p>Utviklere og ingeni\u00f8rer skal samtidig arbeide med \u00e5 sikre at iOS 27 fungerer godt p\u00e5 fremtidige produkter, blant annet ryktene om brettbare iPhones og annen ny maskinvare som krever ekstra tilpasning.<\/p>\n<p>Litt nytt kommer likevel<\/p>\n<p>Selv om hovedfokuset er stabilitet, forventes det fortsatt noen nyheter knyttet til kunstig intelligens. Blant annet spekuleres det i en KI-basert helseassistent og Apples f\u00f8rste KI-styrte funksjon for netts\u00f8k.<\/p>\n<p>N\u00e5r kommer iOS 27<\/p>\n<p>Apple ventes \u00e5 vise frem iOS 27 i juni, med offisiell lansering i september neste \u00e5r, samtidig med nye iPhone-modeller.<\/p>\n<p><strong>Les ogs\u00e5: <\/strong><a href=\"https:\/\/teksiden.no\/ai\/openai-endret-chatgpt-og-plutselig-mistet-noen-brukere-grepet-om-virkeligheten\/\" rel=\"nofollow noopener\" target=\"_blank\">OpenAI endret ChatGPT \u2013 og plutselig mistet noen brukere grepet om virkeligheten<\/a><\/p>\n","protected":false},"excerpt":{"rendered":"Fokus p\u00e5 ytelse i stedet for nye funksjoner N\u00e5r Apple presenterer iOS 27 til sommeren, blir det etter&hellip;\n","protected":false},"author":2,"featured_media":97862,"comment_status":"","ping_status":"","sticky":false,"template":"","format":"standard","meta":{"footnotes":""},"categories":[57],"tags":[30,28,29,65,63,64,66,70,69,67,68],"class_list":{"0":"post-97861","1":"post","2":"type-post","3":"status-publish","4":"format-standard","5":"has-post-thumbnail","7":"category-vitenskap-og-teknologi","8":"tag-no","9":"tag-norge","10":"tag-norway","11":"tag-science","12":"tag-science-and-technology","13":"tag-scienceandtechnology","14":"tag-technology","15":"tag-teknologi","16":"tag-vitenskap","17":"tag-vitenskap-og-teknologi","18":"tag-vitenskapteknologi"},"share_on_mastodon":{"url":"https:\/\/pubeurope.com\/@no\/115620654934838866","error":""},"_links":{"self":[{"href":"https:\/\/www.europesays.com\/no\/wp-json\/wp\/v2\/posts\/97861","targetHints":{"allow":["GET"]}}],"collection":[{"href":"https:\/\/www.europesays.com\/no\/wp-json\/wp\/v2\/posts"}],"about":[{"href":"https:\/\/www.europesays.com\/no\/wp-json\/wp\/v2\/types\/post"}],"author":[{"embeddable":true,"href":"https:\/\/www.europesays.com\/no\/wp-json\/wp\/v2\/users\/2"}],"replies":[{"embeddable":true,"href":"https:\/\/www.europesays.com\/no\/wp-json\/wp\/v2\/comments?post=97861"}],"version-history":[{"count":0,"href":"https:\/\/www.europesays.com\/no\/wp-json\/wp\/v2\/posts\/97861\/revisions"}],"wp:featuredmedia":[{"embeddable":true,"href":"https:\/\/www.europesays.com\/no\/wp-json\/wp\/v2\/media\/97862"}],"wp:attachment":[{"href":"https:\/\/www.europesays.com\/no\/wp-json\/wp\/v2\/media?parent=97861"}],"wp:term":[{"taxonomy":"category","embeddable":true,"href":"https:\/\/www.europesays.com\/no\/wp-json\/wp\/v2\/categories?post=97861"},{"taxonomy":"post_tag","embeddable":true,"href":"https:\/\/www.europesays.com\/no\/wp-json\/wp\/v2\/tags?post=97861"}],"curies":[{"name":"wp","href":"https:\/\/api.w.org\/{rel}","templated":true}]}}