{"id":97914,"date":"2025-11-27T09:12:16","date_gmt":"2025-11-27T09:12:16","guid":{"rendered":"https:\/\/www.europesays.com\/no\/97914\/"},"modified":"2025-11-27T09:12:16","modified_gmt":"2025-11-27T09:12:16","slug":"mpc-container-ships-oker-forventningene-e24","status":"publish","type":"post","link":"https:\/\/www.europesays.com\/no\/97914\/","title":{"rendered":"MPC Container Ships \u00f8ker forventningene \u2013 E24"},"content":{"rendered":"<p class=\"fullWidthDesktop hyperion-css-71ztg2\" data-test-tag=\"lead-text\">Containerrederiet venter at \u00e5rets resultater vil bli h\u00f8yere enn tidligere varslet. <\/p>\n<p><img decoding=\"async\" class=\"image-asset hyperion-css-u06ts1\" data-test-tag=\"image-asset\" src=\"https:\/\/www.europesays.com\/no\/wp-content\/uploads\/2025\/11\/b475c3cd-246c-4836-86c7-31bd874e2b70\"  alt=\"\"  loading=\"eager\" fetchpriority=\"high\" style=\"aspect-ratio:1900 \/ 1069\"\/> Foto: \u00a0MPC Container ShipsPublisert: Publisert: <\/p>\n<p>For mindre enn 20 minutter siden<\/p>\n<ul class=\"hyperion-css-pte5x0\">\n<li aria-label=\"link\" class=\"narrow-button hyperion-css-1sz7d3n\">Kopier lenke<\/li>\n<li aria-label=\"link\" class=\"wide-button hyperion-css-1sz7d3n\">Kopier lenke<\/li>\n<li aria-label=\"facebook\" class=\"narrow-button hyperion-css-1sz7d3n\">Del p\u00e5 Facebook<\/li>\n<li aria-label=\"facebook\" class=\"wide-button hyperion-css-1sz7d3n\">Del p\u00e5 Facebook<\/li>\n<li aria-label=\"email\" class=\"narrow-button hyperion-css-1sz7d3n\">Del med e-post<\/li>\n<li aria-label=\"email\" class=\"wide-button hyperion-css-1sz7d3n\">Del med e-post<\/li>\n<\/ul>\n<p class=\"hyperion-css-1lemvax\">De mer optimistiske taktene kommer frem i forbindelse med kvartalsrapporten lagt frem torsdag morgen.<\/p>\n<p class=\"hyperion-css-1lemvax\">MPC Container Ships venter n\u00e5 driftsinntekter p\u00e5 500-510 millioner dollar og brutto driftsresultat (ebitda) p\u00e5 330-340 millioner dollar for 2025.<\/p>\n<p class=\"hyperion-css-1lemvax\">Dette er en oppgang fra tidligere \u00abguiding\u00bb ved andrekvartalsrapporten, da de ventet inntekter p\u00e5 485-500 millioner dollar og ebitda p\u00e5 320-335 millioner dollar.<\/p>\n<p><a data-test-tag=\"teaser-small:link-internal\" href=\"https:\/\/e24.no\/boers-og-finans\/i\/43jxVV\/dette-maa-du-vite-om-shipping-slippene-kan-vaere-en-trigger\" class=\"imagePosition-top inline hyperion-css-6238vu\" rel=\"nofollow noopener\" target=\"\" aria-label=\"Dette m\u00e5 du vite om shipping-slippene: \u2013 Kan v\u00e6re en trigger\"><\/p>\n<p>Les p\u00e5 E24+<\/p>\n<p>Dette m\u00e5 du vite om shipping-slippene: \u2013 Kan v\u00e6re en trigger<\/p>\n<p><\/a>Bedre enn ventet<\/p>\n<p class=\"hyperion-css-1lemvax\">Inntektene \u2013 og viktige resultattall \u2013 var lavere i \u00e5rets tredje kvartal, enn i tilsvarende periode i fjor:<\/p>\n<ul class=\"hyperion-css-pkq1ci\" data-test-tag=\"list\">\n<li class=\"hyperion-css-12h2ush\">Driftsinntektene var 125,9 millioner dollar i kvartalet, en nedgang fra 132,5 millioner dollar p\u00e5 samme tid i fjor.<\/li>\n<li class=\"hyperion-css-12h2ush\">Brutto driftsresultat 83,5 millioner dollar, mot 84,8 millioner p\u00e5 samme tid i fjor.<\/li>\n<li class=\"hyperion-css-12h2ush\">Resultat f\u00f8r skatt var 53,5 millioner dollar i perioden, ned fra 63,7 millioner dollar ved samme korsvei i fjor.<\/li>\n<\/ul>\n<p class=\"hyperion-css-1lemvax\">Tallene var likevel bedre enn analytikerne hadde ventet, viser en oversikt over Bloomberg-estimater.<\/p>\n<p>Nytt utbytte<\/p>\n<p class=\"hyperion-css-1lemvax\">Om skipsdagene skriver rederiet at hele kapasiteten de har tilgjengelig for 2025 allerede er dekket av kontrakter, mens for 2026 er 89 prosent av kapasiteten solgt. For 2027 er det tilsvarende tallet p\u00e5 55 prosent. <\/p>\n<p class=\"hyperion-css-1lemvax\">Selskapet vil betale et utbytte p\u00e5 0,05 dollar per aksje for kvartalet.<\/p>\n<p class=\"hyperion-css-1lemvax\">Inn mot rapporten har DNB Carnegie\u00a0<a aria-label=\"gjentatt \u00abselg\u00bb og redusert kursm\u00e5let.\" class=\"default hyperion-css-1rezu2g\" href=\"https:\/\/klikk.abonnement.e24.no\/f\/a\/S8nGSfznbVOM1G649AHoOQ~~\/AAAHahA~\/NtkDoXbsk7QVKCPhJbCfi6bgEaILONpuuhXExt7R-XDmPzp5d74Dzb4JvE84XZjK_VA753z-oChN7NCLaeKX1ZxaGqvlIiRsK5k0wvQDmQie2JqTfrV33vtMM6QzxPEM4Sa1_h4q62nCet9YvqQ0Dg~~\" rel=\"noopener nofollow noreferrer\" data-test-tag=\"external-link\" target=\"_blank\">gjentatt \u00abselg\u00bb og redusert kursm\u00e5let.<\/a><\/p>\n","protected":false},"excerpt":{"rendered":"Containerrederiet venter at \u00e5rets resultater vil bli h\u00f8yere enn tidligere varslet. Foto: \u00a0MPC Container ShipsPublisert: Publisert: For mindre&hellip;\n","protected":false},"author":2,"featured_media":97915,"comment_status":"","ping_status":"","sticky":false,"template":"","format":"standard","meta":{"footnotes":""},"categories":[56],"tags":[60,61,62,30,28,29],"class_list":{"0":"post-97914","1":"post","2":"type-post","3":"status-publish","4":"format-standard","5":"has-post-thumbnail","7":"category-naeringsliv","8":"tag-business","9":"tag-economy","10":"tag-naeringsliv","11":"tag-no","12":"tag-norge","13":"tag-norway"},"share_on_mastodon":{"url":"https:\/\/pubeurope.com\/@no\/115620894968967012","error":""},"_links":{"self":[{"href":"https:\/\/www.europesays.com\/no\/wp-json\/wp\/v2\/posts\/97914","targetHints":{"allow":["GET"]}}],"collection":[{"href":"https:\/\/www.europesays.com\/no\/wp-json\/wp\/v2\/posts"}],"about":[{"href":"https:\/\/www.europesays.com\/no\/wp-json\/wp\/v2\/types\/post"}],"author":[{"embeddable":true,"href":"https:\/\/www.europesays.com\/no\/wp-json\/wp\/v2\/users\/2"}],"replies":[{"embeddable":true,"href":"https:\/\/www.europesays.com\/no\/wp-json\/wp\/v2\/comments?post=97914"}],"version-history":[{"count":0,"href":"https:\/\/www.europesays.com\/no\/wp-json\/wp\/v2\/posts\/97914\/revisions"}],"wp:featuredmedia":[{"embeddable":true,"href":"https:\/\/www.europesays.com\/no\/wp-json\/wp\/v2\/media\/97915"}],"wp:attachment":[{"href":"https:\/\/www.europesays.com\/no\/wp-json\/wp\/v2\/media?parent=97914"}],"wp:term":[{"taxonomy":"category","embeddable":true,"href":"https:\/\/www.europesays.com\/no\/wp-json\/wp\/v2\/categories?post=97914"},{"taxonomy":"post_tag","embeddable":true,"href":"https:\/\/www.europesays.com\/no\/wp-json\/wp\/v2\/tags?post=97914"}],"curies":[{"name":"wp","href":"https:\/\/api.w.org\/{rel}","templated":true}]}}