{"id":97924,"date":"2025-11-27T09:25:08","date_gmt":"2025-11-27T09:25:08","guid":{"rendered":"https:\/\/www.europesays.com\/no\/97924\/"},"modified":"2025-11-27T09:25:08","modified_gmt":"2025-11-27T09:25:08","slug":"kjor-etter-forholdene-stor-oslo","status":"publish","type":"post","link":"https:\/\/www.europesays.com\/no\/97924\/","title":{"rendered":"\u2013 Kj\u00f8r etter forholdene \u2013 Stor-Oslo"},"content":{"rendered":"<p>Det er glatte veier flere steder i landet.<\/p>\n<p>Ikke minst i Akershus, hvor det har v\u00e6rt to kjedekollisjoner torsdag morgen.<\/p>\n<p>\u2013 Vi oppfordrer om \u00e5 kj\u00f8re etter forholdene, sier Melissa Krag M\u00f8rk i \u00d8st politidistrikt.<\/p>\n<p><strong>\u2013 Som man alltid gj\u00f8r, legger hun til.<\/strong><\/p>\n<p>Hun ber ogs\u00e5 folk beregne lengre bremsetid.<\/p>\n<p>N\u00f8detatene m\u00e5tte ta seg frem til fots<\/p>\n<p>N\u00f8detatene sliter ogs\u00e5 p\u00e5 det glatte f\u00f8ret. P\u00e5 Kongsberg i Buskerud var det full utrykning etter en utforkj\u00f8ring.<\/p>\n<p>\u2013 N\u00f8detatene er fremme. Det er s\u00e5 glatt at de m\u00e5tte ta seg til fots det siste stykke frem til bilen, melder Roger Aaser i S\u00f8r-\u00d8st politidistrikt.<\/p>\n<p>Han melder videre at strekningen n\u00e5 blir str\u00f8dd.<\/p>\n<p>10 biler p\u00e5 10 minutter<\/p>\n<p>I Akershus fikk flere bilister erfare de glatte veiene.<\/p>\n<p><strong>Totalt 10 biler var involvert i kollisjoner i l\u00f8pet av ti minutter rundt klokken 8 p\u00e5 Romerike.<\/strong><\/p>\n<p>Ingen har blitt alvorlig skadet i ulykkene. Krag M\u00f8rk advarer om at det kan v\u00e6re glatt ogs\u00e5 p\u00e5 E6 inn til Oslo.<\/p>\n<p>\u2013 Ta h\u00f8yde for at det er glatt. Det kan ha hatt en medvirkende \u00e5rsak i disse ulykkene, sier Krag M\u00f8rk.<\/p>\n<p><img decoding=\"async\"   src=\"data:image\/gif;base64,R0lGODlhAQABAIAAAAAAAP\/\/\/yH5BAEAAAAALAAAAAABAAEAAAIBRAA7\" loading=\"eager\" alt=\"kl\u00f8fta 2\" title=\"Foto: Skjermdump Statens Vegvesen\"\/><\/p>\n<p class=\"\">Og slik ser det ut p\u00e5 Kl\u00f8fta<\/p>\n<p>Foto: Skjermdump Statens Vegvesen<\/p>\n<p>Glatt i Telemark<\/p>\n<p>Ogs\u00e5 i Grenland i Telemark har flere tipset NRK om s\u00e5peglatte veier.<\/p>\n<p>I B\u00f8 har det kommet et tynt lag med sn\u00f8, blandet med regn som har fryst p\u00e5 bakken. Det gir glatte forhold og litt slaps, forteller Thorbj\u00f8rn Dyrland.<\/p>\n<p>\u2013 Det er f\u00f8rste sn\u00f8fall for mange, s\u00e5 det gjelder \u00e5 kj\u00f8re forsiktig. Jeg fikk beskjed om \u00e5 kj\u00f8re fortere fordi jeg var sein, men det gikk ikke. Jeg m\u00e5tte roe ned, sier han.<\/p>\n<p><img decoding=\"async\"   src=\"data:image\/gif;base64,R0lGODlhAQABAIAAAAAAAP\/\/\/yH5BAEAAAAALAAAAAABAAEAAAIBRAA7\" loading=\"eager\" alt=\"Thorbj\u00f8rn Dyrland\" title=\"Foto: Stian W\u00e5sj\u00f8 Simonsen \/ NRK\"\/><\/p>\n<p>Foto: Stian W\u00e5sj\u00f8 Simonsen \/ NRK<\/p>\n<p>Ogs\u00e5 Samuel Pedersen merket utfordringene p\u00e5 morgenkj\u00f8returen. Han sier det gikk greit fordi bilen har piggdekk, men understreker at forholdene er krevende.<\/p>\n<p>\u2013 Det ligger slaps og is p\u00e5 veien, s\u00e5 folk m\u00e5 v\u00e6re oppmerksomme. Minusgrader og regn kan bli veldig farlig, spesielt p\u00e5 sideveiene, forklarer han.<\/p>\n<p><img decoding=\"async\"   src=\"data:image\/gif;base64,R0lGODlhAQABAIAAAAAAAP\/\/\/yH5BAEAAAAALAAAAAABAAEAAAIBRAA7\" loading=\"eager\" alt=\"mann forran en bil\" title=\"Foto: Stian W\u00e5sj\u00f8 Simonsen \/ NRK\"\/><\/p>\n<p>Foto: Stian W\u00e5sj\u00f8 Simonsen \/ NRK<\/p>\n<p>Pedersen forteller at han kom fra en sidevei med blank is og m\u00e5tte senke farten betydelig.<\/p>\n<p>\u2013 Da m\u00e5tte jeg ta det veldig med ro. Det anbefaler jeg folk \u00e5 gj\u00f8re i dag, sier han.<\/p>\n<p>Sender ut farevarsel<\/p>\n<p>Meteorologisk institutt har sendt ut farevarsel om vanskelige kj\u00f8reforhold i indre str\u00f8k i S\u00f8r-Norge<\/p>\n<p>I deler av Innlandet, Telemark og Buskerud er det fare for is og regn som kan fryse p\u00e5 kald bakke etter overgang til mildv\u00e6r.<\/p>\n<p>Meteorologisk institutt har sendt ut et gult farevarsel om is torsdag. Det gjelder omr\u00e5der i Innlandet med Tynset, Lom, Trysil og Lillehammer, samt indre deler av Telemark og Buskerud.<\/p>\n<p>\u2013 Her er det minusgrader mange steder i morgentimene og med regn og yr kan det bli glatt. Kj\u00f8r forsiktig, melder Yr.<\/p>\n<p>Det advares om vanskelige kj\u00f8reforhold.<\/p>\n<p>Transporttjenester kan ogs\u00e5 bli p\u00e5virket og det oppfordres om \u00e5 beregne ekstra tid p\u00e5 veiene.<\/p>\n<p>Samtidig anbefales det bruk av brodder og piggsko for de g\u00e5ende. Det er fare for h\u00e5lkef\u00f8re og Yr skriver at man b\u00f8r v\u00e6re oppmerksom p\u00e5 at isen kan v\u00e6re vanskelig \u00e5 se.<\/p>\n<p>Publisert<\/p>\n<p>27.11.2025, kl. 09.30<\/p>\n<p>Oppdatert<\/p>\n<p>27.11.2025, kl. 10.06<\/p>\n","protected":false},"excerpt":{"rendered":"Det er glatte veier flere steder i landet. Ikke minst i Akershus, hvor det har v\u00e6rt to kjedekollisjoner&hellip;\n","protected":false},"author":2,"featured_media":97925,"comment_status":"","ping_status":"","sticky":false,"template":"","format":"standard","meta":{"footnotes":""},"categories":[10],"tags":[20,21,24,25,15,22,23,13,30,28,29,14,16,26,27],"class_list":{"0":"post-97924","1":"post","2":"type-post","3":"status-publish","4":"format-standard","5":"has-post-thumbnail","7":"category-norge","8":"tag-breaking-news","9":"tag-breakingnews","10":"tag-featured-news","11":"tag-featurednews","12":"tag-headlines","13":"tag-latest-news","14":"tag-latestnews","15":"tag-news","16":"tag-no","17":"tag-norge","18":"tag-norway","19":"tag-nyheter","20":"tag-overskrifter","21":"tag-top-stories","22":"tag-topstories"},"share_on_mastodon":{"url":"https:\/\/pubeurope.com\/@no\/115620946080031785","error":""},"_links":{"self":[{"href":"https:\/\/www.europesays.com\/no\/wp-json\/wp\/v2\/posts\/97924","targetHints":{"allow":["GET"]}}],"collection":[{"href":"https:\/\/www.europesays.com\/no\/wp-json\/wp\/v2\/posts"}],"about":[{"href":"https:\/\/www.europesays.com\/no\/wp-json\/wp\/v2\/types\/post"}],"author":[{"embeddable":true,"href":"https:\/\/www.europesays.com\/no\/wp-json\/wp\/v2\/users\/2"}],"replies":[{"embeddable":true,"href":"https:\/\/www.europesays.com\/no\/wp-json\/wp\/v2\/comments?post=97924"}],"version-history":[{"count":0,"href":"https:\/\/www.europesays.com\/no\/wp-json\/wp\/v2\/posts\/97924\/revisions"}],"wp:featuredmedia":[{"embeddable":true,"href":"https:\/\/www.europesays.com\/no\/wp-json\/wp\/v2\/media\/97925"}],"wp:attachment":[{"href":"https:\/\/www.europesays.com\/no\/wp-json\/wp\/v2\/media?parent=97924"}],"wp:term":[{"taxonomy":"category","embeddable":true,"href":"https:\/\/www.europesays.com\/no\/wp-json\/wp\/v2\/categories?post=97924"},{"taxonomy":"post_tag","embeddable":true,"href":"https:\/\/www.europesays.com\/no\/wp-json\/wp\/v2\/tags?post=97924"}],"curies":[{"name":"wp","href":"https:\/\/api.w.org\/{rel}","templated":true}]}}