{"id":97942,"date":"2025-11-27T09:39:03","date_gmt":"2025-11-27T09:39:03","guid":{"rendered":"https:\/\/www.europesays.com\/no\/97942\/"},"modified":"2025-11-27T09:39:03","modified_gmt":"2025-11-27T09:39:03","slug":"norge-evakuerte-13-pasienter-i-oppdrag-nummer-175","status":"publish","type":"post","link":"https:\/\/www.europesays.com\/no\/97942\/","title":{"rendered":"Norge evakuerte 13 pasienter i oppdrag nummer 175"},"content":{"rendered":"<p>  Onsdag landet nok et fly med evakuerte pasienter fra Ukraina i Norge. Dette var evakueringsoppdrag nummer 175 siden juni 2022.<\/p>\n<p>\n    Forsvarssjef Eirik Kristoffersen om bord i et fly med medisinsk evakuerte ukrainere som landet p\u00e5 den milit\u00e6re flyplassen p\u00e5 Gardermoen onsdag ettermiddag. Dette var flyevakuering nummer 175 siden Norge begynte med disse flygingene i juni 2022. Foto: Thomas Fure \/ NTB\n  <\/p>\n<p>SAS-flyet som landet p\u00e5 Gardermoen onsdag, har fraktet ut 13 pasienter og fire p\u00e5r\u00f8rende fra Polen, og to av disse ble sendt til Norge etter at flyet mellomlandet i b\u00e5de Tyskland og Frankrike f\u00f8r siste etappe til Norge.<\/p>\n<p>\u2013 Etter i dag har Norge evakuert over 2600 pasienter til ti forskjellige land i Europa, inkludert Norge, sier forsvarssjef Eirik Kristoffersen til NTB.<\/p>\n<p>I tillegg kommer rundt 1000 p\u00e5r\u00f8rende siden Norge startet opp evakuering med fly i juni 2022. Dette oppdraget er den st\u00f8rste luftevakueringen Norge har gjort.<\/p>\n<p>\u2013 St\u00f8tten til Ukraina er det viktigste vi gj\u00f8r. Det gj\u00f8r vi b\u00e5de gjennom donasjoner, trening av ukrainske styrker og medisinsk evakuering slik vi ser i dag, sier Kristoffersen.<\/p>\n<p>Egen avtale med SAS\t<\/p>\n<p>Flyet er en Boeing 737 fra SAS som er innredet som en luftambulanse, der man kan ivareta pasientene fram til destinasjonslandet. De d\u00e5rligste pasientene kan ogs\u00e5 legges p\u00e5 respirator. Forsvarets har en egen avtale med SAS hvor et kommersielt SAS-fly innredes for luftevakuering. I noen tilfeller har ogs\u00e5 Hercules-fly fra Forsvaret st\u00e5tt for evakueringen.<\/p>\n<p>          <img loading=\"lazy\" decoding=\"async\" src=\"https:\/\/www.europesays.com\/no\/wp-content\/uploads\/2025\/11\/83905397.webp\" width=\"980\" height=\"559\" title=\"Forsvarssjef Eirik Kristoffersen p\u00e5 vei ut av i et fly med medisinsk evakuerte ukrainere som landet p\u00e5 den milit\u00e6re flyplassen p\u00e5 Gardermoen onsdag ettermiddag. Foto: Thomas Fure \/ NTB\" alt=\"\" class=\"\" style=\"--aspect-ratio-image: 1.75; \"\/><\/p>\n<p>\n          Forsvarssjef Eirik Kristoffersen p\u00e5 vei ut av i et fly med medisinsk evakuerte ukrainere som landet p\u00e5 den milit\u00e6re flyplassen p\u00e5 Gardermoen onsdag ettermiddag. Foto: Thomas Fure \/ NTB\n      <\/p>\n<p>Pasientene som har blitt evakuerte er b\u00e5de sivile og milit\u00e6re, da en av de viktigste oppgavene i hjelpearbeidet til Ukraina er \u00e5 avlaste det ukrainske helsevesenet i den sv\u00e6rt krevende situasjonen de st\u00e5r i under krigen mot Russland. <\/p>\n<p>Evakueringen skjer gjennom EUs ordning for sivil beredskap (UCPM) som koordinerer med europeiske land hvem som skal ta imot pasientene. Mange land har kapasitet for sykehusbehandling, men ikke egnede transportmuligheter for medisinsk evakuering. <\/p>\n<p>Meningsfylte oppdrag\t<\/p>\n<p>Den norske lufttransporten bidrar til \u00e5 utnytte sykehuskapasiteten som finnes i mange land for \u00e5 avlaste Ukraina.<\/p>\n<p>\u2013 Dette er sv\u00e6rt meningsfylte oppdrag for oss, b\u00e5de for \u00e5 hjelpe den enkelte pasient, og for \u00e5 avlaste helsetjenestene i Ukraina, sier sjef for Forsvarets sanitet, Petter Iversen.<\/p>\n<p>Koordineringssenteret ved Oslo universitetssykehus avgj\u00f8r sammen med de regionale helseforetakene hvor de ulike pasientene som fraktes hit til landet, skal p\u00e5 sykehus, ut ifra hva slags skader eller sykdommer de har og kapasiteten p\u00e5 sykehusene.<\/p>\n<p>Ved siden av forsvarssjefen var ogs\u00e5 Oleksiy Gavrysh \u2013 den ukrainske ambassad\u00f8ren i Norge \u2013 til stede da evakueringsflyet landet p\u00e5 Gardermoen onsdag ettermiddag.<\/p>\n","protected":false},"excerpt":{"rendered":"Onsdag landet nok et fly med evakuerte pasienter fra Ukraina i Norge. Dette var evakueringsoppdrag nummer 175 siden&hellip;\n","protected":false},"author":2,"featured_media":97943,"comment_status":"","ping_status":"","sticky":false,"template":"","format":"standard","meta":{"footnotes":""},"categories":[12],"tags":[20,21,24,25,15,22,23,13,30,28,29,14,16,26,27,42,43,44,45],"class_list":{"0":"post-97942","1":"post","2":"type-post","3":"status-publish","4":"format-standard","5":"has-post-thumbnail","7":"category-verden","8":"tag-breaking-news","9":"tag-breakingnews","10":"tag-featured-news","11":"tag-featurednews","12":"tag-headlines","13":"tag-latest-news","14":"tag-latestnews","15":"tag-news","16":"tag-no","17":"tag-norge","18":"tag-norway","19":"tag-nyheter","20":"tag-overskrifter","21":"tag-top-stories","22":"tag-topstories","23":"tag-verden","24":"tag-world","25":"tag-world-news","26":"tag-worldnews"},"share_on_mastodon":{"url":"https:\/\/pubeurope.com\/@no\/115621001000627786","error":""},"_links":{"self":[{"href":"https:\/\/www.europesays.com\/no\/wp-json\/wp\/v2\/posts\/97942","targetHints":{"allow":["GET"]}}],"collection":[{"href":"https:\/\/www.europesays.com\/no\/wp-json\/wp\/v2\/posts"}],"about":[{"href":"https:\/\/www.europesays.com\/no\/wp-json\/wp\/v2\/types\/post"}],"author":[{"embeddable":true,"href":"https:\/\/www.europesays.com\/no\/wp-json\/wp\/v2\/users\/2"}],"replies":[{"embeddable":true,"href":"https:\/\/www.europesays.com\/no\/wp-json\/wp\/v2\/comments?post=97942"}],"version-history":[{"count":0,"href":"https:\/\/www.europesays.com\/no\/wp-json\/wp\/v2\/posts\/97942\/revisions"}],"wp:featuredmedia":[{"embeddable":true,"href":"https:\/\/www.europesays.com\/no\/wp-json\/wp\/v2\/media\/97943"}],"wp:attachment":[{"href":"https:\/\/www.europesays.com\/no\/wp-json\/wp\/v2\/media?parent=97942"}],"wp:term":[{"taxonomy":"category","embeddable":true,"href":"https:\/\/www.europesays.com\/no\/wp-json\/wp\/v2\/categories?post=97942"},{"taxonomy":"post_tag","embeddable":true,"href":"https:\/\/www.europesays.com\/no\/wp-json\/wp\/v2\/tags?post=97942"}],"curies":[{"name":"wp","href":"https:\/\/api.w.org\/{rel}","templated":true}]}}