{"id":97949,"date":"2025-11-27T09:51:10","date_gmt":"2025-11-27T09:51:10","guid":{"rendered":"https:\/\/www.europesays.com\/no\/97949\/"},"modified":"2025-11-27T09:51:10","modified_gmt":"2025-11-27T09:51:10","slug":"emma-ellingsen-karet-til-arets-best-kledde-kvinne-2025","status":"publish","type":"post","link":"https:\/\/www.europesays.com\/no\/97949\/","title":{"rendered":"Emma Ellingsen k\u00e5ret til \u00e5rets best kledde kvinne 2025"},"content":{"rendered":"<p class=\"kicker \" style=\"\">Jan Thomas<\/p>\n<p>  &#8211; Med en gjennomf\u00f8rt stil viser hun at mote<br \/>\nhandler om langt mer enn kl\u00e6r, sier Jan Thomas om \u00e5rets vinner.\u00a0<\/p>\n<p>\n    VINNER: EMMA ELLINGSEN<br \/>\nModell og influenser. FOTO: JULIE PIKE\/KK\n  <\/p>\n<p>Jan Thomas (58) og Ingeborg Heldal (52) smiler bredt n\u00e5r de snakker om \u00e5rets<br \/>\nk\u00e5ring av \u00c5rets best kledde i KK og Se og H\u00f8r.<\/p>\n<p>\u2013 Det er allerede et \u00e5r siden sist, og endelig tid for oss to til \u00e5<br \/>\ngj\u00f8re noe av det vi gleder oss s\u00e5 utrolig mye til hvert eneste \u00e5r, sier Jan<br \/>\nThomas.<\/p>\n<p>        \u00c5RETS ROMANSE?: De to deltakerne forteller at de har f\u00e5tt en god tone i l\u00f8pet av deltakelsen i \u00abSkal vi danse\u00bb. Video: Nora Skavhaug\/Thea Hope\/R\u00f8d L\u00f8per<\/p>\n<p class=\"font-weight-bold m-font-weight-bold\" data-lab-font_weight=\"font-weight-bold\">I \u00e5r er det Emma Ellingsen som f\u00e5r tittelen. For begge har valget<br \/>\nf\u00f8ltes helt naturlig.<\/p>\n<p>\u2013 Det er en udelt glede \u00e5 kunne si at vinneren er Emma Ellingsen, sier<br \/>\nIngeborg. <\/p>\n<p>\u2013 For k\u00e5ringen handler om mer enn kl\u00e6r. Det er en hyllest til det hun<br \/>\nst\u00e5r for.<\/p>\n<p>De beskriver Emma med ord de har brukt mange ganger f\u00f8r:<\/p>\n<p>\u2013 Hun har en sjelden evne til \u00e5 kombinere motebevissthet med naturlig<br \/>\neleganse og masse personlighet, sier Jan Thomas. <\/p>\n<p>    3. plass: PIA TJELTA<\/p>\n<p>            <img loading=\"lazy\" decoding=\"async\" src=\"https:\/\/www.europesays.com\/no\/wp-content\/uploads\/2025\/11\/83864437.webp\" width=\"579\" height=\"782\" title=\"3. plass: PIA TJELTA\" alt=\"\" class=\"\" style=\"--aspect-ratio-image: 0.74; \"\/><\/p>\n<p class=\"font-weight-bold m-font-weight-bold\" data-lab-font_weight=\"font-weight-bold\">Hun er etter hvert blitt en gjenganger p\u00e5 denne listen, og det<br \/>\nmed god grunn. Pia er en av landets mest stilsikre kvinner, og<br \/>\ner p\u00e5 mange m\u00e5ter selve definisjonen p\u00e5 klassisk og feminin<br \/>\nstil.\u00a0<\/p>\n<p>Det er liksom noe parisisk over det. Tr\u00e8s chic, utvilsomt \u2013<br \/>\nmed referanser til luksusmotehus som Isabel Marant og ikke<br \/>\nminst Dior.<\/p>\n<p>\u00a0I fjor prydet hun KK-forsiden sammen med datteren<br \/>\nSofia, kledd fra topp til t\u00e5 i nettopp Dior \u2013 og begge figurerer<br \/>\np\u00e5 \u00e5rets liste.\u00a0<\/p>\n<p>Pia er dessuten godt over gjennomsnittet<br \/>\ninteressert i nettopp mote, og har sitt eget selvtitulerte<br \/>\nklesmerke som blant andre kronprinsesse Mette-Marit til<br \/>\nstadighet velger \u00e5 bruke om og om igjen. <\/p>\n<p>      Vis mer<br \/>\n      Vis mindre<\/p>\n<p>    2. plass: RENATE REINSVE<\/p>\n<p>            <img loading=\"lazy\" decoding=\"async\" src=\"https:\/\/www.europesays.com\/no\/wp-content\/uploads\/2025\/11\/83864427.webp\" width=\"579\" height=\"840\" title=\"2. plass: RENATE REINSVE\" alt=\"\" class=\"\" style=\"--aspect-ratio-image: 0.69; \"\/><\/p>\n<p class=\"font-weight-bold m-font-weight-bold\" data-lab-font_weight=\"font-weight-bold\">Renate er ikke bare en av v\u00e5re st\u00f8rste filmstjerner, hun er<br \/>\nogs\u00e5 blitt en ekte moteyndling. Og etter hvert er hun ogs\u00e5<br \/>\nlandet mer i egen stil.\u00a0<\/p>\n<p>Hun er p\u00e5 mange m\u00e5ter uten<br \/>\nsidestykke. P\u00e5 den r\u00f8de l\u00f8peren og p\u00e5 f\u00f8rste rad under de<br \/>\ninternasjonale moteukene er hun en selvskreven gjest. Som<br \/>\nambassad\u00f8r for Louis Vuitton er hun mer eller mindre<br \/>\nprogramforpliktet til \u00e5 b\u00e6re dere design, og det gj\u00f8r hun<br \/>\nmed bravur.\u00a0<\/p>\n<p>Det er ofte noks\u00e5 \u00abenkelt\u00bb \u2013 en slags skandinavisk<br \/>\nminimalisme i m\u00f8te med uventede detaljer, gjerne noe litt<br \/>\nedgy. Det er etter hvert blitt hennes signatur, og gj\u00f8r at hun<br \/>\nskiller seg ut. Ikke s\u00e5 dumt, og ogs\u00e5 grunnen til at hun gang<br \/>\np\u00e5 gang topper best kledde-lister ogs\u00e5 internasjonalt.<br \/>\nHun er utvilsomt en sv\u00e6rt god representant for Norge<br \/>\nog norsk mote.<\/p>\n<p>      Vis mer<br \/>\n      Vis mindre<\/p>\n<p>    VINNER: EMMA ELLINGSEN<\/p>\n<p>            <img loading=\"lazy\" decoding=\"async\" src=\"https:\/\/www.europesays.com\/no\/wp-content\/uploads\/2025\/11\/83866482.webp\" width=\"579\" height=\"869\" title=\"VINNER: EMMA ELLINGSEN\" alt=\"\" class=\"\" style=\"--aspect-ratio-image: 0.67; \"\/><\/p>\n<p class=\"font-weight-bold m-font-weight-bold\" data-lab-font_weight=\"font-weight-bold\">Emma er allerede et stilikon for en ny<br \/>\ngenerasjon. Hun har klart kunststykket<br \/>\n\u00e5 kombinere high fashion \u2013 gjennom<br \/>\njobben som modell p\u00e5 den internasjonale<br \/>\ncatwalken \u2013 med en personlig, leken<br \/>\nstil som springer ut av selvsikkerhet og<br \/>\nidentitet. Det handler om \u00e5 f\u00f8le seg vel.<br \/>\nOg det er tross alt det viktigste.<\/p>\n<p>Hun kler seg alltid med en trygghet som str\u00e5ler innenfra, enten hun g\u00e5r p\u00e5 r\u00f8d l\u00f8per i couture eller trasker rundt i sneakers en hverdag. Det handler ikke om merker eller trender, men om roen og selvtilliten hun b\u00e6rer alt med, sier hun.<\/p>\n<p>Hun representerer en ny generasjon stil \u2013 modig, autentisk og uanstrengt kul. Emma viser at mote kan v\u00e6re b\u00e5de lekent og ekte p\u00e5 samme tid.\u00a0<\/p>\n<p>Hun t\u00f8r \u00e5 v\u00e6re seg selv fullt og helt, og det synes. Det er denne blandingen av individualitet, sjarm og integritet som gj\u00f8r at alt hun tar p\u00e5 seg ser ut som hennes eget.<\/p>\n<p>      Vis mer<br \/>\n      Vis mindre<\/p>\n","protected":false},"excerpt":{"rendered":"Jan Thomas &#8211; Med en gjennomf\u00f8rt stil viser hun at mote handler om langt mer enn kl\u00e6r, sier&hellip;\n","protected":false},"author":2,"featured_media":97950,"comment_status":"","ping_status":"","sticky":false,"template":"","format":"standard","meta":{"footnotes":""},"categories":[58],"tags":[4104,2282,71,2286,479,30,28,29,72],"class_list":{"0":"post-97949","1":"post","2":"type-post","3":"status-publish","4":"format-standard","5":"has-post-thumbnail","7":"category-underholdning","8":"tag-eksklusivt","9":"tag-emma-ellingsen","10":"tag-entertainment","11":"tag-jan-thomas","12":"tag-kjendis","13":"tag-no","14":"tag-norge","15":"tag-norway","16":"tag-underholdning"},"share_on_mastodon":{"url":"https:\/\/pubeurope.com\/@no\/115621048226969993","error":""},"_links":{"self":[{"href":"https:\/\/www.europesays.com\/no\/wp-json\/wp\/v2\/posts\/97949","targetHints":{"allow":["GET"]}}],"collection":[{"href":"https:\/\/www.europesays.com\/no\/wp-json\/wp\/v2\/posts"}],"about":[{"href":"https:\/\/www.europesays.com\/no\/wp-json\/wp\/v2\/types\/post"}],"author":[{"embeddable":true,"href":"https:\/\/www.europesays.com\/no\/wp-json\/wp\/v2\/users\/2"}],"replies":[{"embeddable":true,"href":"https:\/\/www.europesays.com\/no\/wp-json\/wp\/v2\/comments?post=97949"}],"version-history":[{"count":0,"href":"https:\/\/www.europesays.com\/no\/wp-json\/wp\/v2\/posts\/97949\/revisions"}],"wp:featuredmedia":[{"embeddable":true,"href":"https:\/\/www.europesays.com\/no\/wp-json\/wp\/v2\/media\/97950"}],"wp:attachment":[{"href":"https:\/\/www.europesays.com\/no\/wp-json\/wp\/v2\/media?parent=97949"}],"wp:term":[{"taxonomy":"category","embeddable":true,"href":"https:\/\/www.europesays.com\/no\/wp-json\/wp\/v2\/categories?post=97949"},{"taxonomy":"post_tag","embeddable":true,"href":"https:\/\/www.europesays.com\/no\/wp-json\/wp\/v2\/tags?post=97949"}],"curies":[{"name":"wp","href":"https:\/\/api.w.org\/{rel}","templated":true}]}}