{"id":97981,"date":"2025-11-27T10:21:07","date_gmt":"2025-11-27T10:21:07","guid":{"rendered":"https:\/\/www.europesays.com\/no\/97981\/"},"modified":"2025-11-27T10:21:07","modified_gmt":"2025-11-27T10:21:07","slug":"rosenborg-erlend-dahl-reitan-rosenborg-profil-erlend-dahl-reitan-forlater-klubben","status":"publish","type":"post","link":"https:\/\/www.europesays.com\/no\/97981\/","title":{"rendered":"Rosenborg, Erlend Dahl Reitan | Rosenborg-profil Erlend Dahl Reitan forlater klubben"},"content":{"rendered":"\n<p>Rosenborg bekrefter at 28-\u00e5ringen forlater klubben ved nytt\u00e5r n\u00e5r kontrakten hans g\u00e5r ut, noe <a href=\"https:\/\/www.nettavisen.no\/sport\/rosenborg-profil-ferdig-i-klubben\/s\/5-95-2550843\" rel=\"Follow nofollow noopener\" target=\"_blank\">Nettavisen erfarte tidligere i h\u00f8st<\/a>. <\/p>\n<p>Tr\u00f8nderen ble fostret opp i Rosenborgs akademi og debuterte for A-laget tilbake i 2016. Etter ni sesonger forlater han alts\u00e5 RBK. <\/p>\n<p>\u2013 Det f\u00f8les selvf\u00f8lgelig veldig vemodig \u00e5 vite at kampen p\u00e5 s\u00f8ndag blir min siste p\u00e5 Lerkendal. Jeg kom til klubben som 14-\u00e5ring og har brukt hele mitt voksne liv her. Det har v\u00e6rt en \u00e6re \u00e5 leve ut guttedr\u00f8mmen i s\u00e5 mange \u00e5r, sier Dahl Reitan til <a href=\"https:\/\/www.rbk.no\/nyheter\/reitan-forlater-rosenborg\" rel=\"Follow nofollow noopener\" target=\"_blank\">RBKs hjemmeside.<\/a> <\/p>\n<p>N\u00e5 skal forsvarsspilleren pr\u00f8ve lykken et annet sted. <\/p>\n<p>\u2013 Samtidig er det en spennende tid foran meg, og jeg gleder meg til \u00e5 ta fatt p\u00e5 en ny utfordring sammen med familien, sier han.<\/p>\n<p>Reitan har spilt over 200 kamper for Rosenborg og var med \u00e5 vinne Eliteserien og cupen i 2016 og 2018. I l\u00f8pet av tiden i RBK har han ogs\u00e5 v\u00e6rt utl\u00e5nt til Bod\u00f8\/Glimt i to perioder. <\/p>\n<p>\u2013 Jeg er utrolig takknemlig for alt klubben har gitt meg av opplevelser, erfaringer og relasjoner. Jeg har v\u00e6rt s\u00e5 heldig \u00e5 f\u00e5 v\u00e6re med p\u00e5 flere seriegull, cupgull og gruppespill i Europa, sier Reitan.<\/p>\n","protected":false},"excerpt":{"rendered":"Rosenborg bekrefter at 28-\u00e5ringen forlater klubben ved nytt\u00e5r n\u00e5r kontrakten hans g\u00e5r ut, noe Nettavisen erfarte tidligere i&hellip;\n","protected":false},"author":2,"featured_media":97982,"comment_status":"","ping_status":"","sticky":false,"template":"","format":"standard","meta":{"footnotes":""},"categories":[59],"tags":[30,28,29,83,82],"class_list":{"0":"post-97981","1":"post","2":"type-post","3":"status-publish","4":"format-standard","5":"has-post-thumbnail","7":"category-sport","8":"tag-no","9":"tag-norge","10":"tag-norway","11":"tag-sport","12":"tag-sports"},"share_on_mastodon":{"url":"https:\/\/pubeurope.com\/@no\/115621166016409657","error":""},"_links":{"self":[{"href":"https:\/\/www.europesays.com\/no\/wp-json\/wp\/v2\/posts\/97981","targetHints":{"allow":["GET"]}}],"collection":[{"href":"https:\/\/www.europesays.com\/no\/wp-json\/wp\/v2\/posts"}],"about":[{"href":"https:\/\/www.europesays.com\/no\/wp-json\/wp\/v2\/types\/post"}],"author":[{"embeddable":true,"href":"https:\/\/www.europesays.com\/no\/wp-json\/wp\/v2\/users\/2"}],"replies":[{"embeddable":true,"href":"https:\/\/www.europesays.com\/no\/wp-json\/wp\/v2\/comments?post=97981"}],"version-history":[{"count":0,"href":"https:\/\/www.europesays.com\/no\/wp-json\/wp\/v2\/posts\/97981\/revisions"}],"wp:featuredmedia":[{"embeddable":true,"href":"https:\/\/www.europesays.com\/no\/wp-json\/wp\/v2\/media\/97982"}],"wp:attachment":[{"href":"https:\/\/www.europesays.com\/no\/wp-json\/wp\/v2\/media?parent=97981"}],"wp:term":[{"taxonomy":"category","embeddable":true,"href":"https:\/\/www.europesays.com\/no\/wp-json\/wp\/v2\/categories?post=97981"},{"taxonomy":"post_tag","embeddable":true,"href":"https:\/\/www.europesays.com\/no\/wp-json\/wp\/v2\/tags?post=97981"}],"curies":[{"name":"wp","href":"https:\/\/api.w.org\/{rel}","templated":true}]}}