{"id":98050,"date":"2025-11-27T11:49:12","date_gmt":"2025-11-27T11:49:12","guid":{"rendered":"https:\/\/www.europesays.com\/no\/98050\/"},"modified":"2025-11-27T11:49:12","modified_gmt":"2025-11-27T11:49:12","slug":"bor-begynne-a-diskutere-dette-na-e24","status":"publish","type":"post","link":"https:\/\/www.europesays.com\/no\/98050\/","title":{"rendered":"\u2013 B\u00f8r begynne \u00e5 diskutere dette n\u00e5 \u2013 E24"},"content":{"rendered":"<p class=\"fullWidthDesktop hyperion-css-71ztg2\" data-test-tag=\"lead-text\">Uten leting kan det bli rask nedtur p\u00e5 norsk sokkel. \u2013 Politikken p\u00e5virker hvor raskt det fallet blir, sier Zero-leder Stig Schj\u00f8lset.<\/p>\n<p><img decoding=\"async\" class=\"image-asset hyperion-css-u06ts1\" data-test-tag=\"image-asset\" src=\"https:\/\/www.europesays.com\/no\/wp-content\/uploads\/2025\/11\/f8a386a3-2731-44a8-8f62-b1371dcfe029\"  alt=\"Bilde fra Johan Castberg-feltet i Barentshavet, med produksjons- og lagringsskipet (FPSO) i midten av bildet. I forgrunnen ligger riggen Transocean Enabler.\"  loading=\"eager\" fetchpriority=\"high\" style=\"aspect-ratio:1900 \/ 1267\"\/>Bilde fra Johan Castberg-feltet i Barentshavet, med produksjons- og lagringsskipet (FPSO) i midten av bildet. I forgrunnen ligger riggen Transocean Enabler. Foto: Cornelius Poppe \/ NTBPublisert: Publisert: <\/p>\n<p>For mindre enn 2 timer siden<\/p>\n<p>Kortversjonen<\/p>\n<ul class=\"hyperion-css-pkq1ci\" data-test-tag=\"list\">\n<li class=\"hyperion-css-12h2ush\">Norges produksjon av olje og gass ventes \u00e5 falle i \u00e5rene fremover, if\u00f8lge anslag fra Sokkeldirektoratet.<\/li>\n<li class=\"hyperion-css-12h2ush\">Norge b\u00f8r ha en plan for omstilling av olje- og gassbransjen, mener partier som MDG, SV og R\u00f8dt, mens Ap og Sp \u00f8nsker mer leting for \u00e5 bremse fallet p\u00e5 sokkelen.<\/li>\n<li class=\"hyperion-css-12h2ush\">Zero-leder Stig Schj\u00f8lset ser behov for en plan for omstilling p\u00e5 norsk sokkel, og advarer mot \u00e5 gi full gass inn i fremtiden.<\/li>\n<li class=\"hyperion-css-12h2ush\">Styrke-leder Frode Alfheim vil ha mer olje- og gassleting og h\u00e5per p\u00e5 nye, store funn slik at Norge kan opprettholde energileveransene til Europa.<\/li>\n<\/ul>\n<p class=\"hyperion-css-10lbhat\">Oppsummeringen er laget av AI-verkt\u00f8yet ChatGPT og kvalitetssikret av E24s journalister<\/p>\n<p>Vis mer <\/p>\n<ul class=\"hyperion-css-pte5x0\">\n<li aria-label=\"link\" class=\"narrow-button hyperion-css-1sz7d3n\">Kopier lenke<\/li>\n<li aria-label=\"link\" class=\"wide-button hyperion-css-1sz7d3n\">Kopier lenke<\/li>\n<li aria-label=\"facebook\" class=\"narrow-button hyperion-css-1sz7d3n\">Del p\u00e5 Facebook<\/li>\n<li aria-label=\"facebook\" class=\"wide-button hyperion-css-1sz7d3n\">Del p\u00e5 Facebook<\/li>\n<li aria-label=\"email\" class=\"narrow-button hyperion-css-1sz7d3n\">Del med e-post<\/li>\n<li aria-label=\"email\" class=\"wide-button hyperion-css-1sz7d3n\">Del med e-post<\/li>\n<\/ul>\n<p class=\"hyperion-css-1lemvax\">Olje og gass <a data-test-tag=\"internal-link\" href=\"https:\/\/e24.no\/energi-og-klima\/i\/Gxl61Q\/oljebransjen-samles-allerede-funnet-mer-enn-nok\" class=\"hyperion-css-1rezu2g\" rel=\"nofollow noopener\" target=\"\" aria-label=\"splitter de fem partiene\">splitter de fem partiene<\/a> som forhandler om statsbudsjettet for 2026.<\/p>\n<p class=\"hyperion-css-1lemvax\">Norsk sokkel begynner \u00e5 bli moden, og det betyr at de som \u00f8nsker en utfasing vil <a data-test-tag=\"internal-link\" href=\"https:\/\/e24.no\/energi-og-klima\/i\/bmlV2q\/olje-og-gass-tar-ut-voldsomt-mye-av-bankkontoen-hvert-aar\" class=\"hyperion-css-1rezu2g\" rel=\"nofollow noopener\" target=\"\" aria-label=\"f\u00e5 hjelp av geologien\">f\u00e5 hjelp av geologien<\/a>.<\/p>\n<p class=\"hyperion-css-1lemvax\">Olje- og gassproduksjonen ligger nemlig an til \u00e5 falle fremover, if\u00f8lge <a data-test-tag=\"internal-link\" href=\"https:\/\/e24.no\/energi-og-klima\/i\/QMgbeJ\/olje-og-gass-full-fart-kan-gi-ekstra-oljefond\" class=\"hyperion-css-1rezu2g\" rel=\"nofollow noopener\" target=\"\" aria-label=\"anslag som Sokkeldirektoratet gjorde i fjor\">anslag som Sokkeldirektoratet gjorde i fjor<\/a>.<\/p>\n<p class=\"hyperion-css-1lemvax\"><strong>\u2013 Vi kommer til \u00e5 f\u00e5 et produksjonsfall p\u00e5 sokkelen, men det er klart at politikken p\u00e5virker hvor raskt det fallet blir, sier Zero-leder Stig Schj\u00f8lset til E24.<\/strong><\/p>\n<p class=\"hyperion-css-1lemvax\">Han tror det kan bli \u00f8kt press for \u00e5 gj\u00f8re det mer l\u00f8nnsomt \u00e5 opprettholde produksjonen. Blant annet ser han en gryende mobilisering for \u00e5 fjerne CO\u2082-avgiftenfjerne CO\u2082-avgiftenEnergidepartementet vil utrede dette, if\u00f8lge budsjettforslaget for 2026: \u00abH\u00f8g karbonpris som f\u00f8lge av dobbel verkemiddelbruk (CO2-avgift og kvotepris) kan mellom anna f\u00f8re til at felt og innretningar blir stengde ned tidlegare enn dei elles ville ha blitt. Departementet vil sette i gang ei ekstern utgreiing av kva effekt den doble verkemiddelbruken kan f\u00e5 for framtidig ressursforvaltning og verdiskaping, p\u00e5 leveransar av olje og gass og produksjonsutsleppa p\u00e5 kontinentalsokkelen.\u00bb p\u00e5 oljen\u00e6ringen.<\/p>\n<p class=\"hyperion-css-1lemvax\">\u2013 Det vil kunne gj\u00f8re det mer l\u00f8nnsomt \u00e5 drive med haleproduksjon p\u00e5 modne felt, sier han.<\/p>\n<p><a data-test-tag=\"teaser-small:link-internal\" href=\"https:\/\/e24.no\/energi-og-klima\/i\/bmlV2q\/olje-og-gass-tar-ut-voldsomt-mye-av-bankkontoen-hvert-aar\" class=\"imagePosition-top inline hyperion-css-6238vu\" rel=\"nofollow noopener\" target=\"\" aria-label=\"Olje og gass: \u2013 Tar ut voldsomt mye av bankkontoen hvert \u00e5r\"><\/p>\n<p>Les ogs\u00e5<\/p>\n<p>Olje og gass: \u2013 Tar ut voldsomt mye av bankkontoen hvert \u00e5r<\/p>\n<p><\/a>Vil ikke diskutere utfasing<\/p>\n<p class=\"hyperion-css-1lemvax\">I 2024 var produksjonen p\u00e5 norsk sokkel p\u00e5 litt over 4 millioner fat oljeekvivalenter per dag.<\/p>\n<p class=\"hyperion-css-1lemvax\"><strong>I et lavt scenario vil dette potensielt kunne falle til rundt 2 millioner fat oljeekvivalenter per dag om ti \u00e5r, anslo Sokkeldirektoratet i fjor.<\/strong><\/p>\n<p class=\"hyperion-css-1lemvax\">Det tilsvarer omtrent produksjonsniv\u00e5et i \u00e5rene 1989\u20131990.<\/p>\n<p class=\"hyperion-css-1lemvax\">I et h\u00f8yt scenario kan produksjonen ligge noks\u00e5 flatt frem mot 2035, anslo direktoratet.<\/p>\n<p><img decoding=\"async\" class=\"image-asset hyperion-css-16e1ts4\" data-test-tag=\"image-asset\" src=\"https:\/\/www.europesays.com\/no\/wp-content\/uploads\/2025\/11\/11770a22-5729-4edd-a2be-9a06127a8783\"  alt=\"Leder Frode Alfheim i Forbundet Styrke.\"  loading=\"eager\" fetchpriority=\"high\" style=\"aspect-ratio:1900 \/ 2572\"\/>Leder Frode Alfheim i Forbundet Styrke. Foto: Ole Berg-Rusten \/ NTB<\/p>\n<p class=\"hyperion-css-1lemvax\">Forskjellen i verdi mellom det lave og det h\u00f8ye scenarioet frem mot 2050 kan tilsvare nesten hele Oljefondet, <a data-test-tag=\"internal-link\" href=\"https:\/\/e24.no\/energi-og-klima\/i\/QMgbeJ\/olje-og-gass-full-fart-kan-gi-ekstra-oljefond\" class=\"hyperion-css-1rezu2g\" rel=\"nofollow noopener\" target=\"\" aria-label=\"hevdet Sokkeldirektoratet i fjor\">hevdet Sokkeldirektoratet i fjor<\/a>.<\/p>\n<p class=\"hyperion-css-1lemvax\"><strong>\u2013 Hvis vi skal v\u00e6re en stabil leverand\u00f8r til Europa m\u00e5 vi ikke begynne \u00e5 diskutere utfasing, sier leder Frode Alfheim i Forbundet Styrke.<\/strong><\/p>\n<p class=\"hyperion-css-1lemvax\">\u2013 Vi m\u00e5 hjelpe Europa med \u00e5 holde liv i sin industri, og dermed ogs\u00e5 sikre at v\u00e5r fastlandsindustri har kunder, sier han.<\/p>\n<p class=\"hyperion-css-1lemvax\">Det er slett ikke sikkert at Sokkeldirektoratets prognoser sl\u00e5r til. Norsk sokkel har overrasket tidligere. Tidligere har myndighetenes forventninger til fremtidig produksjon jevnlig blitt oppjustert (se illustrasjon under).<\/p>\n<p class=\"hyperion-css-1lemvax\">\u2013 Norsk sokkel har v\u00e6rt ganske gode p\u00e5 \u00e5 motvirke sp\u00e5dommer om fallende produksjon, sier Schj\u00f8lset i Zero.<\/p>\n<p class=\"hyperion-css-1lemvax\"><strong>\u2013 Men geologien tilsier at n\u00e5 skal det g\u00e5 nedover. Da blir det spennende \u00e5 se om politikerne vil klare \u00e5 lage en plan for den omstillingen.<\/strong><\/p>\n<p><img decoding=\"async\" class=\"image-asset hyperion-css-u06ts1\" data-test-tag=\"image-asset\" src=\"https:\/\/www.europesays.com\/no\/wp-content\/uploads\/2025\/11\/31f1279f-a750-4209-913c-26f27e520e0a\"  alt=\"Utsiktene til produksjonen p\u00e5 norsk sokkel har blitt oppjustert flere ganger. Dette er anslag fra perspektivmeldingene fra ulike norske regjeringer.\"  loading=\"eager\" fetchpriority=\"high\" style=\"aspect-ratio:653 \/ 323\"\/>Utsiktene til produksjonen p\u00e5 norsk sokkel har blitt oppjustert flere ganger. Dette er anslag fra perspektivmeldingene fra ulike norske regjeringer. Foto: Klimautvalget 2050<a data-test-tag=\"teaser-small:link-internal\" href=\"https:\/\/e24.no\/norsk-oekonomi\/i\/2pn4JR\/mdg-kan-utsette-utfasings-frist-forventer-aa-faa-noe-tilbake\" class=\"imagePosition-top inline hyperion-css-6238vu\" rel=\"nofollow noopener\" target=\"\" aria-label=\"MDG kan utsette utfasings-frist: \u2013 Forventer \u00e5 f\u00e5 noe tilbake\"><\/p>\n<p>Les ogs\u00e5<\/p>\n<p>MDG kan utsette utfasings-frist: \u2013 Forventer \u00e5 f\u00e5 noe tilbake<\/p>\n<p><\/a>\u2013 N\u00e5 m\u00e5 vi vri fokuset<\/p>\n<p class=\"hyperion-css-1lemvax\">\u2013 Er det mulig \u00e5 motvirke det ventede fallet?<\/p>\n<p class=\"hyperion-css-1lemvax\"><strong>\u2013 Effekten av pakken fra 2020 begynner \u00e5 bli ferdig. N\u00e5 m\u00e5 vi vri fokuset over p\u00e5 leting, og pr\u00f8ve \u00e5 finne tilleggsvolumer og forh\u00e5pentligvis gj\u00f8re nye, store funn, sier Alfheim.<\/strong><\/p>\n<p class=\"hyperion-css-1lemvax\">\u2013 Kan vi gj\u00f8re store funn i Barentshavet, s\u00e5 kan det ogs\u00e5 v\u00e6re rom for \u00e5 bygge ny infrastruktur.<\/p>\n<p>Klimautvalget 2050 foreslo nedtrappingsplan:<\/p>\n<p class=\"hyperion-css-ffjyk2\">Det er ikke bare MDG som har tatt til orde for en nedtrappingsplan for norsk sokkel. Klimautvalget 2050 <a data-test-tag=\"internal-link\" href=\"https:\/\/e24.no\/energi-og-klima\/i\/ve25om\/klimautvalg-ber-regjeringen-lage-en-plan-for-nedfasing-av-olje\" class=\"hyperion-css-1rezu2g\" rel=\"nofollow noopener\" target=\"\" aria-label=\"foreslo en slik plan\">foreslo en slik plan<\/a> i 2023.<\/p>\n<p class=\"hyperion-css-ffjyk2\">Norge tjener mye p\u00e5 h\u00f8y utvinning, men har samtidig et globalt ansvar, mente utvalget. De etterlyste en raskere nedtrapping enn planlagt.<\/p>\n<p class=\"hyperion-css-ffjyk2\">\u00abDette er viktig for \u00e5 unng\u00e5 at petroleumssektoren legger beslag p\u00e5 ressurser, inkludert karbonbudsjettet, som trengs til omstilling i andre sektorer, og for \u00e5 forberede norsk n\u00e6ringsstruktur p\u00e5 et globalt energisystem som er i tr\u00e5d med Parisavtalens m\u00e5l\u00bb, skrev utvalget.<\/p>\n<p class=\"hyperion-css-ffjyk2\">S\u00e5 langt vil Norges regjering ikke gj\u00f8re det samme med sin fossilindustri som Tyskland, som har satt en sluttdato for kullkraften.<\/p>\n<p class=\"hyperion-css-ffjyk2\">\u2013 Vi kommer ikke til \u00e5 stoppe utviklingen, <a data-test-tag=\"internal-link\" href=\"https:\/\/e24.no\/energi-og-klima\/i\/WRz42j\/stoere-vil-ikke-ha-oljeslutt-plan\" class=\"hyperion-css-1rezu2g\" rel=\"nofollow noopener\" target=\"\" aria-label=\"sa statsminister Jonas Gahr St\u00f8re til E24 \">sa statsminister Jonas Gahr St\u00f8re til E24 <\/a>etter Klimautvalget 2050-rapporten for to \u00e5r siden.<\/p>\n<p class=\"hyperion-css-ffjyk2\">Utsiktene til fremtidige oljepriser <a data-test-tag=\"internal-link\" href=\"https:\/\/e24.no\/energi-og-klima\/i\/Pp6XE0\/store-sprik-i-ieas-oljeanslag\" class=\"hyperion-css-1rezu2g\" rel=\"nofollow noopener\" target=\"\" aria-label=\"spriker veldig\">spriker veldig<\/a>, alt etter om globalt klimapolitikk lykkes eller feiler.<\/p>\n<p class=\"hyperion-css-ffjyk2\">IEAs klimascenario (NZE) ansl\u00e5r en oljepris p\u00e5 33 dollar fatet i 2035, mens et scenario med tregere omstilling gir en oljepris p\u00e5 89 dollar fatet i samme \u00e5r.<\/p>\n<p>Vis mer<a data-test-tag=\"teaser-small:link-internal\" href=\"https:\/\/e24.no\/energi-og-klima\/i\/Gxl61Q\/oljebransjen-samles-allerede-funnet-mer-enn-nok\" class=\"imagePosition-top inline hyperion-css-6238vu\" rel=\"nofollow noopener\" target=\"\" aria-label=\"Oljebransjen samles: \u2013 Allerede funnet mer enn nok\"><\/p>\n<p>Les ogs\u00e5<\/p>\n<p>Oljebransjen samles: \u2013 Allerede funnet mer enn nok<\/p>\n<p><\/a>Vil ikke gi full gass<\/p>\n<p class=\"hyperion-css-1lemvax\">Zero-lederen tror det kan bli \u00f8kt aksept for en omstillingsplan etter hvert.<\/p>\n<p class=\"hyperion-css-1lemvax\">\u2013 N\u00e5r fallet faktisk kommer og det begynner \u00e5 bli vanskelig, tror jeg fagbevegelsen vil g\u00e5 inn i konstruktive prosesser for \u00e5 se hva vi b\u00f8r gj\u00f8re med n\u00e6ringer og regioner som rammes hardt, sier Schj\u00f8lset.<\/p>\n<p class=\"hyperion-css-1lemvax\">\u2013 Stortingsflertallet og oljeselskapene virker \u00e5 <a data-test-tag=\"internal-link\" href=\"https:\/\/e24.no\/energi-og-klima\/i\/W09XaQ\/derfor-satser-equinor-fortsatt-fossilt\" class=\"hyperion-css-1rezu2g\" rel=\"nofollow noopener\" target=\"\">se liten risiko i \u00e5 lete etter og utvinne mer<\/a> p\u00e5 sokkelen. Har de rett?<\/p>\n<p class=\"hyperion-css-1lemvax\">\u2013 Det er liten risiko i \u00e5 lete n\u00e6r eksisterende infrastruktur. Men vi ser at det ikke er veldig stor appetitt p\u00e5 \u00e5 lete i nye omr\u00e5der i Barentshavet, hvor det kan ta 10-15 \u00e5r f\u00f8r en investering l\u00f8nner seg. Det er <a data-test-tag=\"internal-link\" href=\"https:\/\/e24.no\/energi-og-klima\/i\/Pp6XE0\/store-sprik-i-ieas-oljeanslag\" class=\"hyperion-css-1rezu2g\" rel=\"nofollow noopener\" target=\"\" aria-label=\"veldig stor usikkerhet\">veldig stor usikkerhet<\/a> om ettersp\u00f8rselen p\u00e5 litt lenger sikt, frem mot 2040, sier Schj\u00f8lset.<\/p>\n<p class=\"hyperion-css-1lemvax\">Han mener sokkelen f\u00f8r eller siden m\u00e5 gjennom en omstilling.<\/p>\n<p class=\"hyperion-css-1lemvax\">\u2013 Dette b\u00f8r gjennomg\u00e5s grundig, og vi b\u00f8r begynne \u00e5 diskutere dette n\u00e5, sier Zero-lederen.<\/p>\n<p class=\"hyperion-css-1lemvax\"><strong>\u2013 N\u00e5 deler politikken seg mellom dem som vil gi full gass og de som vil avvikle fortest mulig. Jeg tror l\u00f8sningen ikke ligger i \u00e5 gi full gass helt til vi smeller i veggen, men heller et sted midt i mellom.<\/strong><\/p>\n<p>\u00d8nsker ikke ny pakke<\/p>\n<p class=\"hyperion-css-ffjyk2\">Stortingets krisepakke til oljen\u00e6ringen i 2020 med gunstige skatteregler f\u00f8rte til <a data-test-tag=\"internal-link\" href=\"https:\/\/e24.no\/energi-og-klima\/i\/jlx23w\/olje-og-energidepartementet-godkjenner-19-prosjekter\" class=\"hyperion-css-1rezu2g\" rel=\"nofollow noopener\" target=\"\" aria-label=\"et skred av utbyggingsplaner p\u00e5 sokkelen\">et skred av utbyggingsplaner p\u00e5 sokkelen<\/a>.<\/p>\n<p class=\"hyperion-css-ffjyk2\">Flere av disse utbyggingene er i full gang, inkludert Yggdrasil <a data-test-tag=\"internal-link\" href=\"https:\/\/e24.no\/norsk-oekonomi\/i\/25LzQa\/nye-budsjettanslag-yggdrasil-prosjektet-har-blitt-397-mrd-kroner-dyrere\" class=\"hyperion-css-1rezu2g\" rel=\"nofollow noopener\" target=\"\" aria-label=\"til n\u00e6r 180 milliarder kroner\">til n\u00e6r 180 milliarder kroner<\/a>. Prosjektet <a aria-label=\"skal v\u00e6re i produksjon i 2027\" class=\"default hyperion-css-1rezu2g\" href=\"https:\/\/akerbp.com\/project\/noaka\/\" rel=\"noopener nofollow noreferrer\" data-test-tag=\"external-link\" target=\"_blank\">skal v\u00e6re i produksjon i 2027<\/a>.<\/p>\n<p class=\"hyperion-css-ffjyk2\">Aker BP-sjef Karl Johnny Hersvik <a data-test-tag=\"internal-link\" href=\"https:\/\/e24.no\/energi-og-klima\/i\/LMoMg4\/aker-bp-frykter-brems-i-leverandoerindustrien\" class=\"hyperion-css-1rezu2g\" rel=\"nofollow noopener\" target=\"\" aria-label=\"etterlyste i fjor tiltak for \u00e5 sikre aktiviteten p\u00e5 sokkelen fremover\">etterlyste i fjor tiltak for \u00e5 sikre aktiviteten p\u00e5 sokkelen fremover<\/a>, inkludert mer leting etter olje og gass, men ogs\u00e5 satsing p\u00e5 fornybar energi.<\/p>\n<p class=\"hyperion-css-ffjyk2\">Offshore Norge-sjef Hildegunn Blindheim vil ikke etterlyse en ny krisepakke n\u00e5.<\/p>\n<p class=\"hyperion-css-ffjyk2\">\u2013 Vi ber ikke om en ny pakke, sa hun p\u00e5 et frokostm\u00f8te som Equinor arrangerte i forbindelse med H\u00f8stkonferansen denne uken.<\/p>\n<p>Vis mer<a data-test-tag=\"teaser-small:link-internal\" href=\"https:\/\/e24.no\/energi-og-klima\/i\/W09XaQ\/derfor-satser-equinor-fortsatt-fossilt\" class=\"imagePosition-top inline hyperion-css-6238vu\" rel=\"nofollow noopener\" target=\"\" aria-label=\"Derfor satser Equinor fortsatt fossilt\"><\/p>\n<p>Les ogs\u00e5<\/p>\n<p>Derfor satser Equinor fortsatt fossilt<\/p>\n<p><\/a>Mye debatt om rammevilk\u00e5r<\/p>\n<p class=\"hyperion-css-1lemvax\">Det p\u00e5g\u00e5r flere debatter om oljebransjens rammevilk\u00e5r, inkludert bransjens bruk av kraft fra land, CO\u2082-avgiften og om det b\u00f8r lages en ny petroleumsmelding (se faktaboks).<\/p>\n<p class=\"hyperion-css-1lemvax\">\u2013 Ville ikke en omstillingsplan kunne satt alle disse sp\u00f8rsm\u00e5lene i sammenheng?<\/p>\n<p class=\"hyperion-css-1lemvax\">\u2013 Det har jeg ingen tro p\u00e5, sier Alfheim.<\/p>\n<p class=\"hyperion-css-1lemvax\">\u2013 <a class=\"default hyperion-css-1rezu2g\" href=\"https:\/\/stortinget.no\/no\/Saker-og-publikasjoner\/Publikasjoner\/Representantforslag\/2025-2026\/dok8-202526-025s\/\" rel=\"noopener nofollow noreferrer\" data-test-tag=\"external-link\" target=\"_blank\">H\u00f8yre foresl\u00e5r<\/a> en ny petroleumsmelding. Kan det v\u00e6re et alternativ?<\/p>\n<p class=\"hyperion-css-1lemvax\">\u2013 Det kan man gjerne gj\u00f8re, men jeg mener det viktigste n\u00e5 er \u00e5 ha en aktiv letepolitikk. Det trenger man ikke en melding for \u00e5 f\u00e5 til.<\/p>\n<p>Noen politiske diskusjoner om oljebransjen:<\/p>\n<ul class=\"hyperion-css-pkq1ci\" data-test-tag=\"list\">\n<li class=\"hyperion-css-12h2ush\">Stortinget behandler n\u00e5 hele tre forslag om \u00e5 <strong>begrense oljebransjens bruk av kraft fra land<\/strong>, fordi kraften trengs andre steder<\/li>\n<li class=\"hyperion-css-12h2ush\">Regjeringen vil utrede om oljebransjen skal <strong>slippe \u00e5 betale s\u00e6rnorsk CO\u2082-avgift<\/strong> i tillegg til \u00e5 betale klimakvoter gjennom EUs kvotesystem, for \u00e5 motvirke <a data-test-tag=\"internal-link\" href=\"https:\/\/e24.no\/energi-og-klima\/i\/bmlV2q\/olje-og-gass-tar-ut-voldsomt-mye-av-bankkontoen-hvert-aar\" class=\"hyperion-css-1rezu2g\" rel=\"nofollow noopener\" target=\"\" aria-label=\"et ventet produksjonsfall p\u00e5 sokkelen\">et ventet produksjonsfall p\u00e5 sokkelen<\/a><\/li>\n<li class=\"hyperion-css-12h2ush\">Det er delte syn p\u00e5 Stortinget om <strong>26. konsesjonsrunde <\/strong>p\u00e5 sokkelen, som flertallet <a data-test-tag=\"internal-link\" href=\"https:\/\/e24.no\/energi-og-klima\/i\/lwyOAk\/26-konsesjonsrunde-paa-sokkelen-tybring-gjedde-sikret-flertall\" class=\"hyperion-css-1rezu2g\" rel=\"nofollow noopener\" target=\"\" aria-label=\"banket gjennom i v\u00e5r\">banket gjennom i v\u00e5r<\/a><\/li>\n<li class=\"hyperion-css-12h2ush\">H\u00f8yre <strong><a aria-label=\"foresl\u00e5r en ny stortingsmelding\" class=\"default hyperion-css-1rezu2g\" href=\"https:\/\/stortinget.no\/no\/Saker-og-publikasjoner\/Publikasjoner\/Representantforslag\/2025-2026\/dok8-202526-025s\/\" rel=\"noopener nofollow noreferrer\" data-test-tag=\"external-link\" target=\"_blank\">foresl\u00e5r en ny stortingsmelding<\/a><\/strong> om olje og gass, og peker p\u00e5 at sokkelen er inne i en ny tid med fallende produksjon og geopolitisk uro<\/li>\n<li class=\"hyperion-css-12h2ush\">Det er ogs\u00e5 <a data-test-tag=\"internal-link\" href=\"https:\/\/e24.no\/energi-og-klima\/i\/63Vmer\/havvind-krangel-kan-ikke-gi-blankofullmakt-paa-35-mrd\" class=\"hyperion-css-1rezu2g\" rel=\"nofollow noopener\" target=\"\" aria-label=\"mye debatt om \">mye debatt om <\/a><strong><a data-test-tag=\"internal-link\" href=\"https:\/\/e24.no\/energi-og-klima\/i\/63Vmer\/havvind-krangel-kan-ikke-gi-blankofullmakt-paa-35-mrd\" class=\"hyperion-css-1rezu2g\" rel=\"nofollow noopener\" target=\"\" aria-label=\"statsst\u00f8tte til havvind\">statsst\u00f8tte til havvind<\/a><\/strong>, som er ment \u00e5 bidra med nye jobber i leverand\u00f8rindustrien, og om CO\u2082-rensing og satsing p\u00e5 havbunnsmineraler<\/li>\n<\/ul>\n<p>Vis mer<a data-test-tag=\"teaser-small:link-internal\" href=\"https:\/\/e24.no\/energi-og-klima\/i\/pBgBe6\/equinor-sjefen-aldri-opplevd-saa-stor-usikkerhet\" class=\"imagePosition-top inline hyperion-css-6238vu\" rel=\"nofollow noopener\" target=\"\" aria-label=\"Equinor-sjefen: \u2013 Aldri opplevd s\u00e5 stor usikkerhet\"><\/p>\n<p>Les p\u00e5 E24+<\/p>\n<p>Equinor-sjefen: \u2013 Aldri opplevd s\u00e5 stor usikkerhet<\/p>\n<p><\/a>\u2013 For dyrt<\/p>\n<p class=\"hyperion-css-1lemvax\">Alfheim vil fokusere p\u00e5 \u00e5 ivareta eksisterende arbeidsplasser, heller enn jobber som bare finnes p\u00e5 papiret.<\/p>\n<p class=\"hyperion-css-1lemvax\">\u2013 Det har v\u00e6rt mange urealistiske planer, sier han.<\/p>\n<p class=\"hyperion-css-1lemvax\">Milj\u00f8partiene hevder at investeringer i olje og gass fortrenger investeringer i blant annet havvind, p\u00e5peker Alfheim.<\/p>\n<p class=\"hyperion-css-1lemvax\"><strong>\u2013 Men ingen skal si til meg at investeringene p\u00e5 britisk og dansk sokkel er \u00e5rsaken til at det har v\u00e6rt <\/strong><a data-test-tag=\"internal-link\" href=\"https:\/\/e24.no\/energi-og-klima\/i\/wg4jbP\/dansk-havvind-flopp-maa-jobbe-med-aa-faa-ned-kostnadene\" class=\"hyperion-css-1rezu2g\" rel=\"nofollow noopener\" target=\"\"><strong>utfordringer med auksjonene<\/strong><\/a><strong>. Det er det at det er for dyrt med havvind som er \u00e5rsaken, sier han.<\/strong><\/p>\n<p class=\"hyperion-css-1lemvax\">Den norske regjeringen har v\u00e6rt villig til \u00e5 spleise med industrien p\u00e5 havvind, med <a data-test-tag=\"internal-link\" href=\"https:\/\/e24.no\/energi-og-klima\/i\/XjdeVg\/blar-opp-58-mrd-for-havvind-kunne-vaert-gratis\" class=\"hyperion-css-1rezu2g\" rel=\"nofollow noopener\" target=\"\" aria-label=\"samlet st\u00f8tte p\u00e5 58 milliarder kroner\">samlet st\u00f8tte p\u00e5 58 milliarder kroner<\/a> s\u00f8r i Nordsj\u00f8en og utenfor Rogaland, p\u00e5peker han. N\u00e5 h\u00e5per han prosjektene realiseres.<\/p>\n<p class=\"hyperion-css-1lemvax\">\u2013 Da f\u00e5r leverand\u00f8rindustrien prosjekter, og industrien f\u00e5r tilgang p\u00e5 mer kraft. Og s\u00e5 skal vi jobbe videre med \u00e5 selge CO\u2082-rensing som l\u00f8sning til Europa, og pr\u00f8ve \u00e5 skape l\u00f8nnsomhet i utvinning av havbunnsmineraler.<\/p>\n<p><a data-test-tag=\"teaser-small:link-internal\" href=\"https:\/\/e24.no\/energi-og-klima\/i\/LMoMg4\/aker-bp-frykter-brems-i-leverandoerindustrien\" class=\"imagePosition-top inline hyperion-css-6238vu\" rel=\"nofollow noopener\" target=\"\" aria-label=\"Aker BP: Frykter brems i leverand\u00f8rindustrien\"><\/p>\n<p>Les ogs\u00e5<\/p>\n<p>Aker BP: Frykter brems i leverand\u00f8rindustrien<\/p>\n<p><\/a><\/p>\n","protected":false},"excerpt":{"rendered":"Uten leting kan det bli rask nedtur p\u00e5 norsk sokkel. \u2013 Politikken p\u00e5virker hvor raskt det fallet blir,&hellip;\n","protected":false},"author":2,"featured_media":98051,"comment_status":"","ping_status":"","sticky":false,"template":"","format":"standard","meta":{"footnotes":""},"categories":[10],"tags":[20,21,24,25,15,22,23,13,30,28,29,14,16,26,27],"class_list":{"0":"post-98050","1":"post","2":"type-post","3":"status-publish","4":"format-standard","5":"has-post-thumbnail","7":"category-norge","8":"tag-breaking-news","9":"tag-breakingnews","10":"tag-featured-news","11":"tag-featurednews","12":"tag-headlines","13":"tag-latest-news","14":"tag-latestnews","15":"tag-news","16":"tag-no","17":"tag-norge","18":"tag-norway","19":"tag-nyheter","20":"tag-overskrifter","21":"tag-top-stories","22":"tag-topstories"},"share_on_mastodon":{"url":"https:\/\/pubeurope.com\/@no\/115621512183904067","error":""},"_links":{"self":[{"href":"https:\/\/www.europesays.com\/no\/wp-json\/wp\/v2\/posts\/98050","targetHints":{"allow":["GET"]}}],"collection":[{"href":"https:\/\/www.europesays.com\/no\/wp-json\/wp\/v2\/posts"}],"about":[{"href":"https:\/\/www.europesays.com\/no\/wp-json\/wp\/v2\/types\/post"}],"author":[{"embeddable":true,"href":"https:\/\/www.europesays.com\/no\/wp-json\/wp\/v2\/users\/2"}],"replies":[{"embeddable":true,"href":"https:\/\/www.europesays.com\/no\/wp-json\/wp\/v2\/comments?post=98050"}],"version-history":[{"count":0,"href":"https:\/\/www.europesays.com\/no\/wp-json\/wp\/v2\/posts\/98050\/revisions"}],"wp:featuredmedia":[{"embeddable":true,"href":"https:\/\/www.europesays.com\/no\/wp-json\/wp\/v2\/media\/98051"}],"wp:attachment":[{"href":"https:\/\/www.europesays.com\/no\/wp-json\/wp\/v2\/media?parent=98050"}],"wp:term":[{"taxonomy":"category","embeddable":true,"href":"https:\/\/www.europesays.com\/no\/wp-json\/wp\/v2\/categories?post=98050"},{"taxonomy":"post_tag","embeddable":true,"href":"https:\/\/www.europesays.com\/no\/wp-json\/wp\/v2\/tags?post=98050"}],"curies":[{"name":"wp","href":"https:\/\/api.w.org\/{rel}","templated":true}]}}