{"id":98093,"date":"2025-11-27T12:26:33","date_gmt":"2025-11-27T12:26:33","guid":{"rendered":"https:\/\/www.europesays.com\/no\/98093\/"},"modified":"2025-11-27T12:26:33","modified_gmt":"2025-11-27T12:26:33","slug":"%e2%88%92-det-har-vaert-et-toft-ar","status":"publish","type":"post","link":"https:\/\/www.europesays.com\/no\/98093\/","title":{"rendered":"\u2212 Det har v\u00e6rt et t\u00f8ft \u00e5r"},"content":{"rendered":"<p>\u2013 Mamma har v\u00e6rt en enest\u00e5ende. Hun betyr enormt mye, sier Lisa Stokke (50).<\/p>\n<p>Hun og moren Judith Stokke (76) sitter i stuen hjemme hos Lisa p\u00e5 Fjellstrand p\u00e5 Nesodden. De drikker urtete og spiser chocolate chip \u00adcookies som Judith har bakt. Moren bor like i n\u00e6rheten og de to treffes titt og ofte.<\/p>\n<p>\u2212 I g\u00e5r da jeg kom hjem, hadde mamma vasket kj\u00f8kkenet mitt og pusset alt s\u00f8lvet. Alts\u00e5, hun er helt r\u00e5, smiler Lisa.<\/p>\n<p>Moren Judith er opprinnelig fra Arkansas i USA. Det var kj\u00e6rligheten som tok henne til Norge i 1970. Den unge kunststudenten hadde m\u00f8tt \u00d8ivind fra Kristiansund, som reiste til Davenport i USA p\u00e5 60-tallet for \u00e5 studere kiropraktikk \u2013 en utdanning som knapt eksisterte i Norge p\u00e5 den tiden. De hadde et avstandsforhold noen m\u00e5neder f\u00f8r Judith satte seg p\u00e5 flyet til Norge.<\/p>\n<p>\u2212 De hadde ikke sett hverandre p\u00e5 ti m\u00e5neder, de hadde kun brevvekslet. Mamma hadde aldri flydd f\u00f8r og hun kunne ikke et ord norsk. Det er en s\u00e5 sykt fin kj\u00e6rlighetshistorie, sier Lisa og sender moren et varmt blikk.<\/p>\n<p>Flotte opplevelser<\/p>\n<p>Det ble bryllup i Kristiansund, og etter hvert flyttet paret til Tromsdalen der de etablerte seg med familie. Faren var en av de f\u00f8rste kiropraktorene i Norge, mens moren jobbet som l\u00e6rer, kunstner og for\u00adfatter.<\/p>\n<p>\u2212 Jeg hadde den vakreste mammaen. S\u00f8steren min og jeg beundret henne. Hun var alltid s\u00e5 pen og s\u00e5 elegant kledd, sier hun.<\/p>\n<p>Lisa er takknemlig for alle opplevelsene hun fikk i \u00adbarndommen. Foreldrene tok d\u00f8trene med p\u00e5 teater, kon\u00adserter og utstillinger. I tillegg var de ofte med p\u00e5 reiser med farens jobb.<\/p>\n<p>\u2212 Vi ble oppdratt til \u00e5 bli sosiale mennesker og slik er jeg fremdeles. Foreldrene mine var utadvendte, s\u00e5 jeg fikk mye gratis siden jeg ble oppdratt p\u00e5 den m\u00e5ten. Jeg er tilpasningsdyktig, og kan b\u00e5de snakke med fiskere, h\u00e5ndverkere og dronningen, forteller Lisa.<\/p>\n<p>Les ogs\u00e5: <a href=\"https:\/\/www.klikk.no\/underholdning\/lisa-stokke-vi-hadde-aldri-sett-for-oss-at-dette-skulle-skje-7532885\" rel=\"nofollow noopener\" target=\"_blank\">Lisa Stokke:\u00a0\u2013 Vi hadde aldri sett for oss at dette skulle skje<\/a> <\/p>\n<p>                <img decoding=\"async\" src=\"https:\/\/www.europesays.com\/no\/wp-content\/uploads\/2025\/11\/7579371.webp\" width=\"480\" height=\"485\" title=\"FAMILIEN SAMLET: Stores\u00f8ster Monica, Judith, \u00d8ivind og Lisa den gang da. Den kulturinteresserte familien bodde i Tromsdalen da barna vokste opp.\" alt=\"\" loading=\"lazy\" style=\"\"\/><\/p>\n<p>\n            <b>FAMILIEN SAMLET:<\/b> Stores\u00f8ster Monica, Judith, \u00d8ivind og Lisa den gang da. Den kulturinteresserte familien bodde i Tromsdalen da barna vokste opp.<br \/>\n            Privat\n        <\/p>\n<p>Ville bli artist<\/p>\n<p>B\u00e5de hun og stores\u00f8steren Monica var glade i sang og musikk, men det var Lisa som gikk \u00aball inn\u00bb som artist.<\/p>\n<p>\u2212 Lisa har alltid v\u00e6rt blid som en sol. Hun har alltid smilt. Og hun danset og sang fra hun var veldig liten, forteller Judith om sin yngste datter.<\/p>\n<p>Lisa bestemte seg tidlig for \u00e5 bli artist. Det var aldri sp\u00f8rsm\u00e5l om en annen karriere. Hun skulle bli musikalstjerne, og hun samlet hele nabolaget for \u00e5 se p\u00e5 opptredener.<\/p>\n<p>\u2212 Jeg elsket \u00e5 organisere konsert. Da fikk jeg alle nabobarna med p\u00e5 leken og de voksne m\u00e5tte betale for inngangsbilletten. S\u00e5 kj\u00f8pte vi godteri etterp\u00e5, forteller hun med et stort glis.<\/p>\n<p>Lisa danset og sang gjennom ungdomstiden, og hun fikk st\u00e5ende applaus.<\/p>\n<p>I 1994 meldte hun seg p\u00e5 talentkonkurransen \u00abTalentiaden\u00bb. 19 \u00e5r gammel reiste hun alene til Oslo der konkurransen fant sted.<\/p>\n<p>\u2212 Lisa hadde planlagt alt selv, jeg visste ikke om det en gang. Hun sendte inn opptak av seg selv og fikk komme p\u00e5 audition. Jeg husker jeg var utrolig stolt av henne, sier mamma Judith.<\/p>\n<p>Det ble en stor opplevelse for Lisa som elsket \u00e5 st\u00e5 p\u00e5 scenen. Samtidig var hun \u00adbevisst p\u00e5 at det kunne v\u00e6re et t\u00f8ft yrke. Det var ogs\u00e5 noe de snakket om p\u00e5 hjemmebane.<\/p>\n<p>\u2212 Noen foreldre f\u00e5r jo sikkert angst om barna velger en kunstkarriere, men jeg fikk jo dette inn med morsmelken og opplevde mye st\u00f8tte hjemmefra. Janteloven gjaldt ikke hjemme hos oss, ler Lisa.<\/p>\n<p>Les ogs\u00e5: (+)\u00a0<a href=\"https:\/\/www.klikk.no\/historier\/jeg-beholdt-kontakten-med-min-tidligere-svigerdatter-7578991\" rel=\"nofollow noopener\" target=\"_blank\">Kontakten med eks-svigerdatteren ble et st\u00f8rre problem enn jeg trodde<\/a> <\/p>\n<p>                <img decoding=\"async\" src=\"https:\/\/www.europesays.com\/no\/wp-content\/uploads\/2025\/11\/7579380.webp\" width=\"480\" height=\"303\" title=\"BLE VERDENSKJENT: I 1999 spilte 24 \u00e5r gamle Lisa Stokke hovedrollen som Sophie i den aller f\u00f8rste oppsetningen av \u00abMamma Mia!\u00bb p\u00e5 West End. Her med Benny Andersson og Bj\u00f6rn Ulvaeus fra ABBA.\" alt=\"\" loading=\"lazy\" style=\"\"\/><\/p>\n<p>\n            <b>BLE VERDENSKJENT: <\/b>I 1999 spilte 24 \u00e5r gamle Lisa Stokke hovedrollen som Sophie i den aller f\u00f8rste oppsetningen av \u00abMamma Mia!\u00bb p\u00e5 West End. Her med Benny Andersson og Bj\u00f6rn Ulvaeus fra ABBA.<br \/>\n            Privat\n        <\/p>\n<p>Mistet faren<\/p>\n<p>I 1995 flyttet Lisa til Liverpool for \u00e5 studere ved Paul McCartneys anerkjente skole LIPA, Liverpool Institute for Performing Arts. Det store gjennombruddet kom i 1999 da hun fikk hovedrollen i \u00abMamma Mia!\u00bb p\u00e5 West End.<\/p>\n<p>I 2003 giftet hun seg med engelskmannen Tim og de \u00adbosatte seg i Kingston, like utenfor London. Mamma Judith kom etter hvert flyt\u00adtende etter og barna fikk et n\u00e6rt forhold til mormor.<\/p>\n<p>Lykken snudde etter hvert til sorg, da faren \u00d8ivind i 2004 tok sitt eget liv. Han \u00adhadde epilepsi, og fikk etter hvert demens. Da han merket at sykdommen kom snikende, utviklet han en dyp depresjon. Hans egen far hadde ogs\u00e5 hatt demens, s\u00e5 han ville sk\u00e5ne \u00adfamilien fra \u00e5 m\u00e5tte ta vare p\u00e5 ham.<\/p>\n<p>\u00d8yvind var bare 58 \u00e5r da han d\u00f8de, og det var bare noen f\u00e5 m\u00e5neder etter at Lisa hadde blitt mamma f\u00f8rste gang. \u00ad Det var et hardt slag. \u00c5 skulle fungere som nybakt mor, samtidig som hun var i sorg.<\/p>\n<p>\u2212 P\u00e5 det siste bildet jeg har av pappa, har han Jasper p\u00e5 fanget. Han var s\u00e5 glad i Jasper, smiler Lisa.<\/p>\n<p>Les ogs\u00e5:\u00a0<a href=\"https:\/\/www.klikk.no\/underholdning\/skuespiller-lisa-stokke-apner-opp-om-farens-tragiske-dod-en-beintoff-periode-i-livet-mitt-7268134\" rel=\"nofollow noopener\" target=\"_blank\">Lisa Stokkes far tok sitt eget liv da han merket sykdommen komme. N\u00e5 bruker hun erfaringen i en ny skuespillerrolle<\/a> <\/p>\n<p>                <img decoding=\"async\" src=\"https:\/\/www.europesays.com\/no\/wp-content\/uploads\/2025\/11\/7579378.webp\" width=\"480\" height=\"360\" title=\"LISAS TO BARN: 22 \u00e5r gamle Jasper studerer animasjon i London og Tallulah p\u00e5 17 \u00e5r bor hjemme og g\u00e5r p\u00e5 videreg\u00e5ende.\" alt=\"\" loading=\"lazy\" style=\"\"\/><\/p>\n<p>\n            <b>LISAS TO BARN:<\/b> 22 \u00e5r gamle Jasper studerer animasjon i London og Tallulah p\u00e5 17 \u00e5r bor hjemme og g\u00e5r p\u00e5 videreg\u00e5ende.<br \/>\n            Privat\n        <\/p>\n<p>En stor sorg<\/p>\n<p>Jasper og Tallulah er i dag 22 og 17 \u00e5r, og det er en stor sorg at faren til Lisa aldri fikk bli kjent med dem.<\/p>\n<p>\u2212 Det er vondt \u00e5 tenke p\u00e5 alle \u00e5rene de har hatt uten pappa som bestefar. Han var s\u00e5 opptatt av dyreliv og fisking. Han kunne alt og han var en eventyrlysten og intel\u00adligent mann. Det er trist at barna ikke f\u00e5r oppleve det.<\/p>\n<p>I 2021 bestemte familien seg for \u00e5 flytte til Norge og de bosatte seg p\u00e5 Nesodden. Mens eldstemann Jasper ble igjen for \u00e5 studere, begynte Tallulah p\u00e5 norsk skole.<\/p>\n<p>\u2212 Det har v\u00e6rt krevende \u00adsiden hun m\u00e5tte l\u00e6re norsk p\u00e5 kort tid, men hun har funnet seg til rette n\u00e5, forteller Lisa.<\/p>\n<p>\u2212 Og jeg er nissen p\u00e5 lasset, som ble med tilbake til Norge, ler Judith.<\/p>\n<p>De to bodde bare fem minutter fra hverandre i London, noe de ogs\u00e5 gj\u00f8r p\u00e5 Nesodden.<\/p>\n<p>\u2212 Det er nok distanse til at vi f\u00e5r ha v\u00e5re egne liv. Samtidig f\u00e5r vi mye tid sammen og vi hjelper hverandre. Det er betryggende for oss begge.<\/p>\n<p>Den siste tiden har Lisa hatt behov for ekstra st\u00f8tte. For det har v\u00e6rt et spesielt \u00e5r. For noen m\u00e5neder siden ble <a href=\"https:\/\/www.klikk.no\/underholdning\/lisa-stokke-skilles-utrolig-trist-7504850\" target=\"_blank\" rel=\"nofollow noopener\">hun nemlig separert<\/a> fra Tim etter 22 \u00e5rs ekteskap og han flyttet tilbake til England.<\/p>\n<p>\u2212 N\u00e5r man har v\u00e6rt sammen med en person i 25 \u00e5r, s\u00e5 er det en prosess man m\u00e5 gjennom p\u00e5 alle m\u00e5ter, som har sine utfordringer. Men det kan ogs\u00e5 komme gode ting ut av utfordrende tider, og man kan velge \u00e5 vokse p\u00e5 det.<\/p>\n<p>Les ogs\u00e5: (+)\u00a0<a href=\"https:\/\/www.klikk.no\/historier\/det-eneste-jeg-vil-er-a-feire-jul-uten-min-kone-1\/7231476\" rel=\"nofollow noopener\" target=\"_blank\">Det eneste jeg vil, er \u00e5 feire jul uten min kone<\/a> <\/p>\n<p>                <img decoding=\"async\" src=\"https:\/\/www.europesays.com\/no\/wp-content\/uploads\/2025\/11\/7579374.webp\" width=\"480\" height=\"321\" title=\"DELER HISTORIE: Alt Lisa har gjennomg\u00e5tt de siste \u00e5rene, er forbl\u00f8ffende likt ting Judith har opplevd i sitt liv. Lisa var 17 \u00e5r da foreldrene ble skilt. Tallulah er n\u00e5 17 \u00e5r, i det \u00e5ret Lisa og Tim gikk fra hverandre.\" alt=\"\" loading=\"lazy\" style=\"\"\/><\/p>\n<p>\n            <b>DELER HISTORIE:<\/b> Alt Lisa har gjennomg\u00e5tt de siste \u00e5rene, er forbl\u00f8ffende likt ting Judith har opplevd i sitt liv. Lisa var 17 \u00e5r da foreldrene ble skilt. Tallulah er n\u00e5 17 \u00e5r, i det \u00e5ret Lisa og Tim gikk fra hverandre.<br \/>\n            Gry Traaen\n        <\/p>\n<p>Mistet s\u00f8steren<\/p>\n<p>Familien er viktig for Lisa. I tillegg til stores\u00f8ster Monica, har hun hatt halvs\u00f8steren Oryla, begge har v\u00e6rt bosatt i USA. Og Lisa har hatt et n\u00e6rt forhold til dem begge, til tross for avstanden. Dessverre d\u00f8de Oryla i mai i \u00e5r, som \u00adf\u00f8lge av en komplikasjon etter en lungetransplantasjon. Hun hadde v\u00e6rt alvorlig kreftsyk i flere \u00e5r.<\/p>\n<p>\u2212 Det var et sjokk, selv om hun hadde v\u00e6rt syk i mange \u00e5r. Det var veldig tungt \u00e5 miste henne. Oryla og jeg hadde et veldig godt forhold selv om vi ikke vokste opp sammen, forteller Lisa.<\/p>\n<p>I 2025 har Lisa deltatt p\u00e5 Stjernekamp p\u00e5 NRK, holdt konserten \u00abLeading Musical Ladies\u00bb og skal p\u00e5 juleturn\u00e9 med Haldor L\u00e6greid og Magnus Olsen, turnert med sitt show \u00abLisa loves ABBA\u00bb og flere andre konserter og eventer.<\/p>\n<p>\u2212 Det har v\u00e6rt et t\u00f8ft \u00e5r med mye \u00e5 ta tak i p\u00e5 hjemmebane. S\u00e5 det er f\u00f8rst n\u00e5 jeg har overskuddet til \u00e5 satse. Men n\u00e5 \u00abg\u00f8nner\u00bb jeg p\u00e5. N\u00e5 skjer det, smiler hun.<\/p>\n<p>Les ogs\u00e5:\u00a0<a href=\"https:\/\/www.klikk.no\/underholdning\/carina-dahl-med-sosteren-det-har-alltid-handlet-om-meg-7579766\" rel=\"nofollow noopener\" target=\"_blank\">Carina Dahl med s\u00f8steren:\u00a0\u2013 Det har alltid handlet mye om meg<\/a> <\/p>\n<p>Gir sjelefred<\/p>\n<p>Lisa pr\u00f8ver \u00e5 se positivt p\u00e5 \u00adtilv\u00e6relsen, til tross for at det har v\u00e6rt en vanskelig tid. Livsmotto er \u00e5 ikke bli et offer i sitt eget liv. Hun pr\u00f8ver \u00e5 ta kontroll over de negative hendelsene i livet og bruker det som selvutvikling.<\/p>\n<p>\u2212 Ingen av oss kommer til \u00e5 seile gjennom livet. Har man ikke v\u00e6rt gjennom noen t\u00f8ffe tak, vet man heller ikke hva lykke er. Jeg f\u00e5r mer sjelefred av \u00e5 tenke p\u00e5 den m\u00e5ten.<\/p>\n<p>Mamma Judith nikker.<\/p>\n<p>\u2212 Ja, man m\u00e5 ha opplevd noen d\u00e5rlige lukter for \u00e5 vite hvor fantastisk en rose lukter. Ogs\u00e5 er jo du f\u00f8dt optimist, sier moren og sender et varmt blikk til datteren sin.<\/p>\n<p>                <img decoding=\"async\" src=\"https:\/\/www.europesays.com\/no\/wp-content\/uploads\/2025\/11\/7579376.webp\" width=\"480\" height=\"351\" title=\"TETT B\u00c5ND: \u2212 Det er s\u00e5 godt \u00e5 ha mamma i n\u00e6rheten, sier Lisa.\" alt=\"\" loading=\"lazy\" style=\"\"\/><\/p>\n<p>\n            <b>TETT B\u00c5ND:<\/b> \u2212 Det er s\u00e5 godt \u00e5 ha mamma i n\u00e6rheten, sier Lisa.<br \/>\n            Gry Traaen\n        <\/p>\n<p>Et t\u00f8ft \u00e5r<\/p>\n<p>Lisa er glad hun har mamma Judith i n\u00e6rheten. Hun har v\u00e6rt en enorm st\u00f8tte for Lisa det siste \u00e5ret.<\/p>\n<p>\u2212 Det er godt \u00e5 ha en s\u00e5 \u00adsolid person i livet mitt. Hun slipper alt hun har i hendene for \u00e5 hjelpe oss. Hun ble til og med med oss til Hollywood i tre m\u00e5neder da jeg hadde innspilling der, forteller Lisa.<\/p>\n<p>\u2212 Jeg er jo en del borte i forbindelse med jobb, og da er det godt \u00e5 vite at hun er her for Tallulah. Det er ogs\u00e5 trygt \u00e5 vite at hun er her for hunden min, Juno, og katten Miko.<\/p>\n<p>Mor og datter tilbringer ogs\u00e5 mye tid sammen. De l\u00adiker \u00e5 g\u00e5 p\u00e5 kunstutstillinger, teater og konserter, akkurat slik de gjorde da Lisa var \u00adliten. \u00c5 bes\u00f8ke hagesentre er ogs\u00e5 noe de to setter pris p\u00e5.<\/p>\n<p>\u2013 Jeg hadde selv verdens beste \u00abGrandma\u00bb, og pr\u00f8ver \u00e5 v\u00e6re en like god mormor for mine fire barnebarn. Selv de som bor i USA, har jeg et n\u00e6rt forhold til. Det fine med \u00e5 bo n\u00e6r Lisa er at jeg f\u00e5r ta del i de sm\u00e5 hverdags\u00f8yeblikkene. Vi ler mye sammen, og jeg har alltid en klem p\u00e5 lur til den som trenger det, sier Judith Stokke.<\/p>\n<p>                <img decoding=\"async\" src=\"https:\/\/www.europesays.com\/no\/wp-content\/uploads\/2025\/11\/7580321.webp\" width=\"480\" height=\"432\" title=\"Enorm st\u00f8tte: Mamma Judith har v\u00e6rt en viktig st\u00f8tteperson for Lisa i et \u00e5r som har bydd p\u00e5 mange utfordringer.\" alt=\"\" loading=\"lazy\" style=\"\"\/><\/p>\n<p>\n            Enorm st\u00f8tte: Mamma Judith har v\u00e6rt en viktig st\u00f8tteperson for Lisa i et \u00e5r som har bydd p\u00e5 mange utfordringer.<br \/>\n            Gry Traaen\n        <\/p>\n<p>Lisa understreker at hun n\u00e5 faktisk har det veldig bra, til tross for at det har v\u00e6rt et utfordrende \u00e5r.<\/p>\n<p>\u2212 Selv om vi n\u00e5r g\u00e5r inn i m\u00f8rketiden, g\u00e5r jeg forh\u00e5pentligvis en lysere tid i m\u00f8te, og jeg gleder meg til jul. Det fin\u00adeste med julen er samholdet i familien, og den lune og rolige stemningen som julen har. Den har jeg f\u00f8rt videre til min egen familie.\u00a0<\/p>\n","protected":false},"excerpt":{"rendered":"\u2013 Mamma har v\u00e6rt en enest\u00e5ende. Hun betyr enormt mye, sier Lisa Stokke (50). Hun og moren Judith&hellip;\n","protected":false},"author":2,"featured_media":98094,"comment_status":"","ping_status":"","sticky":false,"template":"","format":"standard","meta":{"footnotes":""},"categories":[58],"tags":[71,30,28,29,72],"class_list":{"0":"post-98093","1":"post","2":"type-post","3":"status-publish","4":"format-standard","5":"has-post-thumbnail","7":"category-underholdning","8":"tag-entertainment","9":"tag-no","10":"tag-norge","11":"tag-norway","12":"tag-underholdning"},"share_on_mastodon":{"url":"https:\/\/pubeurope.com\/@no\/115621657960877640","error":""},"_links":{"self":[{"href":"https:\/\/www.europesays.com\/no\/wp-json\/wp\/v2\/posts\/98093","targetHints":{"allow":["GET"]}}],"collection":[{"href":"https:\/\/www.europesays.com\/no\/wp-json\/wp\/v2\/posts"}],"about":[{"href":"https:\/\/www.europesays.com\/no\/wp-json\/wp\/v2\/types\/post"}],"author":[{"embeddable":true,"href":"https:\/\/www.europesays.com\/no\/wp-json\/wp\/v2\/users\/2"}],"replies":[{"embeddable":true,"href":"https:\/\/www.europesays.com\/no\/wp-json\/wp\/v2\/comments?post=98093"}],"version-history":[{"count":0,"href":"https:\/\/www.europesays.com\/no\/wp-json\/wp\/v2\/posts\/98093\/revisions"}],"wp:featuredmedia":[{"embeddable":true,"href":"https:\/\/www.europesays.com\/no\/wp-json\/wp\/v2\/media\/98094"}],"wp:attachment":[{"href":"https:\/\/www.europesays.com\/no\/wp-json\/wp\/v2\/media?parent=98093"}],"wp:term":[{"taxonomy":"category","embeddable":true,"href":"https:\/\/www.europesays.com\/no\/wp-json\/wp\/v2\/categories?post=98093"},{"taxonomy":"post_tag","embeddable":true,"href":"https:\/\/www.europesays.com\/no\/wp-json\/wp\/v2\/tags?post=98093"}],"curies":[{"name":"wp","href":"https:\/\/api.w.org\/{rel}","templated":true}]}}