{"id":98117,"date":"2025-11-27T12:52:30","date_gmt":"2025-11-27T12:52:30","guid":{"rendered":"https:\/\/www.europesays.com\/no\/98117\/"},"modified":"2025-11-27T12:52:30","modified_gmt":"2025-11-27T12:52:30","slug":"planlegger-for-storslatt-feiring-i-stavanger-pa-sondag-nrk-rogaland-lokale-nyheter-tv-og-radio","status":"publish","type":"post","link":"https:\/\/www.europesays.com\/no\/98117\/","title":{"rendered":"Planlegger for storsl\u00e5tt feiring i Stavanger p\u00e5 S\u00f8ndag \u2013 NRK Rogaland \u2013 Lokale nyheter, TV og radio"},"content":{"rendered":"<p>Det koker allerede i Stavanger.<\/p>\n<p>De m\u00f8rkebl\u00e5 treng bare \u00e5 sl\u00e5 V\u00e5lerenga for \u00e5 vinne det etterlengtede seriegullet.<\/p>\n<p>I Stavanger er det ventet en storsl\u00e5tt feiring denne ettermiddagen. Siste serierunde faller ogs\u00e5 p\u00e5 samme dag som 1. s\u00f8ndag i advent, som til vanlig trekker folk til sentrum.<\/p>\n<p>Innkalte til pressekonferanse<\/p>\n<p>Stadion er alle utsolgt, og det er ventet at store folkemengder til sentrum denne ettermiddagen.<\/p>\n<p><img decoding=\"async\"   src=\"data:image\/gif;base64,R0lGODlhAQABAIAAAAAAAP\/\/\/yH5BAEAAAAALAAAAAABAAEAAAIBRAA7\" loading=\"eager\" alt=\"En stor folkemengde samles foran scenen under et arrangement, med mange som holder flagg. P\u00e5 scenen st\u00e5r en gruppe personer if\u00f8rt kl\u00e6r i ulike farger, og det er r\u00f8k og lys fra scenen. Publikum hever telefonene sine for \u00e5 ta bilder, mens noen vinker med flaggene. Omgivelsene viser en kveld med lys og lavt skydekke.\" title=\"Foto: Erik Waage\"\/><\/p>\n<p class=\"\">Slik s\u00e5 det ut da Viking feiret cupgullet i 2019. <\/p>\n<p>Foto: Erik Waage<\/p>\n<p>I dag innkalte kommunen, politiet og utelivskonge \u00d8ivind Ekeland til en felles pressekonferanse for \u00e5 kunngj\u00f8re planene for feiringen.<\/p>\n<p>Der kan de blant annet fortelle at det settes opp en stor storskjerm p\u00e5 torget og i V\u00e5gen i Stavanger, der man kan se serieavslutningen som starter klokken 17.<\/p>\n<p>Arrangement p\u00e5 torget blir alkoholfritt.<\/p>\n<p>P\u00e5 storskjermen i V\u00e5gen kan man f\u00f8lge kampen fra samtlige serveringsstedene i n\u00e6rheten. Det settes ogs\u00e5 opp massevis av ekstra sitteplasser og utvidet serveringsomr\u00e5de.<\/p>\n<p><img decoding=\"async\"   src=\"data:image\/gif;base64,R0lGODlhAQABAIAAAAAAAP\/\/\/yH5BAEAAAAALAAAAAABAAEAAAIBRAA7\" loading=\"eager\" alt=\"Oversikt over det som skjer i Stavanger p\u00e5 s\u00f8ndag i forbindelse med Viking-kampen. Et kart. \" title=\"Foto: Stavanger kommune\"\/><\/p>\n<p class=\"\">Dette skjer i Stavanger sentrum. <\/p>\n<p>Foto: Stavanger kommune<\/p>\n<p>\u2013 Sinnssyk spenning i lufta<\/p>\n<p>\u2013 Her blir det folkefest. Vi viser kampen for hele byen. For de som ikke har r\u00e5d til billett, sier \u00d8ivind Ekeland.<\/p>\n<p><img decoding=\"async\"   src=\"data:image\/gif;base64,R0lGODlhAQABAIAAAAAAAP\/\/\/yH5BAEAAAAALAAAAAABAAEAAAIBRAA7\" loading=\"eager\" alt=\"en person med hatt og frakk\" title=\"Foto: NRK\"\/><\/p>\n<p class=\"\">\u2013 Det er en sinnssyk spenning i lufta, sier \u00d8ivind Ekeland. <\/p>\n<p>Foto: NRK<\/p>\n<p>Utelivskongen er med \u00e5 drifte samtlige av Stavangers utesteder.<\/p>\n<p>Han fortsetter:<\/p>\n<p>\u2013 Det er en sinnssyk spenning i lufta. S\u00e5 det \u00e5 f\u00e5 komme sammen, og kjenne p\u00e5 dette i lufta.<\/p>\n<p>\u2013 Det er mange her som h\u00e5per at s\u00f8ndagen skal ta flatt av. Men folket i Stavanger, de tror vi p\u00e5. De kan oppf\u00f8re seg. Det blir kjekt, og vi skal kose oss.<\/p>\n<p>Tom Erik Birkeland i politiet vil ikke gi et eksakt tall p\u00e5 hvor mye folk som ventet i sentrum p\u00e5 s\u00f8ndag, men sier de har bemannet opp.<\/p>\n<p><img decoding=\"async\"   src=\"data:image\/gif;base64,R0lGODlhAQABAIAAAAAAAP\/\/\/yH5BAEAAAAALAAAAAABAAEAAAIBRAA7\" loading=\"eager\" alt=\"En gruppe menn i uniform\" title=\"Foto: NRK\"\/><\/p>\n<p class=\"\">Ordf\u00f8rer Tormod Losnedal til venstre, sammen med \u00d8ivind Ekeland i midten, og Tom Erik Birkeland i politiet til h\u00f8yre. <\/p>\n<p>Foto: NRK<\/p>\n<p>\u2013Vi \u00f8nsker ikke \u00e5 komme ut med eksakt antall, men vi har lagt p\u00e5 betydelig. S\u00e5 vi skal v\u00e6re godt dekka, sier Birkeland.<\/p>\n<p>\u2013 Vi samarbeide godt med brann og helse. S\u00e5 det blir egentlig \u00e5 ta ting som det kommer, men vi legger noen gode planer i forkant.<\/p>\n<p>Han kommer likevel med en klar oppfordring til de som skal til sentrum p\u00e5 s\u00f8ndag.<\/p>\n<p>\u2013 Vi m\u00e5 tenke p\u00e5 de som st\u00e5r ved siden av oss. V\u00e6r varsom p\u00e5 n\u00e5r nok er nok.<\/p>\n<p>Flytter julegrantenningen<\/p>\n<p>I \u00e5r er julegrantenningen flyttet 30 minutter, og starter dermed klokken 16.00.<\/p>\n<p>Lysene tennes 16.30. Etter at lysene tennes blir det som vanlig gang rundt juletreet til tradisjonelle julesanger f\u00f8r kampstart klokken 17.<\/p>\n<p><img decoding=\"async\"   src=\"data:image\/gif;base64,R0lGODlhAQABAIAAAAAAAP\/\/\/yH5BAEAAAAALAAAAAABAAEAAAIBRAA7\" loading=\"eager\" alt=\"en mann som holder en mikrofon\" title=\"Foto: Carina Johansen \/ NTB\"\/><\/p>\n<p class=\"\">P\u00e5 grunn av serieavslutningen i Eliteserien, flyttes julegrantenningen til klokken 16.00, slik man kan f\u00e5 med seg b\u00e5de tenningen av lysene og Viking sin siste seriekamp mot V\u00e5lerenga. <\/p>\n<p>Foto: Carina Johansen \/ NTB<\/p>\n<p>Det betyr at ordf\u00f8rer og Viking-fan Tormod Losnedal, f\u00e5r med seg kampen.<\/p>\n<p>I forkant av julegrantenningen er det ogs\u00e5 nissel\u00f8p og \u00e5pning av pepperkakebyen.<\/p>\n<p>\u2013 Julegrantenningen og pepperkakebyen, et viktige arrangement for barn. Det tiltrekker seg mange barn og mye familier. Da er det viktig at vi tenker p\u00e5 det i feiringen, sier ordf\u00f8rer Tormod Losnedal.<\/p>\n<p>\u2013 Her er et sted der alle kan se kampen, legger han til.<\/p>\n<p>Kommunen anbefaler alle \u00e5 reise kollektivt denne dagen, da det er ventet sv\u00e6rt mye folk.<\/p>\n<p>Publisert<\/p>\n<p>26.11.2025, kl. 12.56<\/p>\n<p>Oppdatert<\/p>\n<p>26.11.2025, kl. 14.25<\/p>\n","protected":false},"excerpt":{"rendered":"Det koker allerede i Stavanger. De m\u00f8rkebl\u00e5 treng bare \u00e5 sl\u00e5 V\u00e5lerenga for \u00e5 vinne det etterlengtede seriegullet.&hellip;\n","protected":false},"author":2,"featured_media":98118,"comment_status":"","ping_status":"","sticky":false,"template":"","format":"standard","meta":{"footnotes":""},"categories":[59],"tags":[30,28,29,83,82],"class_list":{"0":"post-98117","1":"post","2":"type-post","3":"status-publish","4":"format-standard","5":"has-post-thumbnail","7":"category-sport","8":"tag-no","9":"tag-norge","10":"tag-norway","11":"tag-sport","12":"tag-sports"},"share_on_mastodon":{"url":"https:\/\/pubeurope.com\/@no\/115621759794413147","error":""},"_links":{"self":[{"href":"https:\/\/www.europesays.com\/no\/wp-json\/wp\/v2\/posts\/98117","targetHints":{"allow":["GET"]}}],"collection":[{"href":"https:\/\/www.europesays.com\/no\/wp-json\/wp\/v2\/posts"}],"about":[{"href":"https:\/\/www.europesays.com\/no\/wp-json\/wp\/v2\/types\/post"}],"author":[{"embeddable":true,"href":"https:\/\/www.europesays.com\/no\/wp-json\/wp\/v2\/users\/2"}],"replies":[{"embeddable":true,"href":"https:\/\/www.europesays.com\/no\/wp-json\/wp\/v2\/comments?post=98117"}],"version-history":[{"count":0,"href":"https:\/\/www.europesays.com\/no\/wp-json\/wp\/v2\/posts\/98117\/revisions"}],"wp:featuredmedia":[{"embeddable":true,"href":"https:\/\/www.europesays.com\/no\/wp-json\/wp\/v2\/media\/98118"}],"wp:attachment":[{"href":"https:\/\/www.europesays.com\/no\/wp-json\/wp\/v2\/media?parent=98117"}],"wp:term":[{"taxonomy":"category","embeddable":true,"href":"https:\/\/www.europesays.com\/no\/wp-json\/wp\/v2\/categories?post=98117"},{"taxonomy":"post_tag","embeddable":true,"href":"https:\/\/www.europesays.com\/no\/wp-json\/wp\/v2\/tags?post=98117"}],"curies":[{"name":"wp","href":"https:\/\/api.w.org\/{rel}","templated":true}]}}