{"id":98160,"date":"2025-11-27T13:45:10","date_gmt":"2025-11-27T13:45:10","guid":{"rendered":"https:\/\/www.europesays.com\/no\/98160\/"},"modified":"2025-11-27T13:45:10","modified_gmt":"2025-11-27T13:45:10","slug":"iphone-fikk-fem-nyttige-funksjoner-helt-gratis-i-2025","status":"publish","type":"post","link":"https:\/\/www.europesays.com\/no\/98160\/","title":{"rendered":"iPhone fikk fem nyttige funksjoner helt gratis i 2025"},"content":{"rendered":"<p>2025 har v\u00e6rt et stort \u00e5r for iPhone-brukere. Apple har rullet ut b\u00e5de sm\u00e5 og store oppdateringer gjennom iOS 18 og iOS 26, og mange av de mest praktiske funksjonene har kommet nesten ubemerket. Her er fem gratis forbedringer som gj\u00f8r hverdagen med iPhone enklere, mer personlig og mer effektiv.<\/p>\n<p><strong>Egenvalgt slumretid p\u00e5 alarmen<\/strong><\/p>\n<p>I over 15 \u00e5r har iPhone l\u00e5st brukerne til ni minutters slumring. Med iOS 26 kan du endelig selv velge mellom \u00e9n og 15 minutter. Det gj\u00f8r det enklere \u00e5 tilpasse alarmen enten du trenger et par minutter ekstra eller vil bruke slumre som et kjapt p\u00e5minnelsesverkt\u00f8y i l\u00f8pet av dagen.<\/p>\n<p><strong>Adaptive Power gir smartere batteribruk<\/strong><\/p>\n<p>Nyheten Adaptive Power-modus balanserer automatisk mellom ytelse og batterilevetid. Telefonen l\u00e6rer hvordan du bruker den og kan forutsi n\u00e5r du trenger ekstra str\u00f8msparing. P\u00e5 nyeste iPhone-modeller er funksjonen aktiv som standard, mens eldre modeller krever at du sl\u00e5r den p\u00e5 manuelt under Innstillinger.<\/p>\n<p><strong>Prioriterte varsler rydder opp p\u00e5 l\u00e5seskjermen<\/strong><\/p>\n<p>Med Apple Intelligence kan iPhone n\u00e5 sortere varsler etter hva som er viktigst for deg. Funksjonen l\u00f8fter kritiske eller relevante varsler til toppen av l\u00e5seskjermen, slik at de ikke forsvinner i mengden. Dette gir en ryddigere og mer relevant varselopplevelse.<\/p>\n<p><strong>Ambient Music rett fra Kontrollsenteret<\/strong><\/p>\n<p>En ny widget i Kontrollsenteret lar deg starte bakgrunnslyd med ett trykk. Du kan velge mellom kategorier som S\u00f8vn, Avslapning, Produktivitet og Velv\u00e6re, og musikken krever ikke Apple Music-abonnement. Perfekt n\u00e5r du vil fokusere, sove eller skape ro p\u00e5 et \u00f8yeblikk.<\/p>\n<p><strong>Tilpass gjennomsiktigheten i Liquid Glass-designen<\/strong><\/p>\n<p>Med iOS 26 kom Apples nye visuelle spr\u00e5k, Liquid Glass. For brukere som synes de transparente elementene kan v\u00e6re vanskelige \u00e5 lese, introduserte Apple \u00abTinted Mode\u00bb, som gir sterkere kontrast og et mer frostet utseende. Det gj\u00f8r grensesnittet lettere \u00e5 se uten \u00e5 skru av designnyhetene helt.<\/p>\n","protected":false},"excerpt":{"rendered":"2025 har v\u00e6rt et stort \u00e5r for iPhone-brukere. Apple har rullet ut b\u00e5de sm\u00e5 og store oppdateringer gjennom&hellip;\n","protected":false},"author":2,"featured_media":98161,"comment_status":"","ping_status":"","sticky":false,"template":"","format":"standard","meta":{"footnotes":""},"categories":[57],"tags":[30,28,29,65,63,64,66,70,69,67,68],"class_list":{"0":"post-98160","1":"post","2":"type-post","3":"status-publish","4":"format-standard","5":"has-post-thumbnail","7":"category-vitenskap-og-teknologi","8":"tag-no","9":"tag-norge","10":"tag-norway","11":"tag-science","12":"tag-science-and-technology","13":"tag-scienceandtechnology","14":"tag-technology","15":"tag-teknologi","16":"tag-vitenskap","17":"tag-vitenskap-og-teknologi","18":"tag-vitenskapteknologi"},"share_on_mastodon":{"url":"https:\/\/pubeurope.com\/@no\/115621968169722620","error":""},"_links":{"self":[{"href":"https:\/\/www.europesays.com\/no\/wp-json\/wp\/v2\/posts\/98160","targetHints":{"allow":["GET"]}}],"collection":[{"href":"https:\/\/www.europesays.com\/no\/wp-json\/wp\/v2\/posts"}],"about":[{"href":"https:\/\/www.europesays.com\/no\/wp-json\/wp\/v2\/types\/post"}],"author":[{"embeddable":true,"href":"https:\/\/www.europesays.com\/no\/wp-json\/wp\/v2\/users\/2"}],"replies":[{"embeddable":true,"href":"https:\/\/www.europesays.com\/no\/wp-json\/wp\/v2\/comments?post=98160"}],"version-history":[{"count":0,"href":"https:\/\/www.europesays.com\/no\/wp-json\/wp\/v2\/posts\/98160\/revisions"}],"wp:featuredmedia":[{"embeddable":true,"href":"https:\/\/www.europesays.com\/no\/wp-json\/wp\/v2\/media\/98161"}],"wp:attachment":[{"href":"https:\/\/www.europesays.com\/no\/wp-json\/wp\/v2\/media?parent=98160"}],"wp:term":[{"taxonomy":"category","embeddable":true,"href":"https:\/\/www.europesays.com\/no\/wp-json\/wp\/v2\/categories?post=98160"},{"taxonomy":"post_tag","embeddable":true,"href":"https:\/\/www.europesays.com\/no\/wp-json\/wp\/v2\/tags?post=98160"}],"curies":[{"name":"wp","href":"https:\/\/api.w.org\/{rel}","templated":true}]}}