{"id":98164,"date":"2025-11-27T13:49:13","date_gmt":"2025-11-27T13:49:13","guid":{"rendered":"https:\/\/www.europesays.com\/no\/98164\/"},"modified":"2025-11-27T13:49:13","modified_gmt":"2025-11-27T13:49:13","slug":"vi-har-ingen-plan-b-e24","status":"publish","type":"post","link":"https:\/\/www.europesays.com\/no\/98164\/","title":{"rendered":"\u2013 Vi har ingen plan B \u2013 E24"},"content":{"rendered":"<p class=\"fullWidthDesktop hyperion-css-71ztg2\" data-test-tag=\"lead-text\">\u00c5 stanse elektrifiseringen p\u00e5 Melk\u00f8ya vil bryte med loven, mener Equinor-direkt\u00f8r Trond Bokn. \u2013 Vil f\u00e5 negative produksjonskonsekvenser.<\/p>\n<p><img decoding=\"async\" class=\"image-asset hyperion-css-u06ts1\" data-test-tag=\"image-asset\" src=\"https:\/\/www.europesays.com\/no\/wp-content\/uploads\/2025\/11\/dc660be8-dc32-439c-aaea-073cb6314c5a\"  alt=\"Equinors prosjektdirekt\u00f8r Trond Bokn\"  loading=\"eager\" fetchpriority=\"high\" style=\"aspect-ratio:1900 \/ 1293\"\/>Equinors prosjektdirekt\u00f8r Trond Bokn Foto: Ole Berg-Rusten \/ NTBPublisert: Publisert: <\/p>\n<p>For mindre enn 30 minutter siden<\/p>\n<p>Kortversjonen<\/p>\n<ul class=\"hyperion-css-pkq1ci\" data-test-tag=\"list\">\n<li class=\"hyperion-css-12h2ush\">Elektrifisering av gassanlegget p\u00e5 Melk\u00f8ya i Hammerfest er avgj\u00f8rende for fremtidig produksjon, if\u00f8lge Equinor-direkt\u00f8r Trond Bokn.<\/li>\n<li class=\"hyperion-css-12h2ush\">En stans vil ha negative produksjonskonsekvenser og bryte loven, hevder han.<\/li>\n<li class=\"hyperion-css-12h2ush\">Equinor har forpliktet seg til kontrakter for 14 milliarder kroner i prosjektet, som er om lag 50 prosent ferdig, if\u00f8lge Bokn.<\/li>\n<li class=\"hyperion-css-12h2ush\">Selskapet har forkastet alternativer med \u00e5 utvide og rense gasskraftverket p\u00e5 Melk\u00f8ya eller \u00e5 bygge et nytt gasskraftverk med CO\u2082-rensing, blant annet grunnet h\u00f8ye kostnader og tekniske utfordringer.<\/li>\n<\/ul>\n<p class=\"hyperion-css-10lbhat\">Oppsummeringen er laget av AI-verkt\u00f8yet ChatGPT og kvalitetssikret av E24s journalister<\/p>\n<p>Vis mer <\/p>\n<ul class=\"hyperion-css-pte5x0\">\n<li aria-label=\"link\" class=\"narrow-button hyperion-css-1sz7d3n\">Kopier lenke<\/li>\n<li aria-label=\"link\" class=\"wide-button hyperion-css-1sz7d3n\">Kopier lenke<\/li>\n<li aria-label=\"facebook\" class=\"narrow-button hyperion-css-1sz7d3n\">Del p\u00e5 Facebook<\/li>\n<li aria-label=\"facebook\" class=\"wide-button hyperion-css-1sz7d3n\">Del p\u00e5 Facebook<\/li>\n<li aria-label=\"email\" class=\"narrow-button hyperion-css-1sz7d3n\">Del med e-post<\/li>\n<li aria-label=\"email\" class=\"wide-button hyperion-css-1sz7d3n\">Del med e-post<\/li>\n<\/ul>\n<p class=\"hyperion-css-1lemvax\">Torsdag<a aria-label=\" har Stortinget h\u00f8ring \" class=\"default hyperion-css-1rezu2g\" href=\"https:\/\/stortinget.no\/no\/Hva-skjer-pa-Stortinget\/Horing\/horing\/?h=10005569\" rel=\"noopener nofollow noreferrer\" data-test-tag=\"external-link\" target=\"_blank\"> har Stortinget h\u00f8ring <\/a>om elektrifiseringen av norske olje- og gassinstallasjoner.<\/p>\n<p class=\"hyperion-css-1lemvax\">Prosjektdirekt\u00f8r Trond Bokn i Equinor sier at selskapet ikke har noen annen plan enn \u00e5 gjennomf\u00f8re elektrifiseringen av LNG-anlegget p\u00e5 Melk\u00f8ya.<\/p>\n<p class=\"hyperion-css-1lemvax\">\u2013 Prosjektet er avgj\u00f8rende for fremtidig produksjon, sier Bokn.<\/p>\n<p class=\"hyperion-css-1lemvax\"><strong>\u2013 En stans i arbeidet vil f\u00e5 negative produksjonskonsekvenser, og i verste fall opphold i produksjonen i 2030 og 2031. Vi har ingen plan B, og en plan B tar tid \u00e5 modne, sier han.<\/strong><\/p>\n<p><a data-test-tag=\"teaser-small:link-internal\" href=\"https:\/\/e24.no\/naeringsliv\/i\/M7w98K\/det-var-panikk-hver-gang\" class=\"imagePosition-top inline hyperion-css-6238vu\" rel=\"nofollow noopener\" target=\"\" aria-label=\"\u2013 Det var panikk hver gang\"><\/p>\n<p>Les p\u00e5 E24+<\/p>\n<p>\u2013 Det var panikk hver gang<\/p>\n<p><\/a><\/p>\n<p class=\"hyperion-css-1lemvax\">Han frykter at en stans vil p\u00e5virke Norges rolle som p\u00e5litelig leverand\u00f8r av gass til et Europa som fors\u00f8ker \u00e5 bli mindre avhengig av russisk gass.<\/p>\n<p class=\"hyperion-css-1lemvax\">\u2013 I dag er det cirka 6,5 millioner husholdninger som f\u00e5r energien sin fra Hammerfest LNG, sier han.<\/p>\n<p class=\"hyperion-css-1lemvax\">P\u00e5 h\u00f8ringen torsdag <a data-test-tag=\"internal-link\" href=\"https:\/\/e24.no\/energi-og-klima\/i\/d45bKO\/kan-stanse-omstridt-kraft-fra-land-alvorlig\" class=\"hyperion-css-1rezu2g\" rel=\"nofollow noopener\" target=\"\" aria-label=\"var ogs\u00e5 NHO kritisk\">var ogs\u00e5 NHO kritisk<\/a> til R\u00f8dts forslag om \u00e5 stanse elektrifiseringen av anlegget i Hammerfest. Flere naturvernere er skeptiske til prosjektet, som vil kreve \u00f8kt utbygging av kraftproduksjon i Finnmark.<\/p>\n<p><img decoding=\"async\" class=\"image-asset hyperion-css-u06ts1\" data-test-tag=\"image-asset\" src=\"https:\/\/www.europesays.com\/no\/wp-content\/uploads\/2025\/11\/47a36821-c3b4-480d-82ca-f093cd0c7a12\"  alt=\"Equinors prosjektdirekt\u00f8r Trond Bokn under Stortingets h\u00f8ring om elektrifisering av sokkelen.\"  loading=\"eager\" fetchpriority=\"high\" style=\"aspect-ratio:1900 \/ 1425\"\/>Equinors prosjektdirekt\u00f8r Trond Bokn under Stortingets h\u00f8ring om elektrifisering av sokkelen. Foto: Kjetil Malkenes Hovland, E24<a data-test-tag=\"teaser-small:link-internal\" href=\"https:\/\/e24.no\/energi-og-klima\/i\/d45bKO\/kan-stanse-omstridt-kraft-fra-land-alvorlig\" class=\"imagePosition-top inline hyperion-css-6238vu\" rel=\"nofollow noopener\" target=\"\" aria-label=\"Kan stanse omstridt kraft fra land: \u2013 Alvorlig\"><\/p>\n<p>Les ogs\u00e5<\/p>\n<p>Kan stanse omstridt kraft fra land: \u2013 Alvorlig<\/p>\n<p><\/a>\u2013 Bryter gjeldende lover<\/p>\n<p class=\"hyperion-css-1lemvax\">If\u00f8lge Equinor-toppen har selskapet forpliktet seg til kontrakter for 14 milliarder kroner p\u00e5 Melk\u00f8ya-prosjektet.<\/p>\n<p class=\"hyperion-css-1lemvax\">\u2013 Sn\u00f8hvit Future er et stort industriprosjekt som i dag er 50 prosent ferdigstilt, og alle kontrakter er tildelt, sier Bokn.<\/p>\n<p class=\"hyperion-css-1lemvax\"><strong>\u2013 \u00c5 trekke tilbake tillatelser som er gitt etter grundig behandling, det anser vi som at det bryter gjeldende lover og prinsipper for forvaltning, sier han.<\/strong><\/p>\n<p class=\"hyperion-css-1lemvax\">Bruk av kraft fra land kutter norske utslipp mye, men er omstridt fordi mange andre ogs\u00e5 trenger kraft. Det er ventet \u00f8kt kraftforbruk fremover, mens kraftutbyggingen<a data-test-tag=\"internal-link\" href=\"https:\/\/e24.no\/energi-og-klima\/i\/pPbOyX\/ville-sikre-billig-stroem-skuffet\" class=\"hyperion-css-1rezu2g\" rel=\"nofollow noopener\" target=\"\" aria-label=\" har stanset opp \"> har stanset opp <\/a>etter<a data-test-tag=\"internal-link\" href=\"https:\/\/e24.no\/energi-og-klima\/i\/3EX5k0\/nve-ansatt-til-motvind-norge-dere-har-faatt-det-som-dere-vil\" class=\"hyperion-css-1rezu2g\" rel=\"nofollow noopener\" target=\"\" aria-label=\" mye motstand\"> mye motstand<\/a>.<\/p>\n<p><img decoding=\"async\" class=\"image-asset hyperion-css-1k8svcx\" data-test-tag=\"image-asset\" src=\"https:\/\/www.europesays.com\/no\/wp-content\/uploads\/2025\/11\/79d7d9a0-eb93-43d9-906a-b973d43ac069\"  alt=\"Aibel-sjef Mads Andersen.\"  loading=\"eager\" fetchpriority=\"high\" style=\"aspect-ratio:1900 \/ 2382\"\/>Aibel-sjef Mads Andersen. Foto: Aibel<\/p>\n<p class=\"hyperion-css-1lemvax\">Ogs\u00e5 akt\u00f8rer fra leverand\u00f8rindustrien er p\u00e5 plass under h\u00f8ringen i Stortinget, inkludert Aibel-sjef Mads Andersen.<\/p>\n<p class=\"hyperion-css-1lemvax\">Han p\u00e5pekte at kommende elektrifiseringsprosjekter kan v\u00e6re viktige st\u00f8tdempere inn i en periode med lavere aktivitet i bransjen.<\/p>\n<p class=\"hyperion-css-1lemvax\"><strong>\u2013 Aibel ber om at Stortinget hensyntar leverand\u00f8rindustrien i videre behandling av elektrifiseringsprosjekter, sier Andersen.<\/strong><\/p>\n<p>Disse forslagene behandles<\/p>\n<p class=\"hyperion-css-ffjyk2\">Torsdag holder 37 instanser innlegg i Stortingets h\u00f8ring om elektrifisering av sokkelen.<\/p>\n<p class=\"hyperion-css-ffjyk2\">Blant disse er industri, naturvernere, reindrift, arbeidsgiverorganisasjoner og fagforeninger.<\/p>\n<p class=\"hyperion-css-ffjyk2\">Dette er forslagene som n\u00e5 behandles av Stortinget:<\/p>\n<p>Vis mer<a data-test-tag=\"teaser-small:link-internal\" href=\"https:\/\/e24.no\/energi-og-klima\/i\/7pnjGw\/hoering-om-stans-i-kraft-fra-land-opptatt-av-en-ryddig-prosess\" class=\"imagePosition-top inline hyperion-css-6238vu\" rel=\"nofollow noopener\" target=\"\" aria-label=\"H\u00f8ring om stans i kraft fra land: \u2013 Opptatt av en ryddig prosess\"><\/p>\n<p>Les ogs\u00e5<\/p>\n<p>H\u00f8ring om stans i kraft fra land: \u2013 Opptatt av en ryddig prosess<\/p>\n<p><\/a>La bort renset gasskraft<\/p>\n<p class=\"hyperion-css-1lemvax\">Under h\u00f8ringen torsdag p\u00e5pekte blant annet milj\u00f8stiftelsen Bellona at et flytende gasskraftverk med CO\u2082-rensing kan v\u00e6re et alternativ til \u00e5 hente kraft fra nettet i Finnmark.<\/p>\n<p class=\"hyperion-css-1lemvax\">Bokn p\u00e5peker at Equinor har vurdert andre l\u00f8sninger, men lagt dem bort.<\/p>\n<p class=\"hyperion-css-1lemvax\">I dag drives anlegget i Hammerfest med et eget gasskraftverk, og n\u00e5r dette erstattes med ren kraft skal utslippene kuttes med rundt 850.000 tonn i \u00e5ret.<\/p>\n<p class=\"hyperion-css-1lemvax\">\u2013 Vi har tidligere vurdert fangst p\u00e5 eksisterende turbiner. Det forlot vi av flere grunner. Det var h\u00f8ye kostnader, <a data-test-tag=\"internal-link\" href=\"https:\/\/e24.no\/energi-og-klima\/i\/3ExLEX\/equinor-om-co-rensing-paa-melkoeya-ville-kostet-37-mrd\" class=\"hyperion-css-1rezu2g\" rel=\"nofollow noopener\" target=\"\" aria-label=\"37 milliarder den gang vi vurderte det\">37 milliarder den gang vi vurderte det<\/a>. Det var ogs\u00e5 teknisk vanskelig, sikkerhetsmessige utfordringer, og i tillegg s\u00e5 m\u00e5tte vi utvide turbinparken, sier Bokn.<\/p>\n<p class=\"hyperion-css-1lemvax\">\u2013 S\u00e5 det ble forlatt. Og n\u00e5r vi har forlatt det, er det ikke rart at vi ikke har det som en plan B. Det tar lang tid \u00e5 utrede, gjennomf\u00f8re og bygge, sier han.<\/p>\n<p class=\"hyperion-css-1lemvax\">Equinor har ogs\u00e5 utredet et gasskraftverk med CO\u2082-rensing som separat prosjekt. Selskapet mener at dette ville ha <a data-test-tag=\"internal-link\" href=\"https:\/\/e24.no\/energi-og-klima\/i\/mPxWM4\/gasskraft-med-rensing-paa-melkoeya-koster-4045-milliarder\" class=\"hyperion-css-1rezu2g\" rel=\"nofollow noopener\" target=\"\" aria-label=\"en kostnad til 40\u201345 milliarder\">en kostnad til 40\u201345 milliarder<\/a>, som E24 har omtalt tidligere.<\/p>\n<p class=\"hyperion-css-1lemvax\">Det vil v\u00e6re for dyrt for rettighetshaverne p\u00e5 Melk\u00f8ya, hevder Bokn.<\/p>\n<p><a data-test-tag=\"teaser-small:link-internal\" href=\"https:\/\/e24.no\/energi-og-klima\/i\/pBgX4V\/venter-olje-og-gassfall-boer-begynne-aa-diskutere-dette-naa\" class=\"imagePosition-top inline hyperion-css-6238vu\" rel=\"nofollow noopener\" target=\"\" aria-label=\"Venter olje- og gassfall: \u2013 B\u00f8r begynne \u00e5 diskutere dette n\u00e5\"><\/p>\n<p>Les ogs\u00e5<\/p>\n<p>Venter olje- og gassfall: \u2013 B\u00f8r begynne \u00e5 diskutere dette n\u00e5<\/p>\n<p><\/a><\/p>\n","protected":false},"excerpt":{"rendered":"\u00c5 stanse elektrifiseringen p\u00e5 Melk\u00f8ya vil bryte med loven, mener Equinor-direkt\u00f8r Trond Bokn. \u2013 Vil f\u00e5 negative produksjonskonsekvenser.&hellip;\n","protected":false},"author":2,"featured_media":98165,"comment_status":"","ping_status":"","sticky":false,"template":"","format":"standard","meta":{"footnotes":""},"categories":[5],"tags":[20,21,24,25,15,19,22,23,17,18,13,30,28,29,14,16,26,27],"class_list":{"0":"post-98164","1":"post","2":"type-post","3":"status-publish","4":"format-standard","5":"has-post-thumbnail","7":"category-overskrifter","8":"tag-breaking-news","9":"tag-breakingnews","10":"tag-featured-news","11":"tag-featurednews","12":"tag-headlines","13":"tag-hovedoppslag","14":"tag-latest-news","15":"tag-latestnews","16":"tag-main-news","17":"tag-mainnews","18":"tag-news","19":"tag-no","20":"tag-norge","21":"tag-norway","22":"tag-nyheter","23":"tag-overskrifter","24":"tag-top-stories","25":"tag-topstories"},"share_on_mastodon":{"url":"https:\/\/pubeurope.com\/@no\/115621984089948399","error":""},"_links":{"self":[{"href":"https:\/\/www.europesays.com\/no\/wp-json\/wp\/v2\/posts\/98164","targetHints":{"allow":["GET"]}}],"collection":[{"href":"https:\/\/www.europesays.com\/no\/wp-json\/wp\/v2\/posts"}],"about":[{"href":"https:\/\/www.europesays.com\/no\/wp-json\/wp\/v2\/types\/post"}],"author":[{"embeddable":true,"href":"https:\/\/www.europesays.com\/no\/wp-json\/wp\/v2\/users\/2"}],"replies":[{"embeddable":true,"href":"https:\/\/www.europesays.com\/no\/wp-json\/wp\/v2\/comments?post=98164"}],"version-history":[{"count":0,"href":"https:\/\/www.europesays.com\/no\/wp-json\/wp\/v2\/posts\/98164\/revisions"}],"wp:featuredmedia":[{"embeddable":true,"href":"https:\/\/www.europesays.com\/no\/wp-json\/wp\/v2\/media\/98165"}],"wp:attachment":[{"href":"https:\/\/www.europesays.com\/no\/wp-json\/wp\/v2\/media?parent=98164"}],"wp:term":[{"taxonomy":"category","embeddable":true,"href":"https:\/\/www.europesays.com\/no\/wp-json\/wp\/v2\/categories?post=98164"},{"taxonomy":"post_tag","embeddable":true,"href":"https:\/\/www.europesays.com\/no\/wp-json\/wp\/v2\/tags?post=98164"}],"curies":[{"name":"wp","href":"https:\/\/api.w.org\/{rel}","templated":true}]}}