{"id":98208,"date":"2025-11-27T14:39:11","date_gmt":"2025-11-27T14:39:11","guid":{"rendered":"https:\/\/www.europesays.com\/no\/98208\/"},"modified":"2025-11-27T14:39:11","modified_gmt":"2025-11-27T14:39:11","slug":"selma-henriksen-23-kan-bli-vm-komet-stolt-og-spent","status":"publish","type":"post","link":"https:\/\/www.europesays.com\/no\/98208\/","title":{"rendered":"Selma Henriksen (23) kan bli VM-komet: \u2013 Stolt og spent"},"content":{"rendered":"\n<p class=\"_lead_o9xde_2 _lead_xtcu6_50 layout-component text-serif-m layout-normal text-serif-l layout-component layout-wide layout-padded _wide_17hqh_1 layout-padded\">Selma Henriksen er et navn \u00e5 merke seg foran h\u00e5ndball-VM.<\/p>\n<p><img alt=\" Foto: Paul S. Amundsen \/ NTB\" class=\"_image_qp4xg_65 layout-component layout-wide\" data-fullscreen- data-track-element-type=\"Article image fullscreen\" data-track-name=\"ImageFullscreen\" fetchpriority=\"high\" decoding=\"sync\" loading=\"eager\" height=\"1795\" itemprop=\"image\"  src=\"https:\/\/www.europesays.com\/no\/wp-content\/uploads\/2025\/11\/b2bf89d8-8d96-44c6-b56c-798969057204\"  style=\"object-position:0% 0%\" width=\"2883\"\/> Foto: Paul S. Amundsen \/ NTB<\/p>\n<ul aria-hidden=\"true\" class=\"_images_1uft6_111\">\n<li><a class=\"_link_1uft6_116\" href=\"https:\/\/www.vg.no\/forfatter\/jostein-overvik\" style=\"z-index:1\" title=\"Jostein Overvik\" rel=\"nofollow noopener\" target=\"_blank\"><img alt=\"Bilde av Jostein Overvik\" class=\"_image_1uft6_93\" fetchpriority=\"low\" loading=\"lazy\" decoding=\"async\" itemprop=\"image\"  src=\"https:\/\/www.europesays.com\/no\/wp-content\/uploads\/2025\/11\/1764254351_451_9167fa6a-7320-4d6f-b3c9-6c4ecb8beb8c\"  width=\"480\"\/><\/a><\/li>\n<\/ul>\n<p> Oppdatert torsdag 27. november kl. 15:09    <\/p>\n<ul class=\"_list_o9xde_3 _list_64s2r_85 _unordered_o9xde_106 text-sans-m\">\n<li class=\"_item_o9xde_30\">Selma Henriksen er en spennende debutant foran h\u00e5ndball-VM.<\/li>\n<li class=\"_item_o9xde_30\">Hun har scoret 23 m\u00e5l p\u00e5 sine f\u00f8rste \u00e5tte landskamper.<\/li>\n<li class=\"_item_o9xde_30\">Under oppkj\u00f8ringen satte hun alle sine 10 skudd i m\u00e5l mot Spania, Ungarn og Serbia.<\/li>\n<li class=\"_item_o9xde_30\">Skaden til Vilde Ingstad gir Henriksen sjansen i strekposisjonen.<\/li>\n<li class=\"_item_o9xde_30\">Norge \u00e5pner VM mot S\u00f8r-Korea i Trier.<\/li>\n<\/ul>\n<p>Vis mer <\/p>\n<p class=\"_paragraph_o9xde_4 _paragraph_xtcu6_10 layout-component text-serif-m layout-normal text-serif-m layout-padded\">Norge starter mesterskapet mot S\u00f8r-Korea kl. 20.30 torsdag (TV3 \/ Viaplay).<\/p>\n<p class=\"_paragraph_o9xde_4 _paragraph_xtcu6_10 layout-component text-serif-m layout-normal text-serif-m layout-padded\">23-\u00e5ringen debuterte for landslaget i september. Solas strekspiller \u2013 oppvokst i Fredrikstad \u2013 har gjort en sterk inntreden for h\u00e5ndballjentene med 23 m\u00e5l p\u00e5 sine f\u00f8rste \u00e5tte landskamper.<\/p>\n<p class=\"_paragraph_o9xde_4 _paragraph_xtcu6_10 layout-component text-serif-m layout-normal text-serif-m layout-padded\"><strong class=\"_strong_o9xde_25\">Under den siste oppkj\u00f8ringen mot Spania, Ungarn og Serbia satte VM-debutanten samtlige av sine 10 skudd i m\u00e5l.<\/strong><\/p>\n<p class=\"_paragraph_o9xde_4 _paragraph_xtcu6_10 layout-component text-serif-m layout-normal text-serif-m layout-padded\">\u2013 Jeg er veldig stolt og spent, sier hun til VG om uttaket til mesterskapet i Tyskland og Nederland. VM-favoritten Norge fortsetter VM mot Kazakhstan l\u00f8rdag og Angola mandag.<\/p>\n<p class=\"_paragraph_o9xde_4 _paragraph_xtcu6_10 layout-component text-serif-m layout-normal text-serif-m layout-padded\">Vilde Ingstad har slitt med en skade i oppkj\u00f8ringen til VM. Dermed har Henriksen f\u00e5tt sjansen i strekposisjon sammen med Maren Aardahl.<\/p>\n<p class=\"_paragraph_o9xde_4 _paragraph_xtcu6_10 layout-component text-serif-m layout-normal text-serif-m layout-padded\">\u2013 Hun har tatt muligheten med begge hender fra f\u00f8rste landslagssamling, mener Sola-trener Steffen Stegavik.<\/p>\n<p><img decoding=\"async\" alt=\"Bilde av Steffen Stegavik\" class=\"_image_ygndg_42\" height=\"27\" itemprop=\"image\" loading=\"lazy\"  src=\"https:\/\/www.europesays.com\/no\/wp-content\/uploads\/2025\/11\/737e9798-9ff4-4c34-83ea-d726559207f9\"  width=\"40\"\/><strong class=\"_name_ygndg_51 title-serif-xs\">Steffen Stegavik<\/strong><\/p>\n<p class=\"_paragraph_o9xde_4 text-sans-m _description_ygndg_56\">Trener Sola<\/p>\n<p class=\"_paragraph_o9xde_4 _paragraph_xtcu6_10 layout-component text-serif-m layout-normal text-serif-m layout-padded\">\u2013 Hun har v\u00e6rt \u00abheldig\u00bb med Ingstads skade. Jeg tipper Selma f\u00e5r en stor rolle ogs\u00e5 i starten av VM, sier han.<\/p>\n<p class=\"_paragraph_o9xde_4 _paragraph_xtcu6_10 layout-component text-serif-m layout-normal text-serif-m layout-padded\">180 cm h\u00f8ye Henriksen kom inn p\u00e5 juniorlandslaget som bakspiller, men er blitt omskolert. <\/p>\n<p class=\"_paragraph_o9xde_4 _paragraph_xtcu6_10 layout-component text-serif-m layout-normal text-serif-m layout-padded\">L\u00e6rerstudenten har l\u00e6rt raskt.<\/p>\n<p class=\"_paragraph_o9xde_4 _paragraph_xtcu6_10 layout-component text-serif-m layout-normal text-serif-m layout-padded\">Hun har g\u00e5tt rett inn i n\u00f8kkelrollen som strekspiller i det norske angrepet.<\/p>\n<p class=\"_paragraph_o9xde_4 _paragraph_xtcu6_10 layout-component text-serif-m layout-normal text-serif-m layout-padded\">\u2013 Det er et privilegium \u00e5 spille med s\u00e5nne lagkamerater. Hun blir fortalt hva du skal gj\u00f8re og hvor du st\u00e5r. S\u00e5 f\u00e5r du ballen rett i hendene fra Nora (M\u00f8rk), beskriver Stegavik.<\/p>\n<p class=\"_paragraph_o9xde_4 _paragraph_xtcu6_10 layout-component text-serif-m layout-normal text-serif-m layout-padded\">\u2013 Det er ikke overraskende at Selma presterer p\u00e5 landslaget, men s\u00e5 har hun enn\u00e5 ikke m\u00f8tt de aller beste, minner Sola-treneren om.<\/p>\n<p class=\"_paragraph_o9xde_4 _paragraph_xtcu6_10 layout-component text-serif-m layout-normal text-serif-m layout-padded\">\u00d8stfoldingen f\u00e5r sjansen p\u00e5 grunn av Kari Brattset Dale er ute med graviditet. Henriksen kan minne om strekspilleren som sist sesong vant OL, EM og Champions League i l\u00f8pet av 10 m\u00e5neder.<\/p>\n<p class=\"_paragraph_o9xde_4 _paragraph_xtcu6_10 layout-component text-serif-m layout-normal text-serif-m layout-padded\">\u2013 Det tar jeg som et stort komplement. Hun er s\u00e5 absolutt et forbilde, sier Selma selv.<\/p>\n<p>Gruppespillet<\/p>\n<p class=\"_paragraph_o9xde_4 _paragraph_xtcu6_10 _paragraph_16v91_10 layout-component text-serif-m layout-normal text-sans-m layout-padded\">27. november kl. 20.30: Norge \u2013 S\u00f8r-Korea.<\/p>\n<p class=\"_paragraph_o9xde_4 _paragraph_xtcu6_10 _paragraph_16v91_10 layout-component text-serif-m layout-normal text-sans-m layout-padded\">29. november kl. 20.30: Kasakhstan \u2013 Norge<\/p>\n<p class=\"_paragraph_o9xde_4 _paragraph_xtcu6_10 _paragraph_16v91_10 layout-component text-serif-m layout-normal text-sans-m layout-padded\">1. desember kl. 20.30: Norge \u2013 Angola<\/p>\n<p class=\"_paragraph_o9xde_4 _paragraph_xtcu6_10 _paragraph_16v91_10 layout-component text-serif-m layout-normal text-sans-m layout-padded\">Alle kampene sendes p\u00e5 Viaplay \/ TV3<\/p>\n<p>Vis mer<\/p>\n<p class=\"_paragraph_o9xde_4 _paragraph_xtcu6_10 layout-component text-serif-m layout-normal text-serif-m layout-padded\">N\u00e5 kommer hun inn i et norsk lag som nok en gang er VM-favoritter.<\/p>\n<p class=\"_paragraph_o9xde_4 _paragraph_xtcu6_10 layout-component text-serif-m layout-normal text-serif-m layout-padded\">\u2013 Jeg forventer at jeg l\u00e6rer mye, og gleder meg veldig til \u00e5 v\u00e6re med i s\u00e5pass profesjonell gjeng, sier hun.<\/p>\n<p class=\"_paragraph_o9xde_4 _paragraph_xtcu6_10 layout-component text-serif-m layout-normal text-serif-m layout-padded\">\u2013 Hvordan skal du h\u00e5ndtere VM-nervene?<\/p>\n<p class=\"_paragraph_o9xde_4 _paragraph_xtcu6_10 layout-component text-serif-m layout-normal text-serif-m layout-padded\">\u2013 Det blir \u00e5 senke skuldrene s\u00e5 mye som mulig og ikke tenke s\u00e5 mye konsekvenser. Bare gj\u00f8re det jeg pleier, svarer hun.<\/p>\n<p class=\"_paragraph_o9xde_4 _paragraph_xtcu6_10 layout-component text-serif-m layout-normal text-serif-m layout-padded\">Selma Henriksen kunne allerede ha v\u00e6rt verdensmester. Men m\u00e5tte st\u00e5 over junior-VM i 2022 p\u00e5 grunn av skade. Norge vant gull for f\u00f8rste gang p\u00e5 12 \u00e5r. \u00c5rets andre VM-debutant, m\u00e5lvakt June Krogh, var sentral i finaletriumfen over Ungarn.<\/p>\n","protected":false},"excerpt":{"rendered":"Selma Henriksen er et navn \u00e5 merke seg foran h\u00e5ndball-VM. Foto: Paul S. Amundsen \/ NTB Oppdatert torsdag&hellip;\n","protected":false},"author":2,"featured_media":98209,"comment_status":"","ping_status":"","sticky":false,"template":"","format":"standard","meta":{"footnotes":""},"categories":[59],"tags":[105,9443,1528,30,28,29,12596,104,83,82],"class_list":{"0":"post-98208","1":"post","2":"type-post","3":"status-publish","4":"format-standard","5":"has-post-thumbnail","7":"category-sport","8":"tag-handball","9":"tag-handball-vm","10":"tag-kvinnelandslaget-handball","11":"tag-no","12":"tag-norge","13":"tag-norway","14":"tag-selma-henriksen","15":"tag-sola-handball","16":"tag-sport","17":"tag-sports"},"share_on_mastodon":{"url":"https:\/\/pubeurope.com\/@no\/115622180693642773","error":""},"_links":{"self":[{"href":"https:\/\/www.europesays.com\/no\/wp-json\/wp\/v2\/posts\/98208","targetHints":{"allow":["GET"]}}],"collection":[{"href":"https:\/\/www.europesays.com\/no\/wp-json\/wp\/v2\/posts"}],"about":[{"href":"https:\/\/www.europesays.com\/no\/wp-json\/wp\/v2\/types\/post"}],"author":[{"embeddable":true,"href":"https:\/\/www.europesays.com\/no\/wp-json\/wp\/v2\/users\/2"}],"replies":[{"embeddable":true,"href":"https:\/\/www.europesays.com\/no\/wp-json\/wp\/v2\/comments?post=98208"}],"version-history":[{"count":0,"href":"https:\/\/www.europesays.com\/no\/wp-json\/wp\/v2\/posts\/98208\/revisions"}],"wp:featuredmedia":[{"embeddable":true,"href":"https:\/\/www.europesays.com\/no\/wp-json\/wp\/v2\/media\/98209"}],"wp:attachment":[{"href":"https:\/\/www.europesays.com\/no\/wp-json\/wp\/v2\/media?parent=98208"}],"wp:term":[{"taxonomy":"category","embeddable":true,"href":"https:\/\/www.europesays.com\/no\/wp-json\/wp\/v2\/categories?post=98208"},{"taxonomy":"post_tag","embeddable":true,"href":"https:\/\/www.europesays.com\/no\/wp-json\/wp\/v2\/tags?post=98208"}],"curies":[{"name":"wp","href":"https:\/\/api.w.org\/{rel}","templated":true}]}}