{"id":98230,"date":"2025-11-27T14:57:07","date_gmt":"2025-11-27T14:57:07","guid":{"rendered":"https:\/\/www.europesays.com\/no\/98230\/"},"modified":"2025-11-27T14:57:07","modified_gmt":"2025-11-27T14:57:07","slug":"ikke-i-trad-med-vare-verdier-nrk-sport-sportsnyheter-resultater-og-sendeplan","status":"publish","type":"post","link":"https:\/\/www.europesays.com\/no\/98230\/","title":{"rendered":"\u2013\u00a0Ikke i tr\u00e5d med v\u00e5re verdier \u2013 NRK Sport \u2013 Sportsnyheter, resultater og sendeplan"},"content":{"rendered":"<p>\u2013 Vi har kommunisert at s\u00e5nn skal vi ikke holde p\u00e5, sier Per Elias Kalfoss.<\/p>\n<p>Torsdag formiddag spurte NRK landslagssjefen om hans oppfatning av det Kristine Stav\u00e5s Skistad foretok seg under den nasjonale langrenns\u00e5pningen p\u00e5 Beitost\u00f8len sist helg.<\/p>\n<p><img decoding=\"async\"   src=\"data:image\/gif;base64,R0lGODlhAQABAIAAAAAAAP\/\/\/yH5BAEAAAAALAAAAAABAAEAAAIBRAA7\" loading=\"eager\" alt=\"Per Elias Kalfoss\" title=\"Foto: Anders SKjerdingstad \/ NRK\"\/><\/p>\n<p class=\"\">KLAR BESKJED: Landslagssjef Per Elias Kalfoss likte ikke Kristine Stav\u00e5s Skistads beviste fors\u00f8k p\u00e5 \u00e5 f\u00e5 gult kort.<\/p>\n<p>Foto: Anders SKjerdingstad \/ NRK<\/p>\n<p>Dommen er klar:<\/p>\n<p><strong>\u2013 Det er ikke innenfor v\u00e5re verdier, \u00e5 holde p\u00e5 med den typen aktivitet i skil\u00f8p, sier han.<\/strong><\/p>\n<p>Da NRK snakket med ham, understreket han at han selv ikke hadde snakket med Skistad, men at budskapet var kommunisert via Skistads trener Lage Sofienlund.<\/p>\n<p>\u2013 Ja du, det ble litt s\u00e5 mye greier. S\u00e5 jeg f\u00e5r pr\u00f8ve \u00e5 ikke holde p\u00e5 med s\u00e5 mye n\u00e5, sier en tilsynelatende brydd Skistad n\u00e5r NRK konfronterer henne p\u00e5 kritikken fra landslagssjefen.<\/p>\n<p>Ville ha gult kort<\/p>\n<p>For \u00e5 rekapitulere hva som skjedde:<\/p>\n<p>I sprinten p\u00e5 Beitost\u00f8len sist fredag, p\u00e5dro Skistad seg et gult kort\/skriftlig advarsel. Gult kort i langrenn betyr at et eventuelt nytt gult kort i et framtidig renn vil gi diskvalifikasjon. <\/p>\n<p>Den ulempen ville ikke Skistad ha med seg inn i helgens verdenscup\u00e5pning, og derfor ga hun umiddelbart f\u00f8lgende beskjed i et intervju med NRK:<\/p>\n<p><strong>\u2013 Jeg tror jeg m\u00e5 f\u00e5 meg et gult kort i morgen.<\/strong><\/p>\n<p>Rennleder Torbj\u00f8rn Broks Pettersen frar\u00e5det henne sterkt \u00e5 bevisst g\u00e5 for et gult kort i l\u00f8rdagens klassiske 10-kilometer. Likevel la Skistad inn flere sk\u00f8ytetak p\u00e5 oppl\u00f8pet for \u00e5 framprovosere en reaksjon fra juryen.<\/p>\n<p><strong>Det fikk hun, men ikke den reaksjonen hun h\u00e5pet. Juryen s\u00e5 nemlig et mer alvorlig regelbrudd enn noen sk\u00f8ytetak.<\/strong><\/p>\n<p>\u2013 Vi har en regel om usportslig opptreden, om \u00e5 opptre i strid med sportens \u00e5nd. S\u00e5 vi bruker ogs\u00e5 den, forklarte rennleder Pettersen.<\/p>\n<p>\u2013 Kjempedumt<\/p>\n<p>I stedet for et nytt gult kort, fikk Skistad et direkte r\u00f8dt kort. Dermed ble hun diskvalifisert i rennet \u2013 men uten \u00e5 f\u00e5 det gule kortet fra dagen f\u00f8r slettet.<\/p>\n<p><strong>Det er dette Kalfoss mener ogs\u00e5 bryter med landslagets verdier.<\/strong><\/p>\n<p>\u2013 Og Kristine la seg vel s\u00e5 vidt jeg opplever det flat selv, og sa at dette kanskje ikke var helt som det skulle v\u00e6re, p\u00e5peker han.<\/p>\n<p><img decoding=\"async\"   src=\"data:image\/gif;base64,R0lGODlhAQABAIAAAAAAAP\/\/\/yH5BAEAAAAALAAAAAABAAEAAAIBRAA7\" loading=\"eager\" alt=\"Kristine Stav\u00e5s Skstad i Rukaakke\" title=\"Foto: Anders Skjerdingstad \/ NRK\"\/><\/p>\n<p class=\"\">LEGGER SEG FLAT: Kristine Stav\u00e5s Skistad tar selvkritikk for b\u00e5de det ene og det andre etter den nasjonale sesong\u00e5pninga.<\/p>\n<p>Foto: Anders Skjerdingstad \/ NRK<\/p>\n<p><strong>Etterp\u00e5 m\u00e5tte Skistad ogs\u00e5 t\u00e5le kritikk fra Emil Iversen, Johannes H\u00f8sflot Kl\u00e6bo og Erik Valnes for at hun p\u00e5 forh\u00e5nd gjorde juryen oppmerksom p\u00e5 det lille stuntet sitt.<\/strong><\/p>\n<p>Ogs\u00e5 det tar hun n\u00e5 selvkritikk p\u00e5. <\/p>\n<p>\u2013 Jeg tenkte jo at det var kjempedumt. Men gjort er gjort, f\u00e5r ikke gjort noe med det. S\u00e5 jeg f\u00e5r bare st\u00e5 i den, sier Skistad.<\/p>\n<p>Svenskestikk og latter<\/p>\n<p>Heller ikke i Sverige var de s\u00e6rlig imponert over Skistads fors\u00f8k p\u00e5 \u00e5 f\u00e5 gult kort. <\/p>\n<p>\u2013 Hva tenker du om Skistads fors\u00f8k p\u00e5 \u00e5 f\u00e5 gult kort?<\/p>\n<p>\u2013 Jeg vet ikke &#8230; Det er ikke noe jeg kunne st\u00e5tt for. Det f\u00e5r st\u00e5 p\u00e5 hennes regning. Det gikk vel ikke s\u00e5 bra heller, sier Emma Ribom til NRK.\n<\/p>\n<p><img decoding=\"async\"   src=\"data:image\/gif;base64,R0lGODlhAQABAIAAAAAAAP\/\/\/yH5BAEAAAAALAAAAAABAAEAAAIBRAA7\" loading=\"eager\" alt=\"En langrennsl\u00f8per if\u00f8rt konkurranseutstyr st\u00e5r med ski og staver. Hun har startnummer 28 p\u00e5 brystet og n\u00e6rbilder av sponsorlogoer kan sees p\u00e5 antrekket. Omr\u00e5det rundt ser sn\u00f8dekt ut, tydeligvis fra en langrennsl\u00f8ype. L\u00f8peren har p\u00e5 seg en hodet\u00f8rkle og hansker, klare til \u00e5 konkurrere.\" title=\"Foto: JONATHAN NACKSTRAND \/ AFP \/ NTB\"\/><\/p>\n<p class=\"\">KALLER DET USPORTSLIG: Emma Ribom synes Kristine Stav\u00e5s Skistads man\u00f8ver p\u00e5 Beitost\u00f8len var usportslig.<\/p>\n<p>Foto: JONATHAN NACKSTRAND \/ AFP \/ NTB<\/p>\n<p>\u2013 Det var interessant, men utaktisk \u00e5 si det i media, sier en Frida Karlsson mens hun ler.<\/p>\n<p>\u2013 Jeg synes det var dumt \u00e5 g\u00e5 ut med det dagen f\u00f8r, da f\u00f8ltes det ut som at det ikke kom til \u00e5 bli et gult kort, men et r\u00f8dt, sier Maja Dahlqvist.<\/p>\n<p>\u2013 Kunne du gjort det samme?<\/p>\n<p>\u2013 Jeg hadde ikke g\u00e5tt ut med det dagen f\u00f8r, men jeg hadde pr\u00f8vd \u00e5 kvitte meg med det litt diskret, sier Dahlqvist.<\/p>\n<p><img decoding=\"async\"   src=\"data:image\/gif;base64,R0lGODlhAQABAIAAAAAAAP\/\/\/yH5BAEAAAAALAAAAAABAAEAAAIBRAA7\" loading=\"eager\" alt=\"en person i bl\u00e5 dress\" title=\"Foto: JONATHAN NACKSTRAND \/ AFP \/ NTB\"\/><\/p>\n<p class=\"\">M\u00c5TTE LE: Frida Karlsson lo da hun svarte om Kristine Stav\u00e5s Skistads man\u00f8ver p\u00e5 Beitost\u00f8len. Her fra medaljeseremonien under VM i Trondheim forrige sesong<\/p>\n<p>Foto: JONATHAN NACKSTRAND \/ AFP \/ NTB<\/p>\n<p>\u2013 S\u00e5 du mener juryen gjorde det riktige med \u00e5 si at det var usportslig opptreden?<\/p>\n<p>\u2013 Ja, jeg synes det blir det, sier Ribom.<\/p>\n<p>\u2013 Det g\u00e5r an \u00e5 vri og vende p\u00e5 det. Kan man bli d\u00f8mt for kampfiksing for \u00e5 f\u00e5 gult kort? Jeg vet ikke, sier Karlsson som sier at hun ikke kunne gjort det samme som Skistad.<\/p>\n<p>Alvar Myhlback likte derimot Skistads fors\u00f8k p\u00e5 gult kort.<\/p>\n<p>\u2013 Det var jo litt kult. Jeg har pr\u00f8vd \u00e5 gj\u00f8re det samme. Jeg slet litt med et gult kort i fjor, men jeg lyktes ikke like bra som henne, sier han til NRK.<\/p>\n<p>\u2013 Hun ble disket?<\/p>\n<p>\u2013 Ja, men hun klarte \u00e5 p\u00e5dra seg et gult kort i det minste. Det klarte ikke jeg. Jeg gjorde n\u00f8yaktig det samme som Skistad og sk\u00f8ytet p\u00e5 oppl\u00f8pet. Det var p\u00e5 TV og alt, men det ble kanskje for \u00e5penbart, forteller Myhlback.<\/p>\n<p><img decoding=\"async\"   src=\"data:image\/gif;base64,R0lGODlhAQABAIAAAAAAAP\/\/\/yH5BAEAAAAALAAAAAABAAEAAAIBRAA7\" loading=\"eager\" alt=\"En langrennsl\u00f8per g\u00e5r med en stor ryggsekk og ski i h\u00e5nden p\u00e5 sn\u00f8dekt terreng. L\u00f8peren er kledd i en svart og hvit drakt med nummer 57. I bakgrunnen kan en sn\u00f8scooter sees parkert. Omgivelsene er preget av vinterlandskap med sn\u00f8 og tr\u00e6r.\" title=\"Foto: Ulf Palm\/TT \/ TT \/ NTB\"\/><\/p>\n<p class=\"\">PR\u00d8VD P\u00c5 DET SAMME: Alvar Myhlback innr\u00f8mmer at han har pr\u00f8vd \u00e5 gj\u00f8re det samme som Skistad gjorde p\u00e5 Beitost\u00f8len.<\/p>\n<p>Foto: Ulf Palm\/TT \/ TT \/ NTB<\/p>\n<p>Valnes vil ha regelendring<\/p>\n<p>Samtidig mener Erik Valnes det som skjedde p\u00e5 Beitost\u00f8len b\u00f8r v\u00e6re starten p\u00e5 en helt ny diskusjon, nemlig om det er riktig at gule kort fra nasjonale renn dras med inn i verdenscupen.<\/p>\n<p><strong>\u2013 Jeg synes det burde v\u00e6rt s\u00e5nn ar verdenscup er verdenscup. At du ikke tar med deg gule kort inn. Det kan f\u00e5 un\u00f8dvendige konsekvenser, sier han til NRK.<\/strong><\/p>\n<p><img decoding=\"async\"   src=\"data:image\/gif;base64,R0lGODlhAQABAIAAAAAAAP\/\/\/yH5BAEAAAAALAAAAAABAAEAAAIBRAA7\" loading=\"eager\" alt=\"Maja Dahlqvist og Emma Ribom\" title=\"Foto: Terje Pedersen \/ NTB\"\/><\/p>\n<p class=\"\">FELLES SKJEBNE: Svenske Emma Ribom drar ogs\u00e5 med seg et gult kort fra nasjonal \u00e5pning inn i verdenscupen.<\/p>\n<p>Foto: Terje Pedersen \/ NTB<\/p>\n<p>Skistads svenske rival Emma Ribom er i samme situasjon, etter at hun fikk gult kort for en tjuvstart i den svenske \u00e5pningen i G\u00e4llivare.<\/p>\n<p>\u2013 Det er noe jeg og har diskutert og tenkt p\u00e5. Det er det samme som at gule kort henger med deg etter en rulleskisesong. S\u00e5 jeg kan v\u00e6re enig med han (Valnes), sier Ribom.<\/p>\n<p>B\u00e5de Ribom og Sveriges sprintess Jonna Sundling sier at de blir litt mer passive i starten av heatene i sprint n\u00e5r de g\u00e5r med et gult kort hengende over seg.<\/p>\n<p>Valnes nevner ogs\u00e5 et annet eksempel fra Sverige.<\/p>\n<p>\u2013 Alvar Myhlback fikk gult for \u00e5 g\u00e5 uten briller p\u00e5 et rulleskirenn. Jeg synes jo det er bedre at det rulleskirennet henger sammen med nasjonal \u00e5pning, enn at nasjonal \u00e5pning skal henge sammen med verdenscup, sier han.<\/p>\n<p>\u2013 Det hadde ikke v\u00e6rt dumt, det, fastsl\u00e5r Kristine Stav\u00e5s Skistad.<\/p>\n<p>Publisert<\/p>\n<p>27.11.2025, kl. 15.28<\/p>\n<p>Oppdatert<\/p>\n<p>27.11.2025, kl. 15.53<\/p>\n","protected":false},"excerpt":{"rendered":"\u2013 Vi har kommunisert at s\u00e5nn skal vi ikke holde p\u00e5, sier Per Elias Kalfoss. Torsdag formiddag spurte&hellip;\n","protected":false},"author":2,"featured_media":98231,"comment_status":"","ping_status":"","sticky":false,"template":"","format":"standard","meta":{"footnotes":""},"categories":[59],"tags":[30,28,29,83,82],"class_list":{"0":"post-98230","1":"post","2":"type-post","3":"status-publish","4":"format-standard","5":"has-post-thumbnail","7":"category-sport","8":"tag-no","9":"tag-norge","10":"tag-norway","11":"tag-sport","12":"tag-sports"},"share_on_mastodon":{"url":"https:\/\/pubeurope.com\/@no\/115622251495891327","error":""},"_links":{"self":[{"href":"https:\/\/www.europesays.com\/no\/wp-json\/wp\/v2\/posts\/98230","targetHints":{"allow":["GET"]}}],"collection":[{"href":"https:\/\/www.europesays.com\/no\/wp-json\/wp\/v2\/posts"}],"about":[{"href":"https:\/\/www.europesays.com\/no\/wp-json\/wp\/v2\/types\/post"}],"author":[{"embeddable":true,"href":"https:\/\/www.europesays.com\/no\/wp-json\/wp\/v2\/users\/2"}],"replies":[{"embeddable":true,"href":"https:\/\/www.europesays.com\/no\/wp-json\/wp\/v2\/comments?post=98230"}],"version-history":[{"count":0,"href":"https:\/\/www.europesays.com\/no\/wp-json\/wp\/v2\/posts\/98230\/revisions"}],"wp:featuredmedia":[{"embeddable":true,"href":"https:\/\/www.europesays.com\/no\/wp-json\/wp\/v2\/media\/98231"}],"wp:attachment":[{"href":"https:\/\/www.europesays.com\/no\/wp-json\/wp\/v2\/media?parent=98230"}],"wp:term":[{"taxonomy":"category","embeddable":true,"href":"https:\/\/www.europesays.com\/no\/wp-json\/wp\/v2\/categories?post=98230"},{"taxonomy":"post_tag","embeddable":true,"href":"https:\/\/www.europesays.com\/no\/wp-json\/wp\/v2\/tags?post=98230"}],"curies":[{"name":"wp","href":"https:\/\/api.w.org\/{rel}","templated":true}]}}